{"id":18508,"date":"2014-02-12T00:00:00","date_gmt":"2014-02-12T00:00:00","guid":{"rendered":"https:\/\/cadca1stg.wpengine.com\/2014\/02\/12\/cadca-recognizes-three-exceptional-coalition-leaders-as-its-2014-advocates-of-the-year\/"},"modified":"2014-02-12T00:00:00","modified_gmt":"2014-02-12T00:00:00","slug":"cadca-recognizes-three-exceptional-coalition-leaders-as-its-2014-advocates-of-the-year","status":"publish","type":"post","link":"https:\/\/www.cadca.org\/pt\/news-release\/cadca-recognizes-three-exceptional-coalition-leaders-as-its-2014-advocates-of-the-year\/","title":{"rendered":"CADCA reconhece tr\u00eas l\u00edderes de coaliz\u00e3o excepcionais como seus defensores do ano de 2014"},"content":{"rendered":"<p><em>Os l\u00edderes de preven\u00e7\u00e3o \u00e0s drogas de Ohio, Alasca e Illinois ser\u00e3o reconhecidos no 24\u00ba F\u00f3rum Nacional de Lideran\u00e7a da CADCA<\/em><br \/>\n\u00a0<\/p>\n<p><strong>Washington DC<\/strong> \u2013 A Coliga\u00e7\u00e3o Comunit\u00e1ria Antidrogas da Am\u00e9rica (CADCA) nomeou Karen Abernathy Murray, Deborah Williams e Bill Gentes como os seus Defensores do Ano de 2014. A CADCA, a principal organiza\u00e7\u00e3o de preven\u00e7\u00e3o do abuso de subst\u00e2ncias do pa\u00eds, que representa mais de 5.000 coaliz\u00f5es comunit\u00e1rias antidrogas em todo o pa\u00eds, entregar\u00e1 os pr\u00eamios a cada um dos homenageados na quinta-feira, 6 de fevereiro, durante seu 24\u00ba F\u00f3rum Anual de Lideran\u00e7a Nacional, que ser\u00e1 realizado de 3 a 6 de fevereiro. no Gaylord National Hotel and Convention Center em National Harbor, Maryland.<\/p>\n<p>Este pr\u00e9mio reconhece os l\u00edderes da preven\u00e7\u00e3o do abuso de subst\u00e2ncias que s\u00e3o defensores excepcionais do campo da preven\u00e7\u00e3o das drogas, forjando rela\u00e7\u00f5es e educando os seus representantes eleitos ao longo do ano sobre as principais quest\u00f5es relacionadas com o abuso de subst\u00e2ncias e ajudando a garantir que os membros do Congresso compreendem a import\u00e2ncia das coliga\u00e7\u00f5es comunit\u00e1rias.<\/p>\n<p>Murray, Diretora da Coaliz\u00e3o para Comunidades Saud\u00e1veis, Seguras e Livres de Drogas do Condado de Butler (Ohio), come\u00e7ou na constru\u00e7\u00e3o de coaliz\u00f5es como Diretora de Educa\u00e7\u00e3o em Sa\u00fade na Universidade de Miami (Oxford, Ohio) em 1997. Ela coordenou o envolvimento da Universidade de Miami no Ohio Iniciativa de presidentes de faculdade para reduzir o consumo excessivo de \u00e1lcool e ajudou a estabelecer a Coaliz\u00e3o para uma Comunidade Saud\u00e1vel na \u00e1rea de Oxford.<\/p>\n<p>Williams, Diretora Executiva da Coaliz\u00e3o de Desenvolvimento Juvenil de Anchorage (Alasca), tem participado de defesa p\u00fablica desde que se formou na Faculdade de Direito de Harvard em 1978. Atrav\u00e9s de suas experi\u00eancias anteriores como Nomeada Presidencial na Administra\u00e7\u00e3o Clinton, advogada, CEO da Alasca Lung Association e membro de muitos conselhos e comiss\u00f5es, Williams concentrou-se durante anos em pol\u00edticas p\u00fablicas, alcan\u00e7ando muitas vit\u00f3rias legislativas e regulat\u00f3rias que beneficiam a sa\u00fade p\u00fablica.<\/p>\n<p>Gentes \u00e9 o coordenador do projeto da For\u00e7a-Tarefa de Preven\u00e7\u00e3o do Consumo de Bebidas e Drogas por Menores de Lake County (Illinois), organizada pelo Departamento de Sa\u00fade do Condado de Lake. Gentes, um ex-prefeito, agora concentra grande parte de sua aten\u00e7\u00e3o no consumo de \u00e1lcool por menores, no abuso de drogas prescritas e nas quest\u00f5es de preven\u00e7\u00e3o da maconha. Ele tem sido fundamental na sensibiliza\u00e7\u00e3o sobre estas quest\u00f5es cr\u00edticas a n\u00edvel comunit\u00e1rio e junto dos decisores pol\u00edticos.<\/p>\n<p>\u201cEstes tr\u00eas l\u00edderes s\u00e3o a prova de que nenhuma ac\u00e7\u00e3o \u00e9 demasiado pequena para afectar a mudan\u00e7a a n\u00edvel local. Todos os nossos tr\u00eas Defensores do Ano contribu\u00edram imensamente para o campo da preven\u00e7\u00e3o do abuso de subst\u00e2ncias. Estamos entusiasmados por poder chamar a aten\u00e7\u00e3o para alguns de seus trabalhos e esperamos colaborar para uma redu\u00e7\u00e3o nacional do abuso e uso de subst\u00e2ncias\u201d, disse o presidente e CEO da CADCA, general Arthur T. Dean.<\/p>\n<p>O F\u00f3rum Nacional de Lideran\u00e7a do CADCA \u00e9 o maior treinamento do pa\u00eds para profissionais e pesquisadores de preven\u00e7\u00e3o e tratamento do abuso de subst\u00e2ncias, apresentando mais de 80 cursos de treinamento para ajudar l\u00edderes comunit\u00e1rios e estaduais a prevenir e reduzir o abuso de subst\u00e2ncias e seus problemas relacionados. O evento oferece aos participantes a oportunidade de aprender estrat\u00e9gias eficazes para resolver os problemas de abuso de subst\u00e2ncias e viol\u00eancia nas suas comunidades e de ouvir os principais especialistas do pa\u00eds em preven\u00e7\u00e3o, tratamento e recupera\u00e7\u00e3o de drogas.<\/p>\n<p>Para obter mais informa\u00e7\u00f5es sobre o 24\u00ba F\u00f3rum Nacional de Lideran\u00e7a do CADCA, visite <a href=\"https:\/\/forum.cadca.org\/\" target=\"_blank\" rel=\"noopener\">https:\/\/forum.cadca.org\/<\/a>.<\/p>\n<p>Membros da m\u00eddia interessados em credenciais de imprensa para o F\u00f3rum Nacional de Lideran\u00e7a devem entrar em contato com Natalia Martinez Duncan pelo telefone (202) 344-5464 ou por e-mail em <a href=\"mailto:nmartinez@cadca.org\">nmartinez@cadca.org<\/a>.<\/p>","protected":false},"excerpt":{"rendered":"<p>The drug prevention leaders from Ohio, Alaska and Illinois will be recognized at CADCA\u2019s 24th National Leadership Forum \u00a0 Washington,<\/p>","protected":false},"author":23,"featured_media":1597,"comment_status":"closed","ping_status":"closed","sticky":false,"template":"","format":"standard","meta":{"_acf_changed":false,"inline_featured_image":false,"footnotes":""},"categories":[230],"tags":[],"class_list":["post-18508","post","type-post","status-publish","format-standard","has-post-thumbnail","hentry","category-news-release"],"acf":[],"yoast_head":"<!-- This site is optimized with the Yoast SEO plugin v27.4 - https:\/\/yoast.com\/product\/yoast-seo-wordpress\/ -->\n<title>CADCA Recognizes Three Exceptional Coalition Leaders as its 2014 Advocates of the Year | CADCA<\/title>\n<meta name=\"description\" content=\"CADCA represents over 5,000 community coalitions that involve individuals from key sectors including schools, law enforcement, youth, parents, healthcare, media, tribal communities and others\" \/>\n<meta name=\"robots\" content=\"index, follow, max-snippet:-1, max-image-preview:large, max-video-preview:-1\" \/>\n<link rel=\"canonical\" href=\"https:\/\/www.cadca.org\/pt\/news-release\/cadca-recognizes-three-exceptional-coalition-leaders-as-its-2014-advocates-of-the-year\/\" \/>\n<meta property=\"og:locale\" content=\"pt_PT\" \/>\n<meta property=\"og:type\" content=\"article\" \/>\n<meta property=\"og:title\" content=\"CADCA Recognizes Three Exceptional Coalition Leaders as its 2014 Advocates of the Year | CADCA\" \/>\n<meta property=\"og:description\" content=\"CADCA represents over 5,000 community coalitions that involve individuals from key sectors including schools, law enforcement, youth, parents, healthcare, media, tribal communities and others\" \/>\n<meta property=\"og:url\" content=\"https:\/\/www.cadca.org\/pt\/news-release\/cadca-recognizes-three-exceptional-coalition-leaders-as-its-2014-advocates-of-the-year\/\" \/>\n<meta property=\"og:site_name\" content=\"CADCA\" \/>\n<meta property=\"article:published_time\" content=\"2014-02-12T00:00:00+00:00\" \/>\n<meta property=\"og:image\" content=\"https:\/\/www.cadca.org\/wp-content\/uploads\/2022\/03\/cadca-member-of-logo1.jpg\" \/>\n\t<meta property=\"og:image:width\" content=\"880\" \/>\n\t<meta property=\"og:image:height\" content=\"500\" \/>\n\t<meta property=\"og:image:type\" content=\"image\/jpeg\" \/>\n<meta name=\"author\" content=\"Marianne Varkiani\" \/>\n<meta name=\"twitter:card\" content=\"summary_large_image\" \/>\n<meta name=\"twitter:label1\" content=\"Escrito por\" \/>\n\t<meta name=\"twitter:data1\" content=\"Marianne Varkiani\" \/>\n\t<meta name=\"twitter:label2\" content=\"Tempo estimado de leitura\" \/>\n\t<meta name=\"twitter:data2\" content=\"3 minutos\" \/>\n<script type=\"application\/ld+json\" class=\"yoast-schema-graph\">{\"@context\":\"https:\\\/\\\/schema.org\",\"@graph\":[{\"@type\":\"Article\",\"@id\":\"https:\\\/\\\/www.cadca.org\\\/news-release\\\/cadca-recognizes-three-exceptional-coalition-leaders-as-its-2014-advocates-of-the-year\\\/#article\",\"isPartOf\":{\"@id\":\"https:\\\/\\\/www.cadca.org\\\/news-release\\\/cadca-recognizes-three-exceptional-coalition-leaders-as-its-2014-advocates-of-the-year\\\/\"},\"author\":{\"name\":\"Marianne Varkiani\",\"@id\":\"https:\\\/\\\/www.cadca.org\\\/#\\\/schema\\\/person\\\/8e6cb67aa13c20300a849b431c929dd2\"},\"headline\":\"CADCA Recognizes Three Exceptional Coalition Leaders as its 2014 Advocates of the Year\",\"datePublished\":\"2014-02-12T00:00:00+00:00\",\"mainEntityOfPage\":{\"@id\":\"https:\\\/\\\/www.cadca.org\\\/news-release\\\/cadca-recognizes-three-exceptional-coalition-leaders-as-its-2014-advocates-of-the-year\\\/\"},\"wordCount\":532,\"image\":{\"@id\":\"https:\\\/\\\/www.cadca.org\\\/news-release\\\/cadca-recognizes-three-exceptional-coalition-leaders-as-its-2014-advocates-of-the-year\\\/#primaryimage\"},\"thumbnailUrl\":\"https:\\\/\\\/www.cadca.org\\\/wp-content\\\/uploads\\\/2022\\\/03\\\/cadca-member-of-logo1.jpg\",\"articleSection\":[\"News\"],\"inLanguage\":\"pt-PT\"},{\"@type\":\"WebPage\",\"@id\":\"https:\\\/\\\/www.cadca.org\\\/news-release\\\/cadca-recognizes-three-exceptional-coalition-leaders-as-its-2014-advocates-of-the-year\\\/\",\"url\":\"https:\\\/\\\/www.cadca.org\\\/news-release\\\/cadca-recognizes-three-exceptional-coalition-leaders-as-its-2014-advocates-of-the-year\\\/\",\"name\":\"CADCA Recognizes Three Exceptional Coalition Leaders as its 2014 Advocates of the Year | CADCA\",\"isPartOf\":{\"@id\":\"https:\\\/\\\/www.cadca.org\\\/#website\"},\"primaryImageOfPage\":{\"@id\":\"https:\\\/\\\/www.cadca.org\\\/news-release\\\/cadca-recognizes-three-exceptional-coalition-leaders-as-its-2014-advocates-of-the-year\\\/#primaryimage\"},\"image\":{\"@id\":\"https:\\\/\\\/www.cadca.org\\\/news-release\\\/cadca-recognizes-three-exceptional-coalition-leaders-as-its-2014-advocates-of-the-year\\\/#primaryimage\"},\"thumbnailUrl\":\"https:\\\/\\\/www.cadca.org\\\/wp-content\\\/uploads\\\/2022\\\/03\\\/cadca-member-of-logo1.jpg\",\"datePublished\":\"2014-02-12T00:00:00+00:00\",\"author\":{\"@id\":\"https:\\\/\\\/www.cadca.org\\\/#\\\/schema\\\/person\\\/8e6cb67aa13c20300a849b431c929dd2\"},\"description\":\"CADCA represents over 5,000 community coalitions that involve individuals from key sectors including schools, law enforcement, youth, parents, healthcare, media, tribal communities and others\",\"breadcrumb\":{\"@id\":\"https:\\\/\\\/www.cadca.org\\\/news-release\\\/cadca-recognizes-three-exceptional-coalition-leaders-as-its-2014-advocates-of-the-year\\\/#breadcrumb\"},\"inLanguage\":\"pt-PT\",\"potentialAction\":[{\"@type\":\"ReadAction\",\"target\":[\"https:\\\/\\\/www.cadca.org\\\/news-release\\\/cadca-recognizes-three-exceptional-coalition-leaders-as-its-2014-advocates-of-the-year\\\/\"]}]},{\"@type\":\"ImageObject\",\"inLanguage\":\"pt-PT\",\"@id\":\"https:\\\/\\\/www.cadca.org\\\/news-release\\\/cadca-recognizes-three-exceptional-coalition-leaders-as-its-2014-advocates-of-the-year\\\/#primaryimage\",\"url\":\"https:\\\/\\\/www.cadca.org\\\/wp-content\\\/uploads\\\/2022\\\/03\\\/cadca-member-of-logo1.jpg\",\"contentUrl\":\"https:\\\/\\\/www.cadca.org\\\/wp-content\\\/uploads\\\/2022\\\/03\\\/cadca-member-of-logo1.jpg\",\"width\":880,\"height\":500},{\"@type\":\"BreadcrumbList\",\"@id\":\"https:\\\/\\\/www.cadca.org\\\/news-release\\\/cadca-recognizes-three-exceptional-coalition-leaders-as-its-2014-advocates-of-the-year\\\/#breadcrumb\",\"itemListElement\":[{\"@type\":\"ListItem\",\"position\":1,\"name\":\"Home\",\"item\":\"https:\\\/\\\/www.cadca.org\\\/\"},{\"@type\":\"ListItem\",\"position\":2,\"name\":\"CADCA Recognizes Three Exceptional Coalition Leaders as its 2014 Advocates of the Year\"}]},{\"@type\":\"WebSite\",\"@id\":\"https:\\\/\\\/www.cadca.org\\\/#website\",\"url\":\"https:\\\/\\\/www.cadca.org\\\/\",\"name\":\"CADCA\",\"description\":\"The Premier Prevention Association\",\"potentialAction\":[{\"@type\":\"SearchAction\",\"target\":{\"@type\":\"EntryPoint\",\"urlTemplate\":\"https:\\\/\\\/www.cadca.org\\\/?s={search_term_string}\"},\"query-input\":{\"@type\":\"PropertyValueSpecification\",\"valueRequired\":true,\"valueName\":\"search_term_string\"}}],\"inLanguage\":\"pt-PT\"},{\"@type\":\"Person\",\"@id\":\"https:\\\/\\\/www.cadca.org\\\/#\\\/schema\\\/person\\\/8e6cb67aa13c20300a849b431c929dd2\",\"name\":\"Marianne Varkiani\"}]}<\/script>\n<!-- \/ Yoast SEO plugin. -->","yoast_head_json":{"title":"CADCA Recognizes Three Exceptional Coalition Leaders as its 2014 Advocates of the Year | CADCA","description":"CADCA represents over 5,000 community coalitions that involve individuals from key sectors including schools, law enforcement, youth, parents, healthcare, media, tribal communities and others","robots":{"index":"index","follow":"follow","max-snippet":"max-snippet:-1","max-image-preview":"max-image-preview:large","max-video-preview":"max-video-preview:-1"},"canonical":"https:\/\/www.cadca.org\/pt\/news-release\/cadca-recognizes-three-exceptional-coalition-leaders-as-its-2014-advocates-of-the-year\/","og_locale":"pt_PT","og_type":"article","og_title":"CADCA Recognizes Three Exceptional Coalition Leaders as its 2014 Advocates of the Year | CADCA","og_description":"CADCA represents over 5,000 community coalitions that involve individuals from key sectors including schools, law enforcement, youth, parents, healthcare, media, tribal communities and others","og_url":"https:\/\/www.cadca.org\/pt\/news-release\/cadca-recognizes-three-exceptional-coalition-leaders-as-its-2014-advocates-of-the-year\/","og_site_name":"CADCA","article_published_time":"2014-02-12T00:00:00+00:00","og_image":[{"width":880,"height":500,"url":"https:\/\/www.cadca.org\/wp-content\/uploads\/2022\/03\/cadca-member-of-logo1.jpg","type":"image\/jpeg"}],"author":"Marianne Varkiani","twitter_card":"summary_large_image","twitter_misc":{"Escrito por":"Marianne Varkiani","Tempo estimado de leitura":"3 minutos"},"schema":{"@context":"https:\/\/schema.org","@graph":[{"@type":"Article","@id":"https:\/\/www.cadca.org\/news-release\/cadca-recognizes-three-exceptional-coalition-leaders-as-its-2014-advocates-of-the-year\/#article","isPartOf":{"@id":"https:\/\/www.cadca.org\/news-release\/cadca-recognizes-three-exceptional-coalition-leaders-as-its-2014-advocates-of-the-year\/"},"author":{"name":"Marianne Varkiani","@id":"https:\/\/www.cadca.org\/#\/schema\/person\/8e6cb67aa13c20300a849b431c929dd2"},"headline":"CADCA Recognizes Three Exceptional Coalition Leaders as its 2014 Advocates of the Year","datePublished":"2014-02-12T00:00:00+00:00","mainEntityOfPage":{"@id":"https:\/\/www.cadca.org\/news-release\/cadca-recognizes-three-exceptional-coalition-leaders-as-its-2014-advocates-of-the-year\/"},"wordCount":532,"image":{"@id":"https:\/\/www.cadca.org\/news-release\/cadca-recognizes-three-exceptional-coalition-leaders-as-its-2014-advocates-of-the-year\/#primaryimage"},"thumbnailUrl":"https:\/\/www.cadca.org\/wp-content\/uploads\/2022\/03\/cadca-member-of-logo1.jpg","articleSection":["News"],"inLanguage":"pt-PT"},{"@type":"WebPage","@id":"https:\/\/www.cadca.org\/news-release\/cadca-recognizes-three-exceptional-coalition-leaders-as-its-2014-advocates-of-the-year\/","url":"https:\/\/www.cadca.org\/news-release\/cadca-recognizes-three-exceptional-coalition-leaders-as-its-2014-advocates-of-the-year\/","name":"CADCA Recognizes Three Exceptional Coalition Leaders as its 2014 Advocates of the Year | CADCA","isPartOf":{"@id":"https:\/\/www.cadca.org\/#website"},"primaryImageOfPage":{"@id":"https:\/\/www.cadca.org\/news-release\/cadca-recognizes-three-exceptional-coalition-leaders-as-its-2014-advocates-of-the-year\/#primaryimage"},"image":{"@id":"https:\/\/www.cadca.org\/news-release\/cadca-recognizes-three-exceptional-coalition-leaders-as-its-2014-advocates-of-the-year\/#primaryimage"},"thumbnailUrl":"https:\/\/www.cadca.org\/wp-content\/uploads\/2022\/03\/cadca-member-of-logo1.jpg","datePublished":"2014-02-12T00:00:00+00:00","author":{"@id":"https:\/\/www.cadca.org\/#\/schema\/person\/8e6cb67aa13c20300a849b431c929dd2"},"description":"CADCA represents over 5,000 community coalitions that involve individuals from key sectors including schools, law enforcement, youth, parents, healthcare, media, tribal communities and others","breadcrumb":{"@id":"https:\/\/www.cadca.org\/news-release\/cadca-recognizes-three-exceptional-coalition-leaders-as-its-2014-advocates-of-the-year\/#breadcrumb"},"inLanguage":"pt-PT","potentialAction":[{"@type":"ReadAction","target":["https:\/\/www.cadca.org\/news-release\/cadca-recognizes-three-exceptional-coalition-leaders-as-its-2014-advocates-of-the-year\/"]}]},{"@type":"ImageObject","inLanguage":"pt-PT","@id":"https:\/\/www.cadca.org\/news-release\/cadca-recognizes-three-exceptional-coalition-leaders-as-its-2014-advocates-of-the-year\/#primaryimage","url":"https:\/\/www.cadca.org\/wp-content\/uploads\/2022\/03\/cadca-member-of-logo1.jpg","contentUrl":"https:\/\/www.cadca.org\/wp-content\/uploads\/2022\/03\/cadca-member-of-logo1.jpg","width":880,"height":500},{"@type":"BreadcrumbList","@id":"https:\/\/www.cadca.org\/news-release\/cadca-recognizes-three-exceptional-coalition-leaders-as-its-2014-advocates-of-the-year\/#breadcrumb","itemListElement":[{"@type":"ListItem","position":1,"name":"Home","item":"https:\/\/www.cadca.org\/"},{"@type":"ListItem","position":2,"name":"CADCA Recognizes Three Exceptional Coalition Leaders as its 2014 Advocates of the Year"}]},{"@type":"WebSite","@id":"https:\/\/www.cadca.org\/#website","url":"https:\/\/www.cadca.org\/","name":"CADCA","description":"The Premier Prevention Association","potentialAction":[{"@type":"SearchAction","target":{"@type":"EntryPoint","urlTemplate":"https:\/\/www.cadca.org\/?s={search_term_string}"},"query-input":{"@type":"PropertyValueSpecification","valueRequired":true,"valueName":"search_term_string"}}],"inLanguage":"pt-PT"},{"@type":"Person","@id":"https:\/\/www.cadca.org\/#\/schema\/person\/8e6cb67aa13c20300a849b431c929dd2","name":"Marianne Varkiani"}]}},"_links":{"self":[{"href":"https:\/\/www.cadca.org\/pt\/wp-json\/wp\/v2\/posts\/18508","targetHints":{"allow":["GET"]}}],"collection":[{"href":"https:\/\/www.cadca.org\/pt\/wp-json\/wp\/v2\/posts"}],"about":[{"href":"https:\/\/www.cadca.org\/pt\/wp-json\/wp\/v2\/types\/post"}],"author":[{"embeddable":true,"href":"https:\/\/www.cadca.org\/pt\/wp-json\/wp\/v2\/users\/23"}],"replies":[{"embeddable":true,"href":"https:\/\/www.cadca.org\/pt\/wp-json\/wp\/v2\/comments?post=18508"}],"version-history":[{"count":0,"href":"https:\/\/www.cadca.org\/pt\/wp-json\/wp\/v2\/posts\/18508\/revisions"}],"wp:featuredmedia":[{"embeddable":true,"href":"https:\/\/www.cadca.org\/pt\/wp-json\/wp\/v2\/media\/1597"}],"wp:attachment":[{"href":"https:\/\/www.cadca.org\/pt\/wp-json\/wp\/v2\/media?parent=18508"}],"wp:term":[{"taxonomy":"category","embeddable":true,"href":"https:\/\/www.cadca.org\/pt\/wp-json\/wp\/v2\/categories?post=18508"},{"taxonomy":"post_tag","embeddable":true,"href":"https:\/\/www.cadca.org\/pt\/wp-json\/wp\/v2\/tags?post=18508"}],"curies":[{"name":"wp","href":"https:\/\/api.w.org\/{rel}","templated":true}]}}