{"id":18505,"date":"2014-02-12T00:00:00","date_gmt":"2014-02-12T00:00:00","guid":{"rendered":"https:\/\/cadca1stg.wpengine.com\/2014\/02\/12\/grammy-nominated-rb-singer-mario-to-speak-at-cadcas-national-leadership-forum\/"},"modified":"2014-02-12T00:00:00","modified_gmt":"2014-02-12T00:00:00","slug":"grammy-nominated-rb-singer-mario-to-speak-at-cadcas-national-leadership-forum","status":"publish","type":"post","link":"https:\/\/www.cadca.org\/pt\/news-release\/grammy-nominated-rb-singer-mario-to-speak-at-cadcas-national-leadership-forum\/","title":{"rendered":"Cantor de R&amp;B indicado ao Grammy, Mario, falar\u00e1 no F\u00f3rum Nacional de Lideran\u00e7a do CADCA"},"content":{"rendered":"<p><em>O nativo de Baltimore e fundador da Mario Do Right Foundation anunciar\u00e1 uma nova parceria com o CADCA para abordar o uso de drogas nos campi universit\u00e1rios.<\/em><\/p>\n<p class=\"rteleft\"><strong>O QUE:\u00a0<\/strong>\u00a0\u00a0 O cantor e compositor de R&amp;B indicado ao Grammy, Mario, se dirigir\u00e1 a 250 jovens em<br \/>\n24\u00ba F\u00f3rum de Lideran\u00e7a Nacional do CADCA na quarta-feira, 5 de fevereiro, em National Harbor, Maryland. O F\u00f3rum de Lideran\u00e7a Nacional do CADCA \u00e9 o maior treinamento do pa\u00eds para profissionais e pesquisadores de preven\u00e7\u00e3o e tratamento de abuso de subst\u00e2ncias, reunindo mais de 2.500 l\u00edderes comunit\u00e1rios de todo o pa\u00eds para aprender estrat\u00e9gias eficazes para resolver os problemas relacionados com a droga nas suas comunidades. Mario, que tamb\u00e9m \u00e9 fundador da Funda\u00e7\u00e3o Mario Do Right, anunciar\u00e1 uma nova parceria com a CADCA para prevenir e reduzir o uso de drogas nos campi universit\u00e1rios.\u00a0\u00a0<\/p>\n<p><strong>QUEM:\u00a0<\/strong>\u00a0\u00a0 Mario, cantor e compositor indicado ao Grammy e fundador da Mario Do Right Foundation, uma organiza\u00e7\u00e3o sem fins lucrativos de desenvolvimento juvenil com \u00eanfase na preven\u00e7\u00e3o do abuso de subst\u00e2ncias.\u00a0<\/p>\n<p><strong>QUANDO:\u00a0\u00a0<\/strong>\u00a0 Quarta-feira, 5 de fevereiro, 20h<\/p>\n<p><strong>ONDE:\u00a0<\/strong>\u00a0\u00a0 Gaylord National Hotel e Centro de Conven\u00e7\u00f5es, Porto Nacional 3<br \/>\nRua Beira-mar, 201.<br \/>\nPorto Nacional, MD 20745<\/p>\n<p><em><strong>OS REP\u00d3RTERES INTERESSADOS EM COBRIR ESTA OU QUALQUER PARTE DO F\u00d3RUM DE LIDERAN\u00c7A NACIONAL DO CADCA DEVEM LIGAR PARA (202) 344-5464 OU E-MAIL <a href=\"mailto:NMARTINEZ@CADCA.ORG\">NMARTINEZ@CADCA.ORG<\/a>.<\/strong><\/em><\/p>","protected":false},"excerpt":{"rendered":"<p>O nativo de Baltimore e fundador da Mario Do Right Foundation anunciar\u00e1 uma nova parceria com o CADCA para abordar<\/p>","protected":false},"author":23,"featured_media":1597,"comment_status":"closed","ping_status":"closed","sticky":false,"template":"","format":"standard","meta":{"_acf_changed":false,"inline_featured_image":false,"footnotes":""},"categories":[230],"tags":[],"class_list":["post-18505","post","type-post","status-publish","format-standard","has-post-thumbnail","hentry","category-news-release"],"acf":[],"yoast_head":"<!-- This site is optimized with the Yoast SEO plugin v27.4 - https:\/\/yoast.com\/product\/yoast-seo-wordpress\/ -->\n<title>Grammy Nominated R&amp;B Singer Mario to Speak at CADCA&#039;s National Leadership Forum | CADCA<\/title>\n<meta name=\"description\" content=\"CADCA represents over 5,000 community coalitions that involve individuals from key sectors including schools, law enforcement, youth, parents, healthcare, media, tribal communities and others\" \/>\n<meta name=\"robots\" content=\"index, follow, max-snippet:-1, max-image-preview:large, max-video-preview:-1\" \/>\n<link rel=\"canonical\" href=\"https:\/\/www.cadca.org\/pt\/news-release\/grammy-nominated-rb-singer-mario-to-speak-at-cadcas-national-leadership-forum\/\" \/>\n<meta property=\"og:locale\" content=\"pt_PT\" \/>\n<meta property=\"og:type\" content=\"article\" \/>\n<meta property=\"og:title\" content=\"Grammy Nominated R&amp;B Singer Mario to Speak at CADCA&#039;s National Leadership Forum | CADCA\" \/>\n<meta property=\"og:description\" content=\"CADCA represents over 5,000 community coalitions that involve individuals from key sectors including schools, law enforcement, youth, parents, healthcare, media, tribal communities and others\" \/>\n<meta property=\"og:url\" content=\"https:\/\/www.cadca.org\/pt\/news-release\/grammy-nominated-rb-singer-mario-to-speak-at-cadcas-national-leadership-forum\/\" \/>\n<meta property=\"og:site_name\" content=\"CADCA\" \/>\n<meta property=\"article:published_time\" content=\"2014-02-12T00:00:00+00:00\" \/>\n<meta property=\"og:image\" content=\"https:\/\/www.cadca.org\/wp-content\/uploads\/2022\/03\/cadca-member-of-logo1.jpg\" \/>\n\t<meta property=\"og:image:width\" content=\"880\" \/>\n\t<meta property=\"og:image:height\" content=\"500\" \/>\n\t<meta property=\"og:image:type\" content=\"image\/jpeg\" \/>\n<meta name=\"author\" content=\"Marianne Varkiani\" \/>\n<meta name=\"twitter:card\" content=\"summary_large_image\" \/>\n<meta name=\"twitter:label1\" content=\"Escrito por\" \/>\n\t<meta name=\"twitter:data1\" content=\"Marianne Varkiani\" \/>\n\t<meta name=\"twitter:label2\" content=\"Tempo estimado de leitura\" \/>\n\t<meta name=\"twitter:data2\" content=\"1 minuto\" \/>\n<script type=\"application\/ld+json\" class=\"yoast-schema-graph\">{\"@context\":\"https:\\\/\\\/schema.org\",\"@graph\":[{\"@type\":\"Article\",\"@id\":\"https:\\\/\\\/www.cadca.org\\\/news-release\\\/grammy-nominated-rb-singer-mario-to-speak-at-cadcas-national-leadership-forum\\\/#article\",\"isPartOf\":{\"@id\":\"https:\\\/\\\/www.cadca.org\\\/news-release\\\/grammy-nominated-rb-singer-mario-to-speak-at-cadcas-national-leadership-forum\\\/\"},\"author\":{\"name\":\"Marianne Varkiani\",\"@id\":\"https:\\\/\\\/www.cadca.org\\\/#\\\/schema\\\/person\\\/8e6cb67aa13c20300a849b431c929dd2\"},\"headline\":\"Grammy Nominated R&#038;B Singer Mario to Speak at CADCA&#8217;s National Leadership Forum\",\"datePublished\":\"2014-02-12T00:00:00+00:00\",\"mainEntityOfPage\":{\"@id\":\"https:\\\/\\\/www.cadca.org\\\/news-release\\\/grammy-nominated-rb-singer-mario-to-speak-at-cadcas-national-leadership-forum\\\/\"},\"wordCount\":200,\"image\":{\"@id\":\"https:\\\/\\\/www.cadca.org\\\/news-release\\\/grammy-nominated-rb-singer-mario-to-speak-at-cadcas-national-leadership-forum\\\/#primaryimage\"},\"thumbnailUrl\":\"https:\\\/\\\/www.cadca.org\\\/wp-content\\\/uploads\\\/2022\\\/03\\\/cadca-member-of-logo1.jpg\",\"articleSection\":[\"News\"],\"inLanguage\":\"pt-PT\"},{\"@type\":\"WebPage\",\"@id\":\"https:\\\/\\\/www.cadca.org\\\/news-release\\\/grammy-nominated-rb-singer-mario-to-speak-at-cadcas-national-leadership-forum\\\/\",\"url\":\"https:\\\/\\\/www.cadca.org\\\/news-release\\\/grammy-nominated-rb-singer-mario-to-speak-at-cadcas-national-leadership-forum\\\/\",\"name\":\"Grammy Nominated R&B Singer Mario to Speak at CADCA's National Leadership Forum | CADCA\",\"isPartOf\":{\"@id\":\"https:\\\/\\\/www.cadca.org\\\/#website\"},\"primaryImageOfPage\":{\"@id\":\"https:\\\/\\\/www.cadca.org\\\/news-release\\\/grammy-nominated-rb-singer-mario-to-speak-at-cadcas-national-leadership-forum\\\/#primaryimage\"},\"image\":{\"@id\":\"https:\\\/\\\/www.cadca.org\\\/news-release\\\/grammy-nominated-rb-singer-mario-to-speak-at-cadcas-national-leadership-forum\\\/#primaryimage\"},\"thumbnailUrl\":\"https:\\\/\\\/www.cadca.org\\\/wp-content\\\/uploads\\\/2022\\\/03\\\/cadca-member-of-logo1.jpg\",\"datePublished\":\"2014-02-12T00:00:00+00:00\",\"author\":{\"@id\":\"https:\\\/\\\/www.cadca.org\\\/#\\\/schema\\\/person\\\/8e6cb67aa13c20300a849b431c929dd2\"},\"description\":\"CADCA represents over 5,000 community coalitions that involve individuals from key sectors including schools, law enforcement, youth, parents, healthcare, media, tribal communities and others\",\"breadcrumb\":{\"@id\":\"https:\\\/\\\/www.cadca.org\\\/news-release\\\/grammy-nominated-rb-singer-mario-to-speak-at-cadcas-national-leadership-forum\\\/#breadcrumb\"},\"inLanguage\":\"pt-PT\",\"potentialAction\":[{\"@type\":\"ReadAction\",\"target\":[\"https:\\\/\\\/www.cadca.org\\\/news-release\\\/grammy-nominated-rb-singer-mario-to-speak-at-cadcas-national-leadership-forum\\\/\"]}]},{\"@type\":\"ImageObject\",\"inLanguage\":\"pt-PT\",\"@id\":\"https:\\\/\\\/www.cadca.org\\\/news-release\\\/grammy-nominated-rb-singer-mario-to-speak-at-cadcas-national-leadership-forum\\\/#primaryimage\",\"url\":\"https:\\\/\\\/www.cadca.org\\\/wp-content\\\/uploads\\\/2022\\\/03\\\/cadca-member-of-logo1.jpg\",\"contentUrl\":\"https:\\\/\\\/www.cadca.org\\\/wp-content\\\/uploads\\\/2022\\\/03\\\/cadca-member-of-logo1.jpg\",\"width\":880,\"height\":500},{\"@type\":\"BreadcrumbList\",\"@id\":\"https:\\\/\\\/www.cadca.org\\\/news-release\\\/grammy-nominated-rb-singer-mario-to-speak-at-cadcas-national-leadership-forum\\\/#breadcrumb\",\"itemListElement\":[{\"@type\":\"ListItem\",\"position\":1,\"name\":\"Home\",\"item\":\"https:\\\/\\\/www.cadca.org\\\/\"},{\"@type\":\"ListItem\",\"position\":2,\"name\":\"Grammy Nominated R&#038;B Singer Mario to Speak at CADCA&#8217;s National Leadership Forum\"}]},{\"@type\":\"WebSite\",\"@id\":\"https:\\\/\\\/www.cadca.org\\\/#website\",\"url\":\"https:\\\/\\\/www.cadca.org\\\/\",\"name\":\"CADCA\",\"description\":\"The Premier Prevention Association\",\"potentialAction\":[{\"@type\":\"SearchAction\",\"target\":{\"@type\":\"EntryPoint\",\"urlTemplate\":\"https:\\\/\\\/www.cadca.org\\\/?s={search_term_string}\"},\"query-input\":{\"@type\":\"PropertyValueSpecification\",\"valueRequired\":true,\"valueName\":\"search_term_string\"}}],\"inLanguage\":\"pt-PT\"},{\"@type\":\"Person\",\"@id\":\"https:\\\/\\\/www.cadca.org\\\/#\\\/schema\\\/person\\\/8e6cb67aa13c20300a849b431c929dd2\",\"name\":\"Marianne Varkiani\"}]}<\/script>\n<!-- \/ Yoast SEO plugin. -->","yoast_head_json":{"title":"Grammy Nominated R&B Singer Mario to Speak at CADCA's National Leadership Forum | CADCA","description":"CADCA represents over 5,000 community coalitions that involve individuals from key sectors including schools, law enforcement, youth, parents, healthcare, media, tribal communities and others","robots":{"index":"index","follow":"follow","max-snippet":"max-snippet:-1","max-image-preview":"max-image-preview:large","max-video-preview":"max-video-preview:-1"},"canonical":"https:\/\/www.cadca.org\/pt\/news-release\/grammy-nominated-rb-singer-mario-to-speak-at-cadcas-national-leadership-forum\/","og_locale":"pt_PT","og_type":"article","og_title":"Grammy Nominated R&B Singer Mario to Speak at CADCA's National Leadership Forum | CADCA","og_description":"CADCA represents over 5,000 community coalitions that involve individuals from key sectors including schools, law enforcement, youth, parents, healthcare, media, tribal communities and others","og_url":"https:\/\/www.cadca.org\/pt\/news-release\/grammy-nominated-rb-singer-mario-to-speak-at-cadcas-national-leadership-forum\/","og_site_name":"CADCA","article_published_time":"2014-02-12T00:00:00+00:00","og_image":[{"width":880,"height":500,"url":"https:\/\/www.cadca.org\/wp-content\/uploads\/2022\/03\/cadca-member-of-logo1.jpg","type":"image\/jpeg"}],"author":"Marianne Varkiani","twitter_card":"summary_large_image","twitter_misc":{"Escrito por":"Marianne Varkiani","Tempo estimado de leitura":"1 minuto"},"schema":{"@context":"https:\/\/schema.org","@graph":[{"@type":"Article","@id":"https:\/\/www.cadca.org\/news-release\/grammy-nominated-rb-singer-mario-to-speak-at-cadcas-national-leadership-forum\/#article","isPartOf":{"@id":"https:\/\/www.cadca.org\/news-release\/grammy-nominated-rb-singer-mario-to-speak-at-cadcas-national-leadership-forum\/"},"author":{"name":"Marianne Varkiani","@id":"https:\/\/www.cadca.org\/#\/schema\/person\/8e6cb67aa13c20300a849b431c929dd2"},"headline":"Grammy Nominated R&#038;B Singer Mario to Speak at CADCA&#8217;s National Leadership Forum","datePublished":"2014-02-12T00:00:00+00:00","mainEntityOfPage":{"@id":"https:\/\/www.cadca.org\/news-release\/grammy-nominated-rb-singer-mario-to-speak-at-cadcas-national-leadership-forum\/"},"wordCount":200,"image":{"@id":"https:\/\/www.cadca.org\/news-release\/grammy-nominated-rb-singer-mario-to-speak-at-cadcas-national-leadership-forum\/#primaryimage"},"thumbnailUrl":"https:\/\/www.cadca.org\/wp-content\/uploads\/2022\/03\/cadca-member-of-logo1.jpg","articleSection":["News"],"inLanguage":"pt-PT"},{"@type":"WebPage","@id":"https:\/\/www.cadca.org\/news-release\/grammy-nominated-rb-singer-mario-to-speak-at-cadcas-national-leadership-forum\/","url":"https:\/\/www.cadca.org\/news-release\/grammy-nominated-rb-singer-mario-to-speak-at-cadcas-national-leadership-forum\/","name":"Grammy Nominated R&B Singer Mario to Speak at CADCA's National Leadership Forum | CADCA","isPartOf":{"@id":"https:\/\/www.cadca.org\/#website"},"primaryImageOfPage":{"@id":"https:\/\/www.cadca.org\/news-release\/grammy-nominated-rb-singer-mario-to-speak-at-cadcas-national-leadership-forum\/#primaryimage"},"image":{"@id":"https:\/\/www.cadca.org\/news-release\/grammy-nominated-rb-singer-mario-to-speak-at-cadcas-national-leadership-forum\/#primaryimage"},"thumbnailUrl":"https:\/\/www.cadca.org\/wp-content\/uploads\/2022\/03\/cadca-member-of-logo1.jpg","datePublished":"2014-02-12T00:00:00+00:00","author":{"@id":"https:\/\/www.cadca.org\/#\/schema\/person\/8e6cb67aa13c20300a849b431c929dd2"},"description":"CADCA represents over 5,000 community coalitions that involve individuals from key sectors including schools, law enforcement, youth, parents, healthcare, media, tribal communities and others","breadcrumb":{"@id":"https:\/\/www.cadca.org\/news-release\/grammy-nominated-rb-singer-mario-to-speak-at-cadcas-national-leadership-forum\/#breadcrumb"},"inLanguage":"pt-PT","potentialAction":[{"@type":"ReadAction","target":["https:\/\/www.cadca.org\/news-release\/grammy-nominated-rb-singer-mario-to-speak-at-cadcas-national-leadership-forum\/"]}]},{"@type":"ImageObject","inLanguage":"pt-PT","@id":"https:\/\/www.cadca.org\/news-release\/grammy-nominated-rb-singer-mario-to-speak-at-cadcas-national-leadership-forum\/#primaryimage","url":"https:\/\/www.cadca.org\/wp-content\/uploads\/2022\/03\/cadca-member-of-logo1.jpg","contentUrl":"https:\/\/www.cadca.org\/wp-content\/uploads\/2022\/03\/cadca-member-of-logo1.jpg","width":880,"height":500},{"@type":"BreadcrumbList","@id":"https:\/\/www.cadca.org\/news-release\/grammy-nominated-rb-singer-mario-to-speak-at-cadcas-national-leadership-forum\/#breadcrumb","itemListElement":[{"@type":"ListItem","position":1,"name":"Home","item":"https:\/\/www.cadca.org\/"},{"@type":"ListItem","position":2,"name":"Grammy Nominated R&#038;B Singer Mario to Speak at CADCA&#8217;s National Leadership Forum"}]},{"@type":"WebSite","@id":"https:\/\/www.cadca.org\/#website","url":"https:\/\/www.cadca.org\/","name":"CADCA","description":"The Premier Prevention Association","potentialAction":[{"@type":"SearchAction","target":{"@type":"EntryPoint","urlTemplate":"https:\/\/www.cadca.org\/?s={search_term_string}"},"query-input":{"@type":"PropertyValueSpecification","valueRequired":true,"valueName":"search_term_string"}}],"inLanguage":"pt-PT"},{"@type":"Person","@id":"https:\/\/www.cadca.org\/#\/schema\/person\/8e6cb67aa13c20300a849b431c929dd2","name":"Marianne Varkiani"}]}},"_links":{"self":[{"href":"https:\/\/www.cadca.org\/pt\/wp-json\/wp\/v2\/posts\/18505","targetHints":{"allow":["GET"]}}],"collection":[{"href":"https:\/\/www.cadca.org\/pt\/wp-json\/wp\/v2\/posts"}],"about":[{"href":"https:\/\/www.cadca.org\/pt\/wp-json\/wp\/v2\/types\/post"}],"author":[{"embeddable":true,"href":"https:\/\/www.cadca.org\/pt\/wp-json\/wp\/v2\/users\/23"}],"replies":[{"embeddable":true,"href":"https:\/\/www.cadca.org\/pt\/wp-json\/wp\/v2\/comments?post=18505"}],"version-history":[{"count":0,"href":"https:\/\/www.cadca.org\/pt\/wp-json\/wp\/v2\/posts\/18505\/revisions"}],"wp:featuredmedia":[{"embeddable":true,"href":"https:\/\/www.cadca.org\/pt\/wp-json\/wp\/v2\/media\/1597"}],"wp:attachment":[{"href":"https:\/\/www.cadca.org\/pt\/wp-json\/wp\/v2\/media?parent=18505"}],"wp:term":[{"taxonomy":"category","embeddable":true,"href":"https:\/\/www.cadca.org\/pt\/wp-json\/wp\/v2\/categories?post=18505"},{"taxonomy":"post_tag","embeddable":true,"href":"https:\/\/www.cadca.org\/pt\/wp-json\/wp\/v2\/tags?post=18505"}],"curies":[{"name":"wp","href":"https:\/\/api.w.org\/{rel}","templated":true}]}}