{"id":18199,"date":"2021-11-18T00:00:00","date_gmt":"2021-11-18T00:00:00","guid":{"rendered":"https:\/\/cadca1stg.wpengine.com\/2021\/11\/18\/new-speaker-resource\/"},"modified":"2023-05-01T15:37:24","modified_gmt":"2023-05-01T15:37:24","slug":"new-speaker-resource","status":"publish","type":"post","link":"https:\/\/www.cadca.org\/pt\/homepage\/new-speaker-resource\/","title":{"rendered":"Novo recurso de palestrante"},"content":{"rendered":"<p style=\"text-align:center\"><img loading=\"lazy\" decoding=\"async\" alt=\"\" height=\"300\" src=\"https:\/\/cadca.org\/sites\/default\/files\/speaker_resource_center.png\" width=\"1200\" \/><\/p>\n<p><span style=\"color:#252a68;\"><span style=\"font-size:16px;\"><span style=\"font-family:tahoma,geneva,sans-serif;\">Bem-vindo! Obrigado por se apresentar no F\u00f3rum Nacional de Lideran\u00e7a de 2022! Aqui voc\u00ea encontrar\u00e1 informa\u00e7\u00f5es sobre o que \u00e9 necess\u00e1rio para voc\u00ea antes do F\u00f3rum, al\u00e9m de dicas para tornar seu treinamento um sucesso!<\/span><\/span><\/span><\/p>\n<p><span style=\"color:#252a68;\"><span style=\"font-size:16px;\"><span style=\"font-family:tahoma,geneva,sans-serif;\">\u00c0 medida que todos voltamos ao planejamento, apresenta\u00e7\u00e3o e participa\u00e7\u00e3o em eventos presenciais, o CADCA espera que voc\u00ea esteja animado para fornecer conte\u00fado inovador ao Setor de Preven\u00e7\u00e3o mais uma vez.<\/span><\/span><\/span><br \/>\n\u00a0<\/p>\n<p style=\"text-align:center\"><img loading=\"lazy\" decoding=\"async\" alt=\"\" height=\"73\" src=\"https:\/\/cadca.org\/sites\/default\/files\/important_dates_banner_forum_22.jpg\" width=\"1200\" \/><\/p>\n<p><span style=\"color:#252a68;\"><span style=\"font-size:16px;\"><span style=\"font-family:tahoma,geneva,sans-serif;\"><strong>18 de novembro de 2021 \u2013 <\/strong>Os apresentadores recebem a data e a hora da sess\u00e3o de treinamento<\/span><\/span><\/span><br \/><span style=\"color:#252a68;\"><span style=\"font-size:16px;\"><span style=\"font-family:tahoma,geneva,sans-serif;\"><strong>13 de dezembro de 2021 \u2013 <\/strong>Prazo para preenchimento dos formul\u00e1rios de inscri\u00e7\u00e3o<\/span><\/span><\/span><br \/><span style=\"color:#252a68;\"><span style=\"font-size:16px;\"><span style=\"font-family:tahoma,geneva,sans-serif;\"><strong>7 de janeiro de 2022 \u2013<\/strong> Prazo final para envio de apresenta\u00e7\u00f5es em PowerPoint e apostilas complementares<br \/><strong>24 de janeiro de 2022 \u2013<\/strong> As apostilas\/apresenta\u00e7\u00f5es de datas estar\u00e3o dispon\u00edveis no site e aplicativo do CADCA<br \/><strong>31 de janeiro \u2013 3 de fevereiro de 2022 \u2013<\/strong> F\u00f3rum Nacional de Lideran\u00e7a acontece<\/span><\/span><\/span><\/p>\n<p style=\"text-align:center\"><img loading=\"lazy\" decoding=\"async\" alt=\"\" height=\"73\" src=\"https:\/\/cadca.org\/sites\/default\/files\/handouts_banner_forum_22.jpg\" width=\"1200\" \/><\/p>\n<p><span style=\"color:#252a68;\"><span style=\"font-size:16px;\"><span style=\"font-family:tahoma,geneva,sans-serif;\">Observe que o CADCA n\u00e3o imprime apostilas ou planilhas para sess\u00f5es de treinamento. Os apresentadores poder\u00e3o trazer c\u00f3pias dos folhetos se optarem por t\u00ea-los dispon\u00edveis em suas salas de sess\u00e3o. Observe que h\u00e1 um FedEx dentro do Porto Nacional Gaylord para sua conveni\u00eancia.<\/span><\/span><\/span><\/p>\n<p><span style=\"color:#252a68;\"><span style=\"font-size:16px;\"><span style=\"font-family:tahoma,geneva,sans-serif;\">Quaisquer materiais como apostilas ou planilhas podem ser adicionados \u00e0 Grade da Sess\u00e3o de Treinamento no site do F\u00f3rum <strong>e<\/strong>\u00a0Aplicativo F\u00f3rum. Muitos participantes gostam de imprimi-los antes de chegar ao evento ou salv\u00e1-los em seus dispositivos m\u00f3veis. O CADCA n\u00e3o reproduz apostilas, planilhas ou PowerPoints para uso dos participantes.<\/span><\/span><\/span><\/p>\n<h2 class=\"rtecenter\"><span style=\"color:#FF0000;\"><strong>CARREGUE SEUS APOSTILAS<\/strong><\/span><\/h2>\n<p><font color=\"#252a68\" face=\"tahoma, geneva, sans-serif\"><span style=\"font-size: 16px;\">Carregue apostilas e planilhas complementares adicionais em <a href=\"https:\/\/www.dropbox.com\/request\/ajFYafC2ls8fRjKvMKJO\"><strong>Dropbox<\/strong> <\/a>por COB, sexta-feira, 7 de janeiro de 2022. Certifique-se de salvar seus itens primeiro com o DIA da sua sess\u00e3o de treinamento, seguido (no m\u00ednimo) pelas primeiras QUATRO palavras do t\u00edtulo da sua sess\u00e3o e depois pela palavra APOSTILA. Se voc\u00ea tiver mais de uma apostila, adicione o n\u00famero ap\u00f3s a palavra APOSTILA.<\/span><\/font><\/p>\n<p><font color=\"#252a68\" face=\"tahoma, geneva, sans-serif\"><span style=\"font-size: 16px;\">Exemplo: Se minha sess\u00e3o de quarta-feira for \u201cNo\u00e7\u00f5es b\u00e1sicas de preven\u00e7\u00e3o: um curso intensivo\u201d, devo salvar meu(s) folheto(s) como\u00a0<strong>QUARTA-FEIRA_Prevention_Basics_A_Crash_HANDOUT_1.\u00a0<\/strong><\/span><\/font><\/p>\n<p style=\"text-align:center\">\n<p><span style=\"color:#252a68;\"><span style=\"font-size:16px;\"><span style=\"font-family:tahoma,geneva,sans-serif;\">No F\u00f3rum Nacional de Lideran\u00e7a, os excelentes parceiros A\/V da Inspire ter\u00e3o seus slides pr\u00e9-carregados no laptop que est\u00e1 em sua sala de treinamento <strong>desde que recebidos dentro do prazo. <\/strong>\u00a0<\/span><\/span><\/span><\/p>\n<p><span style=\"font-size:16px;\"><span style=\"font-family:tahoma,geneva,sans-serif;\"><span style=\"color:#252a68;\">Todos os slides do PowerPoint que nos s\u00e3o fornecidos (com sua permiss\u00e3o) s\u00e3o revisados e transformados em PDFs protegidos por senha. Eles estar\u00e3o dispon\u00edveis no aplicativo do evento e no f\u00f3rum <\/span><strong><span style=\"color:#80bc00;\">Grade de Sess\u00f5es de Treinamento<\/span><\/strong><span style=\"color:#252a68;\">.<\/span><\/span><\/span><\/p>\n<p><span style=\"color:#252a68;\"><span style=\"font-size:16px;\"><span style=\"font-family:tahoma,geneva,sans-serif;\"><strong>Modelo do PowerPoint<\/strong><\/span><\/span><\/span><\/p>\n<p><span style=\"font-size:16px;\"><span style=\"font-family:tahoma,geneva,sans-serif;\"><span style=\"color:#252a68;\">Modelo de PowerPoint do f\u00f3rum: <\/span><a href=\"https:\/\/www.cadca.org\/wp-content\/uploads\/2023\/05\/cadca_2022-forum_presentation-wide_-_updated.pptx\" target=\"_blank\" rel=\"noopener\"><strong><span style=\"color:#80bc00;\">Clique aqui para baixar<\/span><\/strong><\/a><br \/><span style=\"color:#252a68;\">Aprenda como aplicar sua apresenta\u00e7\u00e3o existente ao modelo do F\u00f3rum PowerPoint:<\/span><\/span><\/span><\/p>\n<p class=\"rtecenter\">\n<iframe loading=\"lazy\" allow=\"accelerometer; autoplay; clipboard-write; encrypted-media; gyroscope; picture-in-picture\" allowfullscreen=\"\" frameborder=\"0\" height=\"315\" src=\"https:\/\/www.youtube.com\/embed\/1HMQnCW43rI\" title=\"Reprodutor de v\u00eddeo do YouTube\" width=\"560\"><\/iframe><\/p>\n<h2 class=\"rtecenter\"><span style=\"color:#FF0000;\"><strong>CARREGUE SEUS PONTOS DE PODER<\/strong><\/span><\/h2>\n<p><font color=\"#252a68\" face=\"tahoma, geneva, sans-serif\"><span style=\"font-size: 16px;\">Carregar apresenta\u00e7\u00e3o do PowerPoint em\u00a0<a href=\"https:\/\/www.dropbox.com\/request\/ajFYafC2ls8fRjKvMKJO\"><strong>Dropbox<\/strong>\u00a0<\/a>por COB, sexta-feira, 7 de janeiro de 2022. Certifique-se de salvar seus itens primeiro com o DIA da sua sess\u00e3o de treinamento, seguido (no m\u00ednimo) pelas primeiras QUATRO palavras do t\u00edtulo da sua sess\u00e3o e depois pela palavra POWERPOINT. Se voc\u00ea tiver mais de uma apresenta\u00e7\u00e3o, adicione o n\u00famero ap\u00f3s a palavra POWERPOINT.<\/span><\/font><\/p>\n<p><font color=\"#252a68\" face=\"tahoma, geneva, sans-serif\"><span style=\"font-size: 16px;\">Exemplo: Se minha sess\u00e3o de quarta-feira for \u201cNo\u00e7\u00f5es b\u00e1sicas de preven\u00e7\u00e3o: um curso intensivo\u201d, devo salvar minha(s) apresenta\u00e7\u00e3o(\u00f5es) como\u00a0<strong>QUARTA-FEIRA_Prevention_Basics_A_Crash_POWERPOINT.\u00a0<\/strong><\/span><\/font><\/p>\n<p style=\"text-align:center\">\n<p><span style=\"color:#252a68;\"><span style=\"font-size:16px;\"><span style=\"font-family:tahoma,geneva,sans-serif;\">No Gaylord Hotel and Convention Center, haver\u00e1 uma sala de prepara\u00e7\u00e3o para palestrantes com funcion\u00e1rios dos parceiros AV da CADCA na Inspire para ajudar os apresentadores com prepara\u00e7\u00e3o de \u00faltima hora e quest\u00f5es t\u00e9cnicas. Este tamb\u00e9m \u00e9 o local a ser visitado caso voc\u00ea tenha alguma atualiza\u00e7\u00e3o em seu PowerPoint. Nesta sala, os t\u00e9cnicos do Inspire podem garantir que seus slides atualizados estar\u00e3o esperando por voc\u00ea na sala de sess\u00e3o designada.\u00a0<\/span><\/span><\/span><\/p>\n<p><span style=\"color:#252a68;\"><span style=\"font-size:16px;\"><span style=\"font-family:tahoma,geneva,sans-serif;\"><strong>Localiza\u00e7\u00e3o: <\/strong>Chesapeake 1, Centro de Conven\u00e7\u00f5es N\u00edvel 2<br \/><strong>Hor\u00e1rio (todos os hor\u00e1rios s\u00e3o o hor\u00e1rio padr\u00e3o do leste):<\/strong><\/span><\/span><\/span><\/p>\n<table align=\"left\" border=\"0\" cellpadding=\"1\" cellspacing=\"1\" style=\"width: 293px;\">\n<tbody>\n<tr>\n<td style=\"width: 135px;\"><span style=\"color:#252a68;\"><span style=\"font-family: tahoma, geneva, sans-serif; font-size: 16px;\">Segunda-feira:\u00a0<\/span><\/span><\/td>\n<td style=\"width: 145px;\"><span style=\"color:#252a68;\"><span style=\"font-family: tahoma, geneva, sans-serif; font-size: 16px;\">8h \u2013 17h<\/span><\/span><\/td>\n<\/tr>\n<tr>\n<td style=\"width: 135px;\"><span style=\"color:#252a68;\"><span style=\"font-family: tahoma, geneva, sans-serif; font-size: 16px;\">Ter\u00e7a-feira:\u00a0<\/span><\/span><\/td>\n<td style=\"width: 145px;\"><span style=\"color:#252a68;\"><span style=\"font-family: tahoma, geneva, sans-serif; font-size: 16px;\">8h \u2013 17h<\/span><\/span><\/td>\n<\/tr>\n<tr>\n<td style=\"width: 135px;\"><span style=\"color:#252a68;\"><span style=\"font-family: tahoma, geneva, sans-serif; font-size: 16px;\">Quarta-feira:\u00a0<\/span><\/span><\/td>\n<td style=\"width: 145px;\"><span style=\"color:#252a68;\"><span style=\"font-family: tahoma, geneva, sans-serif; font-size: 16px;\">8h \u2013 14h<\/span><\/span><\/td>\n<\/tr>\n<tr>\n<td style=\"width: 135px;\"><span style=\"color:#252a68;\"><span style=\"font-family: tahoma, geneva, sans-serif; font-size: 16px;\">Quinta-feira:\u00a0<\/span><\/span><\/td>\n<td style=\"width: 145px;\"><span style=\"color:#252a68;\"><span style=\"font-family: tahoma, geneva, sans-serif; font-size: 16px;\">8h \u2013 15h<\/span><\/span><\/td>\n<\/tr>\n<\/tbody>\n<\/table>\n<p>\u00a0<\/p>\n<p>\u00a0<\/p>\n<p>\u00a0<\/p>\n<p>\u00a0<\/p>\n<p><span style=\"color:#252a68;\"><span style=\"font-size:16px;\"><span style=\"font-family:tahoma,geneva,sans-serif;\"><strong>No dia e hor\u00e1rio da sua sess\u00e3o, todos os apresentadores devem planejar chegar pelo menos 15 minutos antes do in\u00edcio da sess\u00e3o.<\/strong> Um monitor de sala de sess\u00e3o ser\u00e1 designado para cada sess\u00e3o de treinamento e ter\u00e1 breves itens de limpeza para compartilhar com os participantes antes do in\u00edcio da sess\u00e3o. Se voc\u00ea tiver algum problema t\u00e9cnico ou precisar de assist\u00eancia, eles poder\u00e3o entrar em contato rapidamente com um funcion\u00e1rio ou t\u00e9cnico.<\/span><\/span><\/span><br \/>\n\u00a0<\/p>\n<p style=\"text-align:center\"><img loading=\"lazy\" decoding=\"async\" alt=\"\" height=\"73\" src=\"https:\/\/cadca.org\/sites\/default\/files\/reg_banner_forum_22_0.png\" width=\"1200\" \/><\/p>\n<div class=\"powr-countdown-timer\" id=\"c483e1c3_1637247497\">\u00a0<\/div>\n<p><script src=\"https:\/\/www.powr.io\/powr.js?platform=html\"><\/script><\/p>\n<p class=\"rtecenter\"><span style=\"color:#e1261e;\"><span style=\"font-size:16px;\"><span style=\"font-family:tahoma,geneva,sans-serif;\"><strong>Enviar at\u00e9 segunda-feira, 13 de dezembro de 2021<\/strong><\/span><\/span><\/span><\/p>\n<p><span style=\"color:#252a68;\"><span style=\"font-size:16px;\"><span style=\"font-family:tahoma,geneva,sans-serif;\">Para sess\u00f5es com mais de um apresentador, \u00e9 importante a ordem de confirma\u00e7\u00e3o dos apresentadores.<\/span><\/span><\/span><\/p>\n<p><span style=\"color:#252a68;\"><span style=\"font-size:16px;\"><span style=\"font-family:tahoma,geneva,sans-serif;\">Para cada sess\u00e3o de treinamento, o Apresentador Principal recebe uma inscri\u00e7\u00e3o gratuita.<\/span><\/span><\/span><\/p>\n<p><span style=\"font-size:16px;\"><span style=\"font-family:tahoma,geneva,sans-serif;\"><span style=\"color:#252a68;\"><strong>SOMENTE PARA INSCRI\u00c7\u00c3O DO APRESENTADOR L\u00cdDER: Preencha este<\/strong><\/span><strong><span style=\"color:#80bc00;\">\u00a0<\/span><a href=\"https:\/\/forms.gle\/UbvDbbnVUZQVXedQ8\" target=\"_blank\" rel=\"noopener\"><span style=\"color:#80bc00;\">formul\u00e1rio web<\/span><\/a><\/strong><span style=\"color:#252a68;\"><strong> <\/strong><\/span><span style=\"color:#252a68;\"><strong>registrar<\/strong><\/span><\/span><\/span><\/p>\n<p><span style=\"color:#252a68;\"><span style=\"font-size:16px;\"><span style=\"font-family:tahoma,geneva,sans-serif;\"><strong>Inscri\u00e7\u00e3o do segundo apresentador<\/strong><\/span><\/span><\/span><\/p>\n<p><span style=\"color:#252a68;\"><span style=\"font-size:16px;\"><span style=\"font-family:tahoma,geneva,sans-serif;\">O Apresentador 2 recebe uma taxa de registro com desconto de $450.\u00a0<\/span><\/span><\/span><\/p>\n<p><span style=\"color:#252a68;\"><span style=\"font-size:16px;\"><span style=\"font-family:tahoma,geneva,sans-serif;\"><strong>Sess\u00f5es com tr\u00eas ou mais apresentadores<\/strong><\/span><\/span><\/span><\/p>\n<p><span style=\"color:#252a68;\"><span style=\"font-size:16px;\"><span style=\"font-family:tahoma,geneva,sans-serif;\">Apresentadores com 3 ou mais participantes devem se inscrever de acordo com a taxa de inscri\u00e7\u00e3o aplic\u00e1vel. Observe que tamb\u00e9m h\u00e1 tarifas de um dia dispon\u00edveis para o F\u00f3rum.\u00a0<\/span><\/span><\/span><\/p>\n<p><span style=\"font-size:16px;\"><span style=\"font-family:tahoma,geneva,sans-serif;\"><span style=\"color:#252a68;\"><u>Todos os apresentadores n\u00e3o principais<\/u> deve baixar e completar isso\u00a0<strong><a href=\"https:\/\/www.cadca.org\/wp-content\/uploads\/2023\/05\/fm22_reg_form_presenter_final.pdf\">FORMUL\u00c1RIO DE INSCRI\u00c7\u00c3O DE APRESENTADOR<\/a><\/strong> e submeter-se a <\/span><strong><a href=\"mailto:events@cadca.org\"><span style=\"color:#80bc00;\">events@cadca.org<\/span><\/a><\/strong><span style=\"color:#252a68;\">.<\/span><\/span><\/span><\/p>\n<p>\u00a0<\/p>\n<p style=\"text-align:center\">\n<p><span style=\"color:#252a68;\"><strong><span style=\"font-size:16px;\"><span style=\"font-family:tahoma,geneva,sans-serif;\"><em>P: Preenchi meus formul\u00e1rios de inscri\u00e7\u00e3o, mas ainda n\u00e3o recebi uma confirma\u00e7\u00e3o de inscri\u00e7\u00e3o.<\/em><\/span><\/span><\/strong><\/span><\/p>\n<p><span style=\"font-size:16px;\"><span style=\"font-family:tahoma,geneva,sans-serif;\"><span style=\"color:#252a68;\">Obrigado por enviar os formul\u00e1rios preenchidos. Observe que os registros dos apresentadores s\u00e3o processados manualmente e levam algum tempo para serem conclu\u00eddos. Se voc\u00ea tiver edi\u00e7\u00f5es no formul\u00e1rio de registro que enviou, envie um e-mail <\/span><strong><a href=\"mailto:events@cadca.org\"><span style=\"color:#80bc00;\">events@cadca.org<\/span><\/a><\/strong>.<\/span><\/span><\/p>\n<p><span style=\"color:#252a68;\"><strong><span style=\"font-size:16px;\"><span style=\"font-family:tahoma,geneva,sans-serif;\"><em>P: Quem devo notificar sobre apresentadores novos ou substitutos? <\/em><\/span><\/span><\/strong><\/span><\/p>\n<p><span style=\"font-size:16px;\"><span style=\"font-family:tahoma,geneva,sans-serif;\"><span style=\"color:#252a68;\">Envie por e-mail os nomes completos, cargos, organiza\u00e7\u00f5es e endere\u00e7o de e-mail dos apresentadores atualizados E quem eles est\u00e3o substituindo com o t\u00edtulo da sua sess\u00e3o para <strong>Kahlee Yeldell<\/strong> no <\/span><strong><a href=\"mailto:kyeldell@cadca.org\"><span style=\"color:#80bc00;\">kyeldell@cadca.org<\/span><\/a><\/strong>.<\/span><\/span><\/p>\n<p><img loading=\"lazy\" decoding=\"async\" alt=\"\" height=\"75\" src=\"https:\/\/cadca.org\/sites\/default\/files\/tree.png\" style=\"float:right\" width=\"75\" \/><span style=\"color:#252a68;\"><strong><span style=\"font-size:16px;\"><span style=\"font-family:tahoma,geneva,sans-serif;\"><em>P: Tenho alguma d\u00favida sobre o meu registro ou o de outro apresentador?<\/em><\/span><\/span><\/strong><\/span><\/p>\n<p><span style=\"font-size:16px;\"><span style=\"font-family:tahoma,geneva,sans-serif;\"><span style=\"color:#252a68;\">Para d\u00favidas sobre inscri\u00e7\u00e3o, envie um e-mail <\/span><strong><a href=\"mailto:events@cadca.org\"><span style=\"color:#80bc00;\">events@cadca.org<\/span><\/a><\/strong>.<\/span><\/span><\/p>","protected":false},"excerpt":{"rendered":"<p>Bem-vindo! Obrigado por se apresentar no F\u00f3rum Nacional de Lideran\u00e7a de 2022! Aqui voc\u00ea poder\u00e1 encontrar informa\u00e7\u00f5es sobre<\/p>","protected":false},"author":23,"featured_media":1597,"comment_status":"closed","ping_status":"closed","sticky":false,"template":"","format":"standard","meta":{"_acf_changed":false,"inline_featured_image":false,"footnotes":""},"categories":[231],"tags":[],"class_list":["post-18199","post","type-post","status-publish","format-standard","has-post-thumbnail","hentry","category-homepage"],"acf":[],"yoast_head":"<!-- This site is optimized with the Yoast SEO plugin v27.4 - https:\/\/yoast.com\/product\/yoast-seo-wordpress\/ -->\n<title>New Speaker Resource | CADCA<\/title>\n<meta name=\"description\" content=\"CADCA represents over 5,000 community coalitions that involve individuals from key sectors including schools, law enforcement, youth, parents, healthcare, media, tribal communities and others\" \/>\n<meta name=\"robots\" content=\"index, follow, max-snippet:-1, max-image-preview:large, max-video-preview:-1\" \/>\n<link rel=\"canonical\" href=\"https:\/\/www.cadca.org\/pt\/homepage\/new-speaker-resource\/\" \/>\n<meta property=\"og:locale\" content=\"pt_PT\" \/>\n<meta property=\"og:type\" content=\"article\" \/>\n<meta property=\"og:title\" content=\"New Speaker Resource | CADCA\" \/>\n<meta property=\"og:description\" content=\"CADCA represents over 5,000 community coalitions that involve individuals from key sectors including schools, law enforcement, youth, parents, healthcare, media, tribal communities and others\" \/>\n<meta property=\"og:url\" content=\"https:\/\/www.cadca.org\/pt\/homepage\/new-speaker-resource\/\" \/>\n<meta property=\"og:site_name\" content=\"CADCA\" \/>\n<meta property=\"article:published_time\" content=\"2021-11-18T00:00:00+00:00\" \/>\n<meta property=\"article:modified_time\" content=\"2023-05-01T15:37:24+00:00\" \/>\n<meta property=\"og:image\" content=\"https:\/\/www.cadca.org\/wp-content\/uploads\/2022\/03\/cadca-member-of-logo1.jpg\" \/>\n\t<meta property=\"og:image:width\" content=\"880\" \/>\n\t<meta property=\"og:image:height\" content=\"500\" \/>\n\t<meta property=\"og:image:type\" content=\"image\/jpeg\" \/>\n<meta name=\"author\" content=\"Marianne Varkiani\" \/>\n<meta name=\"twitter:card\" content=\"summary_large_image\" \/>\n<meta name=\"twitter:label1\" content=\"Escrito por\" \/>\n\t<meta name=\"twitter:data1\" content=\"Marianne Varkiani\" \/>\n\t<meta name=\"twitter:label2\" content=\"Tempo estimado de leitura\" \/>\n\t<meta name=\"twitter:data2\" content=\"4 minutos\" \/>\n<script type=\"application\/ld+json\" class=\"yoast-schema-graph\">{\"@context\":\"https:\\\/\\\/schema.org\",\"@graph\":[{\"@type\":\"Article\",\"@id\":\"https:\\\/\\\/www.cadca.org\\\/fr\\\/homepage\\\/new-speaker-resource\\\/#article\",\"isPartOf\":{\"@id\":\"https:\\\/\\\/www.cadca.org\\\/fr\\\/homepage\\\/new-speaker-resource\\\/\"},\"author\":{\"name\":\"Marianne Varkiani\",\"@id\":\"https:\\\/\\\/www.cadca.org\\\/#\\\/schema\\\/person\\\/8e6cb67aa13c20300a849b431c929dd2\"},\"headline\":\"New Speaker Resource\",\"datePublished\":\"2021-11-18T00:00:00+00:00\",\"dateModified\":\"2023-05-01T15:37:24+00:00\",\"mainEntityOfPage\":{\"@id\":\"https:\\\/\\\/www.cadca.org\\\/fr\\\/homepage\\\/new-speaker-resource\\\/\"},\"wordCount\":840,\"image\":{\"@id\":\"https:\\\/\\\/www.cadca.org\\\/fr\\\/homepage\\\/new-speaker-resource\\\/#primaryimage\"},\"thumbnailUrl\":\"https:\\\/\\\/www.cadca.org\\\/wp-content\\\/uploads\\\/2022\\\/03\\\/cadca-member-of-logo1.jpg\",\"articleSection\":[\"Homepage\"],\"inLanguage\":\"pt-PT\"},{\"@type\":\"WebPage\",\"@id\":\"https:\\\/\\\/www.cadca.org\\\/fr\\\/homepage\\\/new-speaker-resource\\\/\",\"url\":\"https:\\\/\\\/www.cadca.org\\\/fr\\\/homepage\\\/new-speaker-resource\\\/\",\"name\":\"New Speaker Resource | CADCA\",\"isPartOf\":{\"@id\":\"https:\\\/\\\/www.cadca.org\\\/#website\"},\"primaryImageOfPage\":{\"@id\":\"https:\\\/\\\/www.cadca.org\\\/fr\\\/homepage\\\/new-speaker-resource\\\/#primaryimage\"},\"image\":{\"@id\":\"https:\\\/\\\/www.cadca.org\\\/fr\\\/homepage\\\/new-speaker-resource\\\/#primaryimage\"},\"thumbnailUrl\":\"https:\\\/\\\/www.cadca.org\\\/wp-content\\\/uploads\\\/2022\\\/03\\\/cadca-member-of-logo1.jpg\",\"datePublished\":\"2021-11-18T00:00:00+00:00\",\"dateModified\":\"2023-05-01T15:37:24+00:00\",\"author\":{\"@id\":\"https:\\\/\\\/www.cadca.org\\\/#\\\/schema\\\/person\\\/8e6cb67aa13c20300a849b431c929dd2\"},\"description\":\"CADCA represents over 5,000 community coalitions that involve individuals from key sectors including schools, law enforcement, youth, parents, healthcare, media, tribal communities and others\",\"breadcrumb\":{\"@id\":\"https:\\\/\\\/www.cadca.org\\\/fr\\\/homepage\\\/new-speaker-resource\\\/#breadcrumb\"},\"inLanguage\":\"pt-PT\",\"potentialAction\":[{\"@type\":\"ReadAction\",\"target\":[\"https:\\\/\\\/www.cadca.org\\\/fr\\\/homepage\\\/new-speaker-resource\\\/\"]}]},{\"@type\":\"ImageObject\",\"inLanguage\":\"pt-PT\",\"@id\":\"https:\\\/\\\/www.cadca.org\\\/fr\\\/homepage\\\/new-speaker-resource\\\/#primaryimage\",\"url\":\"https:\\\/\\\/www.cadca.org\\\/wp-content\\\/uploads\\\/2022\\\/03\\\/cadca-member-of-logo1.jpg\",\"contentUrl\":\"https:\\\/\\\/www.cadca.org\\\/wp-content\\\/uploads\\\/2022\\\/03\\\/cadca-member-of-logo1.jpg\",\"width\":880,\"height\":500},{\"@type\":\"BreadcrumbList\",\"@id\":\"https:\\\/\\\/www.cadca.org\\\/fr\\\/homepage\\\/new-speaker-resource\\\/#breadcrumb\",\"itemListElement\":[{\"@type\":\"ListItem\",\"position\":1,\"name\":\"Home\",\"item\":\"https:\\\/\\\/www.cadca.org\\\/\"},{\"@type\":\"ListItem\",\"position\":2,\"name\":\"New Speaker Resource\"}]},{\"@type\":\"WebSite\",\"@id\":\"https:\\\/\\\/www.cadca.org\\\/#website\",\"url\":\"https:\\\/\\\/www.cadca.org\\\/\",\"name\":\"CADCA\",\"description\":\"The Premier Prevention Association\",\"potentialAction\":[{\"@type\":\"SearchAction\",\"target\":{\"@type\":\"EntryPoint\",\"urlTemplate\":\"https:\\\/\\\/www.cadca.org\\\/?s={search_term_string}\"},\"query-input\":{\"@type\":\"PropertyValueSpecification\",\"valueRequired\":true,\"valueName\":\"search_term_string\"}}],\"inLanguage\":\"pt-PT\"},{\"@type\":\"Person\",\"@id\":\"https:\\\/\\\/www.cadca.org\\\/#\\\/schema\\\/person\\\/8e6cb67aa13c20300a849b431c929dd2\",\"name\":\"Marianne Varkiani\"}]}<\/script>\n<!-- \/ Yoast SEO plugin. -->","yoast_head_json":{"title":"New Speaker Resource | CADCA","description":"CADCA represents over 5,000 community coalitions that involve individuals from key sectors including schools, law enforcement, youth, parents, healthcare, media, tribal communities and others","robots":{"index":"index","follow":"follow","max-snippet":"max-snippet:-1","max-image-preview":"max-image-preview:large","max-video-preview":"max-video-preview:-1"},"canonical":"https:\/\/www.cadca.org\/pt\/homepage\/new-speaker-resource\/","og_locale":"pt_PT","og_type":"article","og_title":"New Speaker Resource | CADCA","og_description":"CADCA represents over 5,000 community coalitions that involve individuals from key sectors including schools, law enforcement, youth, parents, healthcare, media, tribal communities and others","og_url":"https:\/\/www.cadca.org\/pt\/homepage\/new-speaker-resource\/","og_site_name":"CADCA","article_published_time":"2021-11-18T00:00:00+00:00","article_modified_time":"2023-05-01T15:37:24+00:00","og_image":[{"width":880,"height":500,"url":"https:\/\/www.cadca.org\/wp-content\/uploads\/2022\/03\/cadca-member-of-logo1.jpg","type":"image\/jpeg"}],"author":"Marianne Varkiani","twitter_card":"summary_large_image","twitter_misc":{"Escrito por":"Marianne Varkiani","Tempo estimado de leitura":"4 minutos"},"schema":{"@context":"https:\/\/schema.org","@graph":[{"@type":"Article","@id":"https:\/\/www.cadca.org\/fr\/homepage\/new-speaker-resource\/#article","isPartOf":{"@id":"https:\/\/www.cadca.org\/fr\/homepage\/new-speaker-resource\/"},"author":{"name":"Marianne Varkiani","@id":"https:\/\/www.cadca.org\/#\/schema\/person\/8e6cb67aa13c20300a849b431c929dd2"},"headline":"New Speaker Resource","datePublished":"2021-11-18T00:00:00+00:00","dateModified":"2023-05-01T15:37:24+00:00","mainEntityOfPage":{"@id":"https:\/\/www.cadca.org\/fr\/homepage\/new-speaker-resource\/"},"wordCount":840,"image":{"@id":"https:\/\/www.cadca.org\/fr\/homepage\/new-speaker-resource\/#primaryimage"},"thumbnailUrl":"https:\/\/www.cadca.org\/wp-content\/uploads\/2022\/03\/cadca-member-of-logo1.jpg","articleSection":["Homepage"],"inLanguage":"pt-PT"},{"@type":"WebPage","@id":"https:\/\/www.cadca.org\/fr\/homepage\/new-speaker-resource\/","url":"https:\/\/www.cadca.org\/fr\/homepage\/new-speaker-resource\/","name":"New Speaker Resource | CADCA","isPartOf":{"@id":"https:\/\/www.cadca.org\/#website"},"primaryImageOfPage":{"@id":"https:\/\/www.cadca.org\/fr\/homepage\/new-speaker-resource\/#primaryimage"},"image":{"@id":"https:\/\/www.cadca.org\/fr\/homepage\/new-speaker-resource\/#primaryimage"},"thumbnailUrl":"https:\/\/www.cadca.org\/wp-content\/uploads\/2022\/03\/cadca-member-of-logo1.jpg","datePublished":"2021-11-18T00:00:00+00:00","dateModified":"2023-05-01T15:37:24+00:00","author":{"@id":"https:\/\/www.cadca.org\/#\/schema\/person\/8e6cb67aa13c20300a849b431c929dd2"},"description":"CADCA represents over 5,000 community coalitions that involve individuals from key sectors including schools, law enforcement, youth, parents, healthcare, media, tribal communities and others","breadcrumb":{"@id":"https:\/\/www.cadca.org\/fr\/homepage\/new-speaker-resource\/#breadcrumb"},"inLanguage":"pt-PT","potentialAction":[{"@type":"ReadAction","target":["https:\/\/www.cadca.org\/fr\/homepage\/new-speaker-resource\/"]}]},{"@type":"ImageObject","inLanguage":"pt-PT","@id":"https:\/\/www.cadca.org\/fr\/homepage\/new-speaker-resource\/#primaryimage","url":"https:\/\/www.cadca.org\/wp-content\/uploads\/2022\/03\/cadca-member-of-logo1.jpg","contentUrl":"https:\/\/www.cadca.org\/wp-content\/uploads\/2022\/03\/cadca-member-of-logo1.jpg","width":880,"height":500},{"@type":"BreadcrumbList","@id":"https:\/\/www.cadca.org\/fr\/homepage\/new-speaker-resource\/#breadcrumb","itemListElement":[{"@type":"ListItem","position":1,"name":"Home","item":"https:\/\/www.cadca.org\/"},{"@type":"ListItem","position":2,"name":"New Speaker Resource"}]},{"@type":"WebSite","@id":"https:\/\/www.cadca.org\/#website","url":"https:\/\/www.cadca.org\/","name":"CADCA","description":"The Premier Prevention Association","potentialAction":[{"@type":"SearchAction","target":{"@type":"EntryPoint","urlTemplate":"https:\/\/www.cadca.org\/?s={search_term_string}"},"query-input":{"@type":"PropertyValueSpecification","valueRequired":true,"valueName":"search_term_string"}}],"inLanguage":"pt-PT"},{"@type":"Person","@id":"https:\/\/www.cadca.org\/#\/schema\/person\/8e6cb67aa13c20300a849b431c929dd2","name":"Marianne Varkiani"}]}},"_links":{"self":[{"href":"https:\/\/www.cadca.org\/pt\/wp-json\/wp\/v2\/posts\/18199","targetHints":{"allow":["GET"]}}],"collection":[{"href":"https:\/\/www.cadca.org\/pt\/wp-json\/wp\/v2\/posts"}],"about":[{"href":"https:\/\/www.cadca.org\/pt\/wp-json\/wp\/v2\/types\/post"}],"author":[{"embeddable":true,"href":"https:\/\/www.cadca.org\/pt\/wp-json\/wp\/v2\/users\/23"}],"replies":[{"embeddable":true,"href":"https:\/\/www.cadca.org\/pt\/wp-json\/wp\/v2\/comments?post=18199"}],"version-history":[{"count":0,"href":"https:\/\/www.cadca.org\/pt\/wp-json\/wp\/v2\/posts\/18199\/revisions"}],"wp:featuredmedia":[{"embeddable":true,"href":"https:\/\/www.cadca.org\/pt\/wp-json\/wp\/v2\/media\/1597"}],"wp:attachment":[{"href":"https:\/\/www.cadca.org\/pt\/wp-json\/wp\/v2\/media?parent=18199"}],"wp:term":[{"taxonomy":"category","embeddable":true,"href":"https:\/\/www.cadca.org\/pt\/wp-json\/wp\/v2\/categories?post=18199"},{"taxonomy":"post_tag","embeddable":true,"href":"https:\/\/www.cadca.org\/pt\/wp-json\/wp\/v2\/tags?post=18199"}],"curies":[{"name":"wp","href":"https:\/\/api.w.org\/{rel}","templated":true}]}}