{"id":18030,"date":"2021-03-10T00:00:00","date_gmt":"2021-03-10T00:00:00","guid":{"rendered":"https:\/\/cadca1stg.wpengine.com\/2021\/03\/10\/cadcas-vp-of-communications-and-meetings-reflects-on-training-in-a-global-pandemic\/"},"modified":"2021-03-10T00:00:00","modified_gmt":"2021-03-10T00:00:00","slug":"cadcas-vp-of-communications-and-meetings-reflects-on-training-in-a-global-pandemic","status":"publish","type":"post","link":"https:\/\/www.cadca.org\/pt\/blog\/cadcas-vp-of-communications-and-meetings-reflects-on-training-in-a-global-pandemic\/","title":{"rendered":"Vice-presidente de comunica\u00e7\u00f5es e reuni\u00f5es do CADCA reflete sobre treinamento em uma pandemia global"},"content":{"rendered":"<p>Neste ver\u00e3o, o CADCA sediar\u00e1 o 20\u00ba<sup>\u00ba<\/sup> Instituto Anual de Treinamento Semestral. Como vice-presidente de comunica\u00e7\u00f5es e reuni\u00f5es da CADCA, tenho uma perspectiva \u00fanica sobre os eventos da nossa organiza\u00e7\u00e3o, incluindo os nossos esfor\u00e7os para continuar a organizar eventos de forma\u00e7\u00e3o exclusivos em meio \u00e0 pandemia global da COVID-19.\u00a0<\/p>\n<p>Por esta altura, no ano passado, o CADCA tinha acabado de completar o nosso 30\u00ba<sup>\u00ba<\/sup> F\u00f3rum Anual de Lideran\u00e7a Nacional, realizado pessoalmente no Gaylord National Resort and Convention Center em National Harbor, Maryland. Enquanto nos prepar\u00e1vamos para sediar nosso pr\u00f3ximo evento presencial, o Mid-Year Training Institute em Nashville, Tennessee, vimos a pandemia de COVID-19 atingir nosso pa\u00eds e tomamos a dif\u00edcil decis\u00e3o de passar rapidamente de um evento presencial para um evento online. experi\u00eancia de treinamento.<\/p>\n<p>Embora estiv\u00e9ssemos confiantes de que a nossa rede de defensores da preven\u00e7\u00e3o abordaria esta experi\u00eancia com entusiasmo e uma mentalidade positiva, fic\u00e1mos verdadeiramente surpreendidos com o apoio que recebemos do terreno. No total, quase 3.000 profissionais de preven\u00e7\u00e3o do uso indevido de subst\u00e2ncias, parceiros federais e corporativos e defensores da comunidade juntaram-se a n\u00f3s enquanto naveg\u00e1vamos pelo cen\u00e1rio de treinamento virtual pela primeira vez!<\/p>\n<p>Quase um ano depois, acabamos de concluir nosso segundo evento de treinamento virtual exclusivo e estamos nos preparando para o terceiro: o Instituto de Treinamento Semestral deste ano. Ao relembrar o ano passado, fico impressionado com um enorme sentimento de gratid\u00e3o por aqueles de voc\u00eas que tornaram meu trabalho poss\u00edvel. Sem o vosso empenho incans\u00e1vel em melhorar as vossas comunidades atrav\u00e9s da forma\u00e7\u00e3o em preven\u00e7\u00e3o do uso de subst\u00e2ncias e do abuso, mesmo quando sent\u00edamos colectivamente o vasto impacto da pandemia, o movimento de preven\u00e7\u00e3o teria parado.<\/p>\n<p>Os seus esfor\u00e7os incessantes forneceram o combust\u00edvel para que comunidades em todo o mundo se mantivessem seguras, saud\u00e1veis e livres de drogas. Embora tenhamos sido for\u00e7ados a nos distanciar fisicamente uns dos outros, cada um de voc\u00eas se comprometeu a servir uma comunidade que n\u00e3o poderia ver pessoalmente.<\/p>\n<p>Enquanto aguardamos de 11 a 15 de julho de 2021 para o nosso 20\u00ba<sup>\u00ba<\/sup> Anual do Instituto de Treinamento Semestral, \u00e9 t\u00e3o apropriado que o tema deste ano seja \u201cTodos os dias o CADCA treina: l\u00edderes de coaliz\u00e3o comunit\u00e1ria\u201d. Este evento servir\u00e1 como uma oportunidade para o CADCA celebrar a sua lideran\u00e7a e desenvolver as habilidades de preven\u00e7\u00e3o que voc\u00ea traz \u00e0s suas comunidades todos os dias. Al\u00e9m disso, dar\u00e1 \u00e0 nossa \u00e1rea a oportunidade de refletir sobre os \u00faltimos 20 anos deste incr\u00edvel evento de forma\u00e7\u00e3o exclusivo e de planear a constru\u00e7\u00e3o de sustentabilidade para nos levar ao longo dos pr\u00f3ximos 20 anos de trabalho de preven\u00e7\u00e3o do uso e abuso de subst\u00e2ncias em comunidades em todo o mundo.<\/p>\n<p>Tenho certeza de que qualquer pessoa que participar desta experi\u00eancia sair\u00e1 do meio do ano com estrat\u00e9gias, recursos e conex\u00f5es para revigorar seu trabalho. Estou igualmente confiante de que, ao relembrar esta experi\u00eancia daqui a um ano, sentirei novamente um enorme sentimento de gratid\u00e3o por aqueles de voc\u00eas que fizeram <strong>20 do CADCA<sup>\u00ba<\/sup> Instituto Anual de Treinamento Semestral<\/strong> poss\u00edvel.<\/p>\n<p>Vejo voc\u00ea em julho,<\/p>\n<p><strong>Angelique Wilkins<\/strong><\/p>\n<p>Vice-presidente, Comunica\u00e7\u00f5es e Reuni\u00f5es<\/p>","protected":false},"excerpt":{"rendered":"<p>Neste ver\u00e3o, o CADCA sediar\u00e1 o 20\u00ba Instituto Anual de Treinamento Semestral. Como Vice-Presidente de Comunica\u00e7\u00f5es e Reuni\u00f5es do CADCA, eu<\/p>","protected":false},"author":23,"featured_media":2282,"comment_status":"closed","ping_status":"closed","sticky":false,"template":"","format":"standard","meta":{"_acf_changed":false,"inline_featured_image":false,"footnotes":""},"categories":[219],"tags":[],"class_list":["post-18030","post","type-post","status-publish","format-standard","has-post-thumbnail","hentry","category-blog"],"acf":[],"yoast_head":"<!-- This site is optimized with the Yoast SEO plugin v27.4 - https:\/\/yoast.com\/product\/yoast-seo-wordpress\/ -->\n<title>CADCA&#039;s VP of Communications and Meetings Reflects on Training in a Global Pandemic | CADCA<\/title>\n<meta name=\"description\" content=\"CADCA represents over 5,000 community coalitions that involve individuals from key sectors including schools, law enforcement, youth, parents, healthcare, media, tribal communities and others\" \/>\n<meta name=\"robots\" content=\"index, follow, max-snippet:-1, max-image-preview:large, max-video-preview:-1\" \/>\n<link rel=\"canonical\" href=\"https:\/\/www.cadca.org\/pt\/blog\/cadcas-vp-of-communications-and-meetings-reflects-on-training-in-a-global-pandemic\/\" \/>\n<meta property=\"og:locale\" content=\"pt_PT\" \/>\n<meta property=\"og:type\" content=\"article\" \/>\n<meta property=\"og:title\" content=\"CADCA&#039;s VP of Communications and Meetings Reflects on Training in a Global Pandemic | CADCA\" \/>\n<meta property=\"og:description\" content=\"CADCA represents over 5,000 community coalitions that involve individuals from key sectors including schools, law enforcement, youth, parents, healthcare, media, tribal communities and others\" \/>\n<meta property=\"og:url\" content=\"https:\/\/www.cadca.org\/pt\/blog\/cadcas-vp-of-communications-and-meetings-reflects-on-training-in-a-global-pandemic\/\" \/>\n<meta property=\"og:site_name\" content=\"CADCA\" \/>\n<meta property=\"article:published_time\" content=\"2021-03-10T00:00:00+00:00\" \/>\n<meta property=\"og:image\" content=\"https:\/\/www.cadca.org\/wp-content\/uploads\/2022\/03\/gold_banners-625x532-1.jpg\" \/>\n\t<meta property=\"og:image:width\" content=\"625\" \/>\n\t<meta property=\"og:image:height\" content=\"532\" \/>\n\t<meta property=\"og:image:type\" content=\"image\/jpeg\" \/>\n<meta name=\"author\" content=\"Marianne Varkiani\" \/>\n<meta name=\"twitter:card\" content=\"summary_large_image\" \/>\n<meta name=\"twitter:label1\" content=\"Escrito por\" \/>\n\t<meta name=\"twitter:data1\" content=\"Marianne Varkiani\" \/>\n\t<meta name=\"twitter:label2\" content=\"Tempo estimado de leitura\" \/>\n\t<meta name=\"twitter:data2\" content=\"2 minutos\" \/>\n<script type=\"application\/ld+json\" class=\"yoast-schema-graph\">{\"@context\":\"https:\\\/\\\/schema.org\",\"@graph\":[{\"@type\":\"Article\",\"@id\":\"https:\\\/\\\/www.cadca.org\\\/blog\\\/cadcas-vp-of-communications-and-meetings-reflects-on-training-in-a-global-pandemic\\\/#article\",\"isPartOf\":{\"@id\":\"https:\\\/\\\/www.cadca.org\\\/blog\\\/cadcas-vp-of-communications-and-meetings-reflects-on-training-in-a-global-pandemic\\\/\"},\"author\":{\"name\":\"Marianne Varkiani\",\"@id\":\"https:\\\/\\\/www.cadca.org\\\/#\\\/schema\\\/person\\\/8e6cb67aa13c20300a849b431c929dd2\"},\"headline\":\"CADCA&#8217;s VP of Communications and Meetings Reflects on Training in a Global Pandemic\",\"datePublished\":\"2021-03-10T00:00:00+00:00\",\"mainEntityOfPage\":{\"@id\":\"https:\\\/\\\/www.cadca.org\\\/blog\\\/cadcas-vp-of-communications-and-meetings-reflects-on-training-in-a-global-pandemic\\\/\"},\"wordCount\":492,\"image\":{\"@id\":\"https:\\\/\\\/www.cadca.org\\\/blog\\\/cadcas-vp-of-communications-and-meetings-reflects-on-training-in-a-global-pandemic\\\/#primaryimage\"},\"thumbnailUrl\":\"https:\\\/\\\/www.cadca.org\\\/wp-content\\\/uploads\\\/2022\\\/03\\\/gold_banners-625x532-1.jpg\",\"articleSection\":[\"Blog\"],\"inLanguage\":\"pt-PT\"},{\"@type\":\"WebPage\",\"@id\":\"https:\\\/\\\/www.cadca.org\\\/blog\\\/cadcas-vp-of-communications-and-meetings-reflects-on-training-in-a-global-pandemic\\\/\",\"url\":\"https:\\\/\\\/www.cadca.org\\\/blog\\\/cadcas-vp-of-communications-and-meetings-reflects-on-training-in-a-global-pandemic\\\/\",\"name\":\"CADCA's VP of Communications and Meetings Reflects on Training in a Global Pandemic | CADCA\",\"isPartOf\":{\"@id\":\"https:\\\/\\\/www.cadca.org\\\/#website\"},\"primaryImageOfPage\":{\"@id\":\"https:\\\/\\\/www.cadca.org\\\/blog\\\/cadcas-vp-of-communications-and-meetings-reflects-on-training-in-a-global-pandemic\\\/#primaryimage\"},\"image\":{\"@id\":\"https:\\\/\\\/www.cadca.org\\\/blog\\\/cadcas-vp-of-communications-and-meetings-reflects-on-training-in-a-global-pandemic\\\/#primaryimage\"},\"thumbnailUrl\":\"https:\\\/\\\/www.cadca.org\\\/wp-content\\\/uploads\\\/2022\\\/03\\\/gold_banners-625x532-1.jpg\",\"datePublished\":\"2021-03-10T00:00:00+00:00\",\"author\":{\"@id\":\"https:\\\/\\\/www.cadca.org\\\/#\\\/schema\\\/person\\\/8e6cb67aa13c20300a849b431c929dd2\"},\"description\":\"CADCA represents over 5,000 community coalitions that involve individuals from key sectors including schools, law enforcement, youth, parents, healthcare, media, tribal communities and others\",\"breadcrumb\":{\"@id\":\"https:\\\/\\\/www.cadca.org\\\/blog\\\/cadcas-vp-of-communications-and-meetings-reflects-on-training-in-a-global-pandemic\\\/#breadcrumb\"},\"inLanguage\":\"pt-PT\",\"potentialAction\":[{\"@type\":\"ReadAction\",\"target\":[\"https:\\\/\\\/www.cadca.org\\\/blog\\\/cadcas-vp-of-communications-and-meetings-reflects-on-training-in-a-global-pandemic\\\/\"]}]},{\"@type\":\"ImageObject\",\"inLanguage\":\"pt-PT\",\"@id\":\"https:\\\/\\\/www.cadca.org\\\/blog\\\/cadcas-vp-of-communications-and-meetings-reflects-on-training-in-a-global-pandemic\\\/#primaryimage\",\"url\":\"https:\\\/\\\/www.cadca.org\\\/wp-content\\\/uploads\\\/2022\\\/03\\\/gold_banners-625x532-1.jpg\",\"contentUrl\":\"https:\\\/\\\/www.cadca.org\\\/wp-content\\\/uploads\\\/2022\\\/03\\\/gold_banners-625x532-1.jpg\",\"width\":625,\"height\":532},{\"@type\":\"BreadcrumbList\",\"@id\":\"https:\\\/\\\/www.cadca.org\\\/blog\\\/cadcas-vp-of-communications-and-meetings-reflects-on-training-in-a-global-pandemic\\\/#breadcrumb\",\"itemListElement\":[{\"@type\":\"ListItem\",\"position\":1,\"name\":\"Home\",\"item\":\"https:\\\/\\\/www.cadca.org\\\/\"},{\"@type\":\"ListItem\",\"position\":2,\"name\":\"CADCA&#8217;s VP of Communications and Meetings Reflects on Training in a Global Pandemic\"}]},{\"@type\":\"WebSite\",\"@id\":\"https:\\\/\\\/www.cadca.org\\\/#website\",\"url\":\"https:\\\/\\\/www.cadca.org\\\/\",\"name\":\"CADCA\",\"description\":\"The Premier Prevention Association\",\"potentialAction\":[{\"@type\":\"SearchAction\",\"target\":{\"@type\":\"EntryPoint\",\"urlTemplate\":\"https:\\\/\\\/www.cadca.org\\\/?s={search_term_string}\"},\"query-input\":{\"@type\":\"PropertyValueSpecification\",\"valueRequired\":true,\"valueName\":\"search_term_string\"}}],\"inLanguage\":\"pt-PT\"},{\"@type\":\"Person\",\"@id\":\"https:\\\/\\\/www.cadca.org\\\/#\\\/schema\\\/person\\\/8e6cb67aa13c20300a849b431c929dd2\",\"name\":\"Marianne Varkiani\"}]}<\/script>\n<!-- \/ Yoast SEO plugin. -->","yoast_head_json":{"title":"CADCA's VP of Communications and Meetings Reflects on Training in a Global Pandemic | CADCA","description":"CADCA represents over 5,000 community coalitions that involve individuals from key sectors including schools, law enforcement, youth, parents, healthcare, media, tribal communities and others","robots":{"index":"index","follow":"follow","max-snippet":"max-snippet:-1","max-image-preview":"max-image-preview:large","max-video-preview":"max-video-preview:-1"},"canonical":"https:\/\/www.cadca.org\/pt\/blog\/cadcas-vp-of-communications-and-meetings-reflects-on-training-in-a-global-pandemic\/","og_locale":"pt_PT","og_type":"article","og_title":"CADCA's VP of Communications and Meetings Reflects on Training in a Global Pandemic | CADCA","og_description":"CADCA represents over 5,000 community coalitions that involve individuals from key sectors including schools, law enforcement, youth, parents, healthcare, media, tribal communities and others","og_url":"https:\/\/www.cadca.org\/pt\/blog\/cadcas-vp-of-communications-and-meetings-reflects-on-training-in-a-global-pandemic\/","og_site_name":"CADCA","article_published_time":"2021-03-10T00:00:00+00:00","og_image":[{"width":625,"height":532,"url":"https:\/\/www.cadca.org\/wp-content\/uploads\/2022\/03\/gold_banners-625x532-1.jpg","type":"image\/jpeg"}],"author":"Marianne Varkiani","twitter_card":"summary_large_image","twitter_misc":{"Escrito por":"Marianne Varkiani","Tempo estimado de leitura":"2 minutos"},"schema":{"@context":"https:\/\/schema.org","@graph":[{"@type":"Article","@id":"https:\/\/www.cadca.org\/blog\/cadcas-vp-of-communications-and-meetings-reflects-on-training-in-a-global-pandemic\/#article","isPartOf":{"@id":"https:\/\/www.cadca.org\/blog\/cadcas-vp-of-communications-and-meetings-reflects-on-training-in-a-global-pandemic\/"},"author":{"name":"Marianne Varkiani","@id":"https:\/\/www.cadca.org\/#\/schema\/person\/8e6cb67aa13c20300a849b431c929dd2"},"headline":"CADCA&#8217;s VP of Communications and Meetings Reflects on Training in a Global Pandemic","datePublished":"2021-03-10T00:00:00+00:00","mainEntityOfPage":{"@id":"https:\/\/www.cadca.org\/blog\/cadcas-vp-of-communications-and-meetings-reflects-on-training-in-a-global-pandemic\/"},"wordCount":492,"image":{"@id":"https:\/\/www.cadca.org\/blog\/cadcas-vp-of-communications-and-meetings-reflects-on-training-in-a-global-pandemic\/#primaryimage"},"thumbnailUrl":"https:\/\/www.cadca.org\/wp-content\/uploads\/2022\/03\/gold_banners-625x532-1.jpg","articleSection":["Blog"],"inLanguage":"pt-PT"},{"@type":"WebPage","@id":"https:\/\/www.cadca.org\/blog\/cadcas-vp-of-communications-and-meetings-reflects-on-training-in-a-global-pandemic\/","url":"https:\/\/www.cadca.org\/blog\/cadcas-vp-of-communications-and-meetings-reflects-on-training-in-a-global-pandemic\/","name":"CADCA's VP of Communications and Meetings Reflects on Training in a Global Pandemic | CADCA","isPartOf":{"@id":"https:\/\/www.cadca.org\/#website"},"primaryImageOfPage":{"@id":"https:\/\/www.cadca.org\/blog\/cadcas-vp-of-communications-and-meetings-reflects-on-training-in-a-global-pandemic\/#primaryimage"},"image":{"@id":"https:\/\/www.cadca.org\/blog\/cadcas-vp-of-communications-and-meetings-reflects-on-training-in-a-global-pandemic\/#primaryimage"},"thumbnailUrl":"https:\/\/www.cadca.org\/wp-content\/uploads\/2022\/03\/gold_banners-625x532-1.jpg","datePublished":"2021-03-10T00:00:00+00:00","author":{"@id":"https:\/\/www.cadca.org\/#\/schema\/person\/8e6cb67aa13c20300a849b431c929dd2"},"description":"CADCA represents over 5,000 community coalitions that involve individuals from key sectors including schools, law enforcement, youth, parents, healthcare, media, tribal communities and others","breadcrumb":{"@id":"https:\/\/www.cadca.org\/blog\/cadcas-vp-of-communications-and-meetings-reflects-on-training-in-a-global-pandemic\/#breadcrumb"},"inLanguage":"pt-PT","potentialAction":[{"@type":"ReadAction","target":["https:\/\/www.cadca.org\/blog\/cadcas-vp-of-communications-and-meetings-reflects-on-training-in-a-global-pandemic\/"]}]},{"@type":"ImageObject","inLanguage":"pt-PT","@id":"https:\/\/www.cadca.org\/blog\/cadcas-vp-of-communications-and-meetings-reflects-on-training-in-a-global-pandemic\/#primaryimage","url":"https:\/\/www.cadca.org\/wp-content\/uploads\/2022\/03\/gold_banners-625x532-1.jpg","contentUrl":"https:\/\/www.cadca.org\/wp-content\/uploads\/2022\/03\/gold_banners-625x532-1.jpg","width":625,"height":532},{"@type":"BreadcrumbList","@id":"https:\/\/www.cadca.org\/blog\/cadcas-vp-of-communications-and-meetings-reflects-on-training-in-a-global-pandemic\/#breadcrumb","itemListElement":[{"@type":"ListItem","position":1,"name":"Home","item":"https:\/\/www.cadca.org\/"},{"@type":"ListItem","position":2,"name":"CADCA&#8217;s VP of Communications and Meetings Reflects on Training in a Global Pandemic"}]},{"@type":"WebSite","@id":"https:\/\/www.cadca.org\/#website","url":"https:\/\/www.cadca.org\/","name":"CADCA","description":"The Premier Prevention Association","potentialAction":[{"@type":"SearchAction","target":{"@type":"EntryPoint","urlTemplate":"https:\/\/www.cadca.org\/?s={search_term_string}"},"query-input":{"@type":"PropertyValueSpecification","valueRequired":true,"valueName":"search_term_string"}}],"inLanguage":"pt-PT"},{"@type":"Person","@id":"https:\/\/www.cadca.org\/#\/schema\/person\/8e6cb67aa13c20300a849b431c929dd2","name":"Marianne Varkiani"}]}},"_links":{"self":[{"href":"https:\/\/www.cadca.org\/pt\/wp-json\/wp\/v2\/posts\/18030","targetHints":{"allow":["GET"]}}],"collection":[{"href":"https:\/\/www.cadca.org\/pt\/wp-json\/wp\/v2\/posts"}],"about":[{"href":"https:\/\/www.cadca.org\/pt\/wp-json\/wp\/v2\/types\/post"}],"author":[{"embeddable":true,"href":"https:\/\/www.cadca.org\/pt\/wp-json\/wp\/v2\/users\/23"}],"replies":[{"embeddable":true,"href":"https:\/\/www.cadca.org\/pt\/wp-json\/wp\/v2\/comments?post=18030"}],"version-history":[{"count":0,"href":"https:\/\/www.cadca.org\/pt\/wp-json\/wp\/v2\/posts\/18030\/revisions"}],"wp:featuredmedia":[{"embeddable":true,"href":"https:\/\/www.cadca.org\/pt\/wp-json\/wp\/v2\/media\/2282"}],"wp:attachment":[{"href":"https:\/\/www.cadca.org\/pt\/wp-json\/wp\/v2\/media?parent=18030"}],"wp:term":[{"taxonomy":"category","embeddable":true,"href":"https:\/\/www.cadca.org\/pt\/wp-json\/wp\/v2\/categories?post=18030"},{"taxonomy":"post_tag","embeddable":true,"href":"https:\/\/www.cadca.org\/pt\/wp-json\/wp\/v2\/tags?post=18030"}],"curies":[{"name":"wp","href":"https:\/\/api.w.org\/{rel}","templated":true}]}}