{"id":18507,"date":"2014-02-12T00:00:00","date_gmt":"2014-02-12T00:00:00","guid":{"rendered":"https:\/\/cadca1stg.wpengine.com\/2014\/02\/12\/cadca-statement-on-cvs-decision-to-stop-selling-tobacco-products-by-october-1\/"},"modified":"2014-02-12T00:00:00","modified_gmt":"2014-02-12T00:00:00","slug":"cadca-statement-on-cvs-decision-to-stop-selling-tobacco-products-by-october-1","status":"publish","type":"post","link":"https:\/\/www.cadca.org\/fr\/statement\/cadca-statement-on-cvs-decision-to-stop-selling-tobacco-products-by-october-1\/","title":{"rendered":"D\u00e9claration de la CADCA sur la d\u00e9cision de CVS de cesser de vendre des produits du tabac d&#039;ici le 1er octobre"},"content":{"rendered":"<p><strong>Washington DC <\/strong>\u2013 \u00c0 la lumi\u00e8re de l&#039;annonce de CVS Caremark Corp. de cesser de vendre des produits du tabac d&#039;ici le 1er octobre, le g\u00e9n\u00e9ral Arthur T. Dean, pr\u00e9sident-directeur g\u00e9n\u00e9ral des Community Anti-Drug Coalitions of America (CADCA), a publi\u00e9 la d\u00e9claration suivante.<br \/>\n\u00a0<br \/>\n\u00ab CADCA f\u00e9licite CVS Caremark Corp. pour sa d\u00e9cision remarquable de retirer les produits du tabac de ses magasins d&#039;ici le 1er octobre et le lancement de son nouveau programme d&#039;abandon du tabac. Il s\u2019agit d\u2019un grand pas dans la bonne direction qui pourrait potentiellement sauver des milliers de vies et nous rapprocher de la prochaine g\u00e9n\u00e9ration sans tabac. Chez CADCA, nous saluons CVS et esp\u00e9rons que leur d\u00e9cision audacieuse encouragera un effet domino parmi les autres cha\u00eenes de vente au d\u00e9tail.<br \/>\n\u00a0<br \/>\nCADCA est la principale organisation nationale de pr\u00e9vention de la toxicomanie, repr\u00e9sentant plus de 5 000 coalitions communautaires qui travaillent \u00e0 r\u00e9duire la consommation d&#039;alcool, de tabac et d&#039;autres drogues.<\/p>","protected":false},"excerpt":{"rendered":"<p>Washington, DC \u2013 \u00c0 la lumi\u00e8re de l&#039;annonce faite par CVS Caremark Corp. de cesser de vendre des produits du tabac d&#039;ici le 1er octobre,<\/p>","protected":false},"author":23,"featured_media":1597,"comment_status":"closed","ping_status":"closed","sticky":false,"template":"","format":"standard","meta":{"_acf_changed":false,"inline_featured_image":false,"footnotes":""},"categories":[234],"tags":[],"class_list":["post-18507","post","type-post","status-publish","format-standard","has-post-thumbnail","hentry","category-statement"],"acf":[],"yoast_head":"<!-- This site is optimized with the Yoast SEO plugin v27.4 - https:\/\/yoast.com\/product\/yoast-seo-wordpress\/ -->\n<title>CADCA Statement on CVS Decision to Stop Selling Tobacco Products by October 1 | CADCA<\/title>\n<meta name=\"description\" content=\"CADCA represents over 5,000 community coalitions that involve individuals from key sectors including schools, law enforcement, youth, parents, healthcare, media, tribal communities and others\" \/>\n<meta name=\"robots\" content=\"index, follow, max-snippet:-1, max-image-preview:large, max-video-preview:-1\" \/>\n<link rel=\"canonical\" href=\"https:\/\/www.cadca.org\/fr\/statement\/cadca-statement-on-cvs-decision-to-stop-selling-tobacco-products-by-october-1\/\" \/>\n<meta property=\"og:locale\" content=\"fr_FR\" \/>\n<meta property=\"og:type\" content=\"article\" \/>\n<meta property=\"og:title\" content=\"CADCA Statement on CVS Decision to Stop Selling Tobacco Products by October 1 | CADCA\" \/>\n<meta property=\"og:description\" content=\"CADCA represents over 5,000 community coalitions that involve individuals from key sectors including schools, law enforcement, youth, parents, healthcare, media, tribal communities and others\" \/>\n<meta property=\"og:url\" content=\"https:\/\/www.cadca.org\/fr\/statement\/cadca-statement-on-cvs-decision-to-stop-selling-tobacco-products-by-october-1\/\" \/>\n<meta property=\"og:site_name\" content=\"CADCA\" \/>\n<meta property=\"article:published_time\" content=\"2014-02-12T00:00:00+00:00\" \/>\n<meta property=\"og:image\" content=\"https:\/\/www.cadca.org\/wp-content\/uploads\/2022\/03\/cadca-member-of-logo1.jpg\" \/>\n\t<meta property=\"og:image:width\" content=\"880\" \/>\n\t<meta property=\"og:image:height\" content=\"500\" \/>\n\t<meta property=\"og:image:type\" content=\"image\/jpeg\" \/>\n<meta name=\"author\" content=\"Marianne Varkiani\" \/>\n<meta name=\"twitter:card\" content=\"summary_large_image\" \/>\n<meta name=\"twitter:label1\" content=\"\u00c9crit par\" \/>\n\t<meta name=\"twitter:data1\" content=\"Marianne Varkiani\" \/>\n\t<meta name=\"twitter:label2\" content=\"Dur\u00e9e de lecture estim\u00e9e\" \/>\n\t<meta name=\"twitter:data2\" content=\"1 minute\" \/>\n<script type=\"application\/ld+json\" class=\"yoast-schema-graph\">{\"@context\":\"https:\\\/\\\/schema.org\",\"@graph\":[{\"@type\":\"Article\",\"@id\":\"https:\\\/\\\/www.cadca.org\\\/statement\\\/cadca-statement-on-cvs-decision-to-stop-selling-tobacco-products-by-october-1\\\/#article\",\"isPartOf\":{\"@id\":\"https:\\\/\\\/www.cadca.org\\\/statement\\\/cadca-statement-on-cvs-decision-to-stop-selling-tobacco-products-by-october-1\\\/\"},\"author\":{\"name\":\"Marianne Varkiani\",\"@id\":\"https:\\\/\\\/www.cadca.org\\\/#\\\/schema\\\/person\\\/8e6cb67aa13c20300a849b431c929dd2\"},\"headline\":\"CADCA Statement on CVS Decision to Stop Selling Tobacco Products by October 1\",\"datePublished\":\"2014-02-12T00:00:00+00:00\",\"mainEntityOfPage\":{\"@id\":\"https:\\\/\\\/www.cadca.org\\\/statement\\\/cadca-statement-on-cvs-decision-to-stop-selling-tobacco-products-by-october-1\\\/\"},\"wordCount\":148,\"image\":{\"@id\":\"https:\\\/\\\/www.cadca.org\\\/statement\\\/cadca-statement-on-cvs-decision-to-stop-selling-tobacco-products-by-october-1\\\/#primaryimage\"},\"thumbnailUrl\":\"https:\\\/\\\/www.cadca.org\\\/wp-content\\\/uploads\\\/2022\\\/03\\\/cadca-member-of-logo1.jpg\",\"articleSection\":[\"Statement\"],\"inLanguage\":\"fr-FR\"},{\"@type\":\"WebPage\",\"@id\":\"https:\\\/\\\/www.cadca.org\\\/statement\\\/cadca-statement-on-cvs-decision-to-stop-selling-tobacco-products-by-october-1\\\/\",\"url\":\"https:\\\/\\\/www.cadca.org\\\/statement\\\/cadca-statement-on-cvs-decision-to-stop-selling-tobacco-products-by-october-1\\\/\",\"name\":\"CADCA Statement on CVS Decision to Stop Selling Tobacco Products by October 1 | CADCA\",\"isPartOf\":{\"@id\":\"https:\\\/\\\/www.cadca.org\\\/#website\"},\"primaryImageOfPage\":{\"@id\":\"https:\\\/\\\/www.cadca.org\\\/statement\\\/cadca-statement-on-cvs-decision-to-stop-selling-tobacco-products-by-october-1\\\/#primaryimage\"},\"image\":{\"@id\":\"https:\\\/\\\/www.cadca.org\\\/statement\\\/cadca-statement-on-cvs-decision-to-stop-selling-tobacco-products-by-october-1\\\/#primaryimage\"},\"thumbnailUrl\":\"https:\\\/\\\/www.cadca.org\\\/wp-content\\\/uploads\\\/2022\\\/03\\\/cadca-member-of-logo1.jpg\",\"datePublished\":\"2014-02-12T00:00:00+00:00\",\"author\":{\"@id\":\"https:\\\/\\\/www.cadca.org\\\/#\\\/schema\\\/person\\\/8e6cb67aa13c20300a849b431c929dd2\"},\"description\":\"CADCA represents over 5,000 community coalitions that involve individuals from key sectors including schools, law enforcement, youth, parents, healthcare, media, tribal communities and others\",\"breadcrumb\":{\"@id\":\"https:\\\/\\\/www.cadca.org\\\/statement\\\/cadca-statement-on-cvs-decision-to-stop-selling-tobacco-products-by-october-1\\\/#breadcrumb\"},\"inLanguage\":\"fr-FR\",\"potentialAction\":[{\"@type\":\"ReadAction\",\"target\":[\"https:\\\/\\\/www.cadca.org\\\/statement\\\/cadca-statement-on-cvs-decision-to-stop-selling-tobacco-products-by-october-1\\\/\"]}]},{\"@type\":\"ImageObject\",\"inLanguage\":\"fr-FR\",\"@id\":\"https:\\\/\\\/www.cadca.org\\\/statement\\\/cadca-statement-on-cvs-decision-to-stop-selling-tobacco-products-by-october-1\\\/#primaryimage\",\"url\":\"https:\\\/\\\/www.cadca.org\\\/wp-content\\\/uploads\\\/2022\\\/03\\\/cadca-member-of-logo1.jpg\",\"contentUrl\":\"https:\\\/\\\/www.cadca.org\\\/wp-content\\\/uploads\\\/2022\\\/03\\\/cadca-member-of-logo1.jpg\",\"width\":880,\"height\":500},{\"@type\":\"BreadcrumbList\",\"@id\":\"https:\\\/\\\/www.cadca.org\\\/statement\\\/cadca-statement-on-cvs-decision-to-stop-selling-tobacco-products-by-october-1\\\/#breadcrumb\",\"itemListElement\":[{\"@type\":\"ListItem\",\"position\":1,\"name\":\"Home\",\"item\":\"https:\\\/\\\/www.cadca.org\\\/\"},{\"@type\":\"ListItem\",\"position\":2,\"name\":\"CADCA Statement on CVS Decision to Stop Selling Tobacco Products by October 1\"}]},{\"@type\":\"WebSite\",\"@id\":\"https:\\\/\\\/www.cadca.org\\\/#website\",\"url\":\"https:\\\/\\\/www.cadca.org\\\/\",\"name\":\"CADCA\",\"description\":\"The Premier Prevention Association\",\"potentialAction\":[{\"@type\":\"SearchAction\",\"target\":{\"@type\":\"EntryPoint\",\"urlTemplate\":\"https:\\\/\\\/www.cadca.org\\\/?s={search_term_string}\"},\"query-input\":{\"@type\":\"PropertyValueSpecification\",\"valueRequired\":true,\"valueName\":\"search_term_string\"}}],\"inLanguage\":\"fr-FR\"},{\"@type\":\"Person\",\"@id\":\"https:\\\/\\\/www.cadca.org\\\/#\\\/schema\\\/person\\\/8e6cb67aa13c20300a849b431c929dd2\",\"name\":\"Marianne Varkiani\"}]}<\/script>\n<!-- \/ Yoast SEO plugin. -->","yoast_head_json":{"title":"CADCA Statement on CVS Decision to Stop Selling Tobacco Products by October 1 | CADCA","description":"CADCA represents over 5,000 community coalitions that involve individuals from key sectors including schools, law enforcement, youth, parents, healthcare, media, tribal communities and others","robots":{"index":"index","follow":"follow","max-snippet":"max-snippet:-1","max-image-preview":"max-image-preview:large","max-video-preview":"max-video-preview:-1"},"canonical":"https:\/\/www.cadca.org\/fr\/statement\/cadca-statement-on-cvs-decision-to-stop-selling-tobacco-products-by-october-1\/","og_locale":"fr_FR","og_type":"article","og_title":"CADCA Statement on CVS Decision to Stop Selling Tobacco Products by October 1 | CADCA","og_description":"CADCA represents over 5,000 community coalitions that involve individuals from key sectors including schools, law enforcement, youth, parents, healthcare, media, tribal communities and others","og_url":"https:\/\/www.cadca.org\/fr\/statement\/cadca-statement-on-cvs-decision-to-stop-selling-tobacco-products-by-october-1\/","og_site_name":"CADCA","article_published_time":"2014-02-12T00:00:00+00:00","og_image":[{"width":880,"height":500,"url":"https:\/\/www.cadca.org\/wp-content\/uploads\/2022\/03\/cadca-member-of-logo1.jpg","type":"image\/jpeg"}],"author":"Marianne Varkiani","twitter_card":"summary_large_image","twitter_misc":{"\u00c9crit par":"Marianne Varkiani","Dur\u00e9e de lecture estim\u00e9e":"1 minute"},"schema":{"@context":"https:\/\/schema.org","@graph":[{"@type":"Article","@id":"https:\/\/www.cadca.org\/statement\/cadca-statement-on-cvs-decision-to-stop-selling-tobacco-products-by-october-1\/#article","isPartOf":{"@id":"https:\/\/www.cadca.org\/statement\/cadca-statement-on-cvs-decision-to-stop-selling-tobacco-products-by-october-1\/"},"author":{"name":"Marianne Varkiani","@id":"https:\/\/www.cadca.org\/#\/schema\/person\/8e6cb67aa13c20300a849b431c929dd2"},"headline":"CADCA Statement on CVS Decision to Stop Selling Tobacco Products by October 1","datePublished":"2014-02-12T00:00:00+00:00","mainEntityOfPage":{"@id":"https:\/\/www.cadca.org\/statement\/cadca-statement-on-cvs-decision-to-stop-selling-tobacco-products-by-october-1\/"},"wordCount":148,"image":{"@id":"https:\/\/www.cadca.org\/statement\/cadca-statement-on-cvs-decision-to-stop-selling-tobacco-products-by-october-1\/#primaryimage"},"thumbnailUrl":"https:\/\/www.cadca.org\/wp-content\/uploads\/2022\/03\/cadca-member-of-logo1.jpg","articleSection":["Statement"],"inLanguage":"fr-FR"},{"@type":"WebPage","@id":"https:\/\/www.cadca.org\/statement\/cadca-statement-on-cvs-decision-to-stop-selling-tobacco-products-by-october-1\/","url":"https:\/\/www.cadca.org\/statement\/cadca-statement-on-cvs-decision-to-stop-selling-tobacco-products-by-october-1\/","name":"CADCA Statement on CVS Decision to Stop Selling Tobacco Products by October 1 | CADCA","isPartOf":{"@id":"https:\/\/www.cadca.org\/#website"},"primaryImageOfPage":{"@id":"https:\/\/www.cadca.org\/statement\/cadca-statement-on-cvs-decision-to-stop-selling-tobacco-products-by-october-1\/#primaryimage"},"image":{"@id":"https:\/\/www.cadca.org\/statement\/cadca-statement-on-cvs-decision-to-stop-selling-tobacco-products-by-october-1\/#primaryimage"},"thumbnailUrl":"https:\/\/www.cadca.org\/wp-content\/uploads\/2022\/03\/cadca-member-of-logo1.jpg","datePublished":"2014-02-12T00:00:00+00:00","author":{"@id":"https:\/\/www.cadca.org\/#\/schema\/person\/8e6cb67aa13c20300a849b431c929dd2"},"description":"CADCA represents over 5,000 community coalitions that involve individuals from key sectors including schools, law enforcement, youth, parents, healthcare, media, tribal communities and others","breadcrumb":{"@id":"https:\/\/www.cadca.org\/statement\/cadca-statement-on-cvs-decision-to-stop-selling-tobacco-products-by-october-1\/#breadcrumb"},"inLanguage":"fr-FR","potentialAction":[{"@type":"ReadAction","target":["https:\/\/www.cadca.org\/statement\/cadca-statement-on-cvs-decision-to-stop-selling-tobacco-products-by-october-1\/"]}]},{"@type":"ImageObject","inLanguage":"fr-FR","@id":"https:\/\/www.cadca.org\/statement\/cadca-statement-on-cvs-decision-to-stop-selling-tobacco-products-by-october-1\/#primaryimage","url":"https:\/\/www.cadca.org\/wp-content\/uploads\/2022\/03\/cadca-member-of-logo1.jpg","contentUrl":"https:\/\/www.cadca.org\/wp-content\/uploads\/2022\/03\/cadca-member-of-logo1.jpg","width":880,"height":500},{"@type":"BreadcrumbList","@id":"https:\/\/www.cadca.org\/statement\/cadca-statement-on-cvs-decision-to-stop-selling-tobacco-products-by-october-1\/#breadcrumb","itemListElement":[{"@type":"ListItem","position":1,"name":"Home","item":"https:\/\/www.cadca.org\/"},{"@type":"ListItem","position":2,"name":"CADCA Statement on CVS Decision to Stop Selling Tobacco Products by October 1"}]},{"@type":"WebSite","@id":"https:\/\/www.cadca.org\/#website","url":"https:\/\/www.cadca.org\/","name":"CADCA","description":"The Premier Prevention Association","potentialAction":[{"@type":"SearchAction","target":{"@type":"EntryPoint","urlTemplate":"https:\/\/www.cadca.org\/?s={search_term_string}"},"query-input":{"@type":"PropertyValueSpecification","valueRequired":true,"valueName":"search_term_string"}}],"inLanguage":"fr-FR"},{"@type":"Person","@id":"https:\/\/www.cadca.org\/#\/schema\/person\/8e6cb67aa13c20300a849b431c929dd2","name":"Marianne Varkiani"}]}},"_links":{"self":[{"href":"https:\/\/www.cadca.org\/fr\/wp-json\/wp\/v2\/posts\/18507","targetHints":{"allow":["GET"]}}],"collection":[{"href":"https:\/\/www.cadca.org\/fr\/wp-json\/wp\/v2\/posts"}],"about":[{"href":"https:\/\/www.cadca.org\/fr\/wp-json\/wp\/v2\/types\/post"}],"author":[{"embeddable":true,"href":"https:\/\/www.cadca.org\/fr\/wp-json\/wp\/v2\/users\/23"}],"replies":[{"embeddable":true,"href":"https:\/\/www.cadca.org\/fr\/wp-json\/wp\/v2\/comments?post=18507"}],"version-history":[{"count":0,"href":"https:\/\/www.cadca.org\/fr\/wp-json\/wp\/v2\/posts\/18507\/revisions"}],"wp:featuredmedia":[{"embeddable":true,"href":"https:\/\/www.cadca.org\/fr\/wp-json\/wp\/v2\/media\/1597"}],"wp:attachment":[{"href":"https:\/\/www.cadca.org\/fr\/wp-json\/wp\/v2\/media?parent=18507"}],"wp:term":[{"taxonomy":"category","embeddable":true,"href":"https:\/\/www.cadca.org\/fr\/wp-json\/wp\/v2\/categories?post=18507"},{"taxonomy":"post_tag","embeddable":true,"href":"https:\/\/www.cadca.org\/fr\/wp-json\/wp\/v2\/tags?post=18507"}],"curies":[{"name":"wp","href":"https:\/\/api.w.org\/{rel}","templated":true}]}}