{"id":18459,"date":"2016-02-16T00:00:00","date_gmt":"2016-02-16T00:00:00","guid":{"rendered":"https:\/\/cadca1stg.wpengine.com\/2016\/02\/16\/remembering-tad-foote\/"},"modified":"2016-02-16T00:00:00","modified_gmt":"2016-02-16T00:00:00","slug":"remembering-tad-foote","status":"publish","type":"post","link":"https:\/\/www.cadca.org\/fr\/statement\/remembering-tad-foote\/","title":{"rendered":"En souvenir de Tad Foote"},"content":{"rendered":"<p>Le conseil d&#039;administration, le personnel et les membres des Community Anti-Drug Coalitions of America (CADCA) se joignent aujourd&#039;hui au souvenir et \u00e0 la c\u00e9l\u00e9bration de la vie d&#039;Edward Thaddeus \u00ab Tad \u00bb Foote II, quatri\u00e8me pr\u00e9sident de l&#039;Universit\u00e9 de Miami et membre fondateur de le conseil d\u2019administration du CADCA. \u00a0<\/p>\n<p>Tad Foote a \u00e9t\u00e9 membre du premier Conseil consultatif pr\u00e9sidentiel sur les drogues du pays. En tant que membre fondateur du conseil d&#039;administration de la CADCA, il a servi la CADCA avec distinction d&#039;octobre 1992 \u00e0 f\u00e9vrier 2011.\u00a0\u00a0\u00a0<\/p>\n<p>Depuis sa base de l&#039;Universit\u00e9 de Miami, Tad Foote s&#039;est attaqu\u00e9 de front aux probl\u00e8mes de drogue et de criminalit\u00e9 de Miami. Il a ralli\u00e9 les dirigeants d&#039;entreprise et civiques de Miami pour cr\u00e9er la Coalition de Miami pour une communaut\u00e9 s\u00fbre et sans drogue, dont il a \u00e9t\u00e9 pr\u00e9sident fondateur. Ce groupe de travail \u00e0 grande \u00e9chelle a abord\u00e9 les probl\u00e8mes de drogue de la communaut\u00e9 sous tous les angles imaginables, depuis la cr\u00e9ation de zones scolaires sans drogue jusqu&#039;\u00e0 l&#039;\u00e9tablissement de programmes de traitement. La Coalition de Miami est devenue un mod\u00e8le \u00e0 suivre pour les coalitions communautaires antidrogue.\u00a0<\/p>\n<p>Tad Foote \u00e9tait un humanitaire dans tous les sens du terme. Il fut v\u00e9ritablement l\u2019un des pionniers du mouvement de coalition. En 2011, CADCA a eu l&#039;occasion de reconna\u00eetre officiellement les nombreuses contributions de Tad \u00e0 la pr\u00e9vention de la toxicomanie et \u00e0 la soci\u00e9t\u00e9 en g\u00e9n\u00e9ral en lui remettant notre Prix pour services distingu\u00e9s \u00e0 vie.<\/p>\n<p>CADCA pr\u00e9sente ses plus sinc\u00e8res condol\u00e9ances \u00e0 la famille Foote et nous nous joignons \u00e0 la foule des nombreux amis de Tad pour c\u00e9l\u00e9brer sa vie inspirante.\u00a0\u00a0<\/p>\n<p>\u00a0<\/p>\n<p><a href=\"https:\/\/www.facebook.com\/CADCA\" target=\"_blank\" rel=\"noopener\"><em>Publiez vos souvenirs de M. Foote sur la page Facebook de CADCA.<\/em><\/a><\/p>","protected":false},"excerpt":{"rendered":"<p>Le conseil d&#039;administration, le personnel et les membres des Community Anti-Drug Coalitions of America (CADCA) se joignent aujourd&#039;hui au souvenir et \u00e0 la c\u00e9l\u00e9bration.<\/p>","protected":false},"author":23,"featured_media":1597,"comment_status":"closed","ping_status":"closed","sticky":false,"template":"","format":"standard","meta":{"_acf_changed":false,"inline_featured_image":false,"footnotes":""},"categories":[234],"tags":[],"class_list":["post-18459","post","type-post","status-publish","format-standard","has-post-thumbnail","hentry","category-statement"],"acf":[],"yoast_head":"<!-- This site is optimized with the Yoast SEO plugin v27.4 - https:\/\/yoast.com\/product\/yoast-seo-wordpress\/ -->\n<title>Remembering Tad Foote | CADCA<\/title>\n<meta name=\"description\" content=\"CADCA represents over 5,000 community coalitions that involve individuals from key sectors including schools, law enforcement, youth, parents, healthcare, media, tribal communities and others\" \/>\n<meta name=\"robots\" content=\"index, follow, max-snippet:-1, max-image-preview:large, max-video-preview:-1\" \/>\n<link rel=\"canonical\" href=\"https:\/\/www.cadca.org\/fr\/statement\/remembering-tad-foote\/\" \/>\n<meta property=\"og:locale\" content=\"fr_FR\" \/>\n<meta property=\"og:type\" content=\"article\" \/>\n<meta property=\"og:title\" content=\"Remembering Tad Foote | CADCA\" \/>\n<meta property=\"og:description\" content=\"CADCA represents over 5,000 community coalitions that involve individuals from key sectors including schools, law enforcement, youth, parents, healthcare, media, tribal communities and others\" \/>\n<meta property=\"og:url\" content=\"https:\/\/www.cadca.org\/fr\/statement\/remembering-tad-foote\/\" \/>\n<meta property=\"og:site_name\" content=\"CADCA\" \/>\n<meta property=\"article:published_time\" content=\"2016-02-16T00:00:00+00:00\" \/>\n<meta property=\"og:image\" content=\"https:\/\/www.cadca.org\/wp-content\/uploads\/2022\/03\/cadca-member-of-logo1.jpg\" \/>\n\t<meta property=\"og:image:width\" content=\"880\" \/>\n\t<meta property=\"og:image:height\" content=\"500\" \/>\n\t<meta property=\"og:image:type\" content=\"image\/jpeg\" \/>\n<meta name=\"author\" content=\"Marianne Varkiani\" \/>\n<meta name=\"twitter:card\" content=\"summary_large_image\" \/>\n<meta name=\"twitter:label1\" content=\"\u00c9crit par\" \/>\n\t<meta name=\"twitter:data1\" content=\"Marianne Varkiani\" \/>\n\t<meta name=\"twitter:label2\" content=\"Dur\u00e9e de lecture estim\u00e9e\" \/>\n\t<meta name=\"twitter:data2\" content=\"1 minute\" \/>\n<script type=\"application\/ld+json\" class=\"yoast-schema-graph\">{\"@context\":\"https:\\\/\\\/schema.org\",\"@graph\":[{\"@type\":\"Article\",\"@id\":\"https:\\\/\\\/www.cadca.org\\\/statement\\\/remembering-tad-foote\\\/#article\",\"isPartOf\":{\"@id\":\"https:\\\/\\\/www.cadca.org\\\/statement\\\/remembering-tad-foote\\\/\"},\"author\":{\"name\":\"Marianne Varkiani\",\"@id\":\"https:\\\/\\\/www.cadca.org\\\/#\\\/schema\\\/person\\\/8e6cb67aa13c20300a849b431c929dd2\"},\"headline\":\"Remembering Tad Foote\",\"datePublished\":\"2016-02-16T00:00:00+00:00\",\"mainEntityOfPage\":{\"@id\":\"https:\\\/\\\/www.cadca.org\\\/statement\\\/remembering-tad-foote\\\/\"},\"wordCount\":243,\"image\":{\"@id\":\"https:\\\/\\\/www.cadca.org\\\/statement\\\/remembering-tad-foote\\\/#primaryimage\"},\"thumbnailUrl\":\"https:\\\/\\\/www.cadca.org\\\/wp-content\\\/uploads\\\/2022\\\/03\\\/cadca-member-of-logo1.jpg\",\"articleSection\":[\"Statement\"],\"inLanguage\":\"fr-FR\"},{\"@type\":\"WebPage\",\"@id\":\"https:\\\/\\\/www.cadca.org\\\/statement\\\/remembering-tad-foote\\\/\",\"url\":\"https:\\\/\\\/www.cadca.org\\\/statement\\\/remembering-tad-foote\\\/\",\"name\":\"Remembering Tad Foote | CADCA\",\"isPartOf\":{\"@id\":\"https:\\\/\\\/www.cadca.org\\\/#website\"},\"primaryImageOfPage\":{\"@id\":\"https:\\\/\\\/www.cadca.org\\\/statement\\\/remembering-tad-foote\\\/#primaryimage\"},\"image\":{\"@id\":\"https:\\\/\\\/www.cadca.org\\\/statement\\\/remembering-tad-foote\\\/#primaryimage\"},\"thumbnailUrl\":\"https:\\\/\\\/www.cadca.org\\\/wp-content\\\/uploads\\\/2022\\\/03\\\/cadca-member-of-logo1.jpg\",\"datePublished\":\"2016-02-16T00:00:00+00:00\",\"author\":{\"@id\":\"https:\\\/\\\/www.cadca.org\\\/#\\\/schema\\\/person\\\/8e6cb67aa13c20300a849b431c929dd2\"},\"description\":\"CADCA represents over 5,000 community coalitions that involve individuals from key sectors including schools, law enforcement, youth, parents, healthcare, media, tribal communities and others\",\"breadcrumb\":{\"@id\":\"https:\\\/\\\/www.cadca.org\\\/statement\\\/remembering-tad-foote\\\/#breadcrumb\"},\"inLanguage\":\"fr-FR\",\"potentialAction\":[{\"@type\":\"ReadAction\",\"target\":[\"https:\\\/\\\/www.cadca.org\\\/statement\\\/remembering-tad-foote\\\/\"]}]},{\"@type\":\"ImageObject\",\"inLanguage\":\"fr-FR\",\"@id\":\"https:\\\/\\\/www.cadca.org\\\/statement\\\/remembering-tad-foote\\\/#primaryimage\",\"url\":\"https:\\\/\\\/www.cadca.org\\\/wp-content\\\/uploads\\\/2022\\\/03\\\/cadca-member-of-logo1.jpg\",\"contentUrl\":\"https:\\\/\\\/www.cadca.org\\\/wp-content\\\/uploads\\\/2022\\\/03\\\/cadca-member-of-logo1.jpg\",\"width\":880,\"height\":500},{\"@type\":\"BreadcrumbList\",\"@id\":\"https:\\\/\\\/www.cadca.org\\\/statement\\\/remembering-tad-foote\\\/#breadcrumb\",\"itemListElement\":[{\"@type\":\"ListItem\",\"position\":1,\"name\":\"Home\",\"item\":\"https:\\\/\\\/www.cadca.org\\\/\"},{\"@type\":\"ListItem\",\"position\":2,\"name\":\"Remembering Tad Foote\"}]},{\"@type\":\"WebSite\",\"@id\":\"https:\\\/\\\/www.cadca.org\\\/#website\",\"url\":\"https:\\\/\\\/www.cadca.org\\\/\",\"name\":\"CADCA\",\"description\":\"The Premier Prevention Association\",\"potentialAction\":[{\"@type\":\"SearchAction\",\"target\":{\"@type\":\"EntryPoint\",\"urlTemplate\":\"https:\\\/\\\/www.cadca.org\\\/?s={search_term_string}\"},\"query-input\":{\"@type\":\"PropertyValueSpecification\",\"valueRequired\":true,\"valueName\":\"search_term_string\"}}],\"inLanguage\":\"fr-FR\"},{\"@type\":\"Person\",\"@id\":\"https:\\\/\\\/www.cadca.org\\\/#\\\/schema\\\/person\\\/8e6cb67aa13c20300a849b431c929dd2\",\"name\":\"Marianne Varkiani\"}]}<\/script>\n<!-- \/ Yoast SEO plugin. -->","yoast_head_json":{"title":"Remembering Tad Foote | CADCA","description":"CADCA represents over 5,000 community coalitions that involve individuals from key sectors including schools, law enforcement, youth, parents, healthcare, media, tribal communities and others","robots":{"index":"index","follow":"follow","max-snippet":"max-snippet:-1","max-image-preview":"max-image-preview:large","max-video-preview":"max-video-preview:-1"},"canonical":"https:\/\/www.cadca.org\/fr\/statement\/remembering-tad-foote\/","og_locale":"fr_FR","og_type":"article","og_title":"Remembering Tad Foote | CADCA","og_description":"CADCA represents over 5,000 community coalitions that involve individuals from key sectors including schools, law enforcement, youth, parents, healthcare, media, tribal communities and others","og_url":"https:\/\/www.cadca.org\/fr\/statement\/remembering-tad-foote\/","og_site_name":"CADCA","article_published_time":"2016-02-16T00:00:00+00:00","og_image":[{"width":880,"height":500,"url":"https:\/\/www.cadca.org\/wp-content\/uploads\/2022\/03\/cadca-member-of-logo1.jpg","type":"image\/jpeg"}],"author":"Marianne Varkiani","twitter_card":"summary_large_image","twitter_misc":{"\u00c9crit par":"Marianne Varkiani","Dur\u00e9e de lecture estim\u00e9e":"1 minute"},"schema":{"@context":"https:\/\/schema.org","@graph":[{"@type":"Article","@id":"https:\/\/www.cadca.org\/statement\/remembering-tad-foote\/#article","isPartOf":{"@id":"https:\/\/www.cadca.org\/statement\/remembering-tad-foote\/"},"author":{"name":"Marianne Varkiani","@id":"https:\/\/www.cadca.org\/#\/schema\/person\/8e6cb67aa13c20300a849b431c929dd2"},"headline":"Remembering Tad Foote","datePublished":"2016-02-16T00:00:00+00:00","mainEntityOfPage":{"@id":"https:\/\/www.cadca.org\/statement\/remembering-tad-foote\/"},"wordCount":243,"image":{"@id":"https:\/\/www.cadca.org\/statement\/remembering-tad-foote\/#primaryimage"},"thumbnailUrl":"https:\/\/www.cadca.org\/wp-content\/uploads\/2022\/03\/cadca-member-of-logo1.jpg","articleSection":["Statement"],"inLanguage":"fr-FR"},{"@type":"WebPage","@id":"https:\/\/www.cadca.org\/statement\/remembering-tad-foote\/","url":"https:\/\/www.cadca.org\/statement\/remembering-tad-foote\/","name":"Remembering Tad Foote | CADCA","isPartOf":{"@id":"https:\/\/www.cadca.org\/#website"},"primaryImageOfPage":{"@id":"https:\/\/www.cadca.org\/statement\/remembering-tad-foote\/#primaryimage"},"image":{"@id":"https:\/\/www.cadca.org\/statement\/remembering-tad-foote\/#primaryimage"},"thumbnailUrl":"https:\/\/www.cadca.org\/wp-content\/uploads\/2022\/03\/cadca-member-of-logo1.jpg","datePublished":"2016-02-16T00:00:00+00:00","author":{"@id":"https:\/\/www.cadca.org\/#\/schema\/person\/8e6cb67aa13c20300a849b431c929dd2"},"description":"CADCA represents over 5,000 community coalitions that involve individuals from key sectors including schools, law enforcement, youth, parents, healthcare, media, tribal communities and others","breadcrumb":{"@id":"https:\/\/www.cadca.org\/statement\/remembering-tad-foote\/#breadcrumb"},"inLanguage":"fr-FR","potentialAction":[{"@type":"ReadAction","target":["https:\/\/www.cadca.org\/statement\/remembering-tad-foote\/"]}]},{"@type":"ImageObject","inLanguage":"fr-FR","@id":"https:\/\/www.cadca.org\/statement\/remembering-tad-foote\/#primaryimage","url":"https:\/\/www.cadca.org\/wp-content\/uploads\/2022\/03\/cadca-member-of-logo1.jpg","contentUrl":"https:\/\/www.cadca.org\/wp-content\/uploads\/2022\/03\/cadca-member-of-logo1.jpg","width":880,"height":500},{"@type":"BreadcrumbList","@id":"https:\/\/www.cadca.org\/statement\/remembering-tad-foote\/#breadcrumb","itemListElement":[{"@type":"ListItem","position":1,"name":"Home","item":"https:\/\/www.cadca.org\/"},{"@type":"ListItem","position":2,"name":"Remembering Tad Foote"}]},{"@type":"WebSite","@id":"https:\/\/www.cadca.org\/#website","url":"https:\/\/www.cadca.org\/","name":"CADCA","description":"The Premier Prevention Association","potentialAction":[{"@type":"SearchAction","target":{"@type":"EntryPoint","urlTemplate":"https:\/\/www.cadca.org\/?s={search_term_string}"},"query-input":{"@type":"PropertyValueSpecification","valueRequired":true,"valueName":"search_term_string"}}],"inLanguage":"fr-FR"},{"@type":"Person","@id":"https:\/\/www.cadca.org\/#\/schema\/person\/8e6cb67aa13c20300a849b431c929dd2","name":"Marianne Varkiani"}]}},"_links":{"self":[{"href":"https:\/\/www.cadca.org\/fr\/wp-json\/wp\/v2\/posts\/18459","targetHints":{"allow":["GET"]}}],"collection":[{"href":"https:\/\/www.cadca.org\/fr\/wp-json\/wp\/v2\/posts"}],"about":[{"href":"https:\/\/www.cadca.org\/fr\/wp-json\/wp\/v2\/types\/post"}],"author":[{"embeddable":true,"href":"https:\/\/www.cadca.org\/fr\/wp-json\/wp\/v2\/users\/23"}],"replies":[{"embeddable":true,"href":"https:\/\/www.cadca.org\/fr\/wp-json\/wp\/v2\/comments?post=18459"}],"version-history":[{"count":0,"href":"https:\/\/www.cadca.org\/fr\/wp-json\/wp\/v2\/posts\/18459\/revisions"}],"wp:featuredmedia":[{"embeddable":true,"href":"https:\/\/www.cadca.org\/fr\/wp-json\/wp\/v2\/media\/1597"}],"wp:attachment":[{"href":"https:\/\/www.cadca.org\/fr\/wp-json\/wp\/v2\/media?parent=18459"}],"wp:term":[{"taxonomy":"category","embeddable":true,"href":"https:\/\/www.cadca.org\/fr\/wp-json\/wp\/v2\/categories?post=18459"},{"taxonomy":"post_tag","embeddable":true,"href":"https:\/\/www.cadca.org\/fr\/wp-json\/wp\/v2\/tags?post=18459"}],"curies":[{"name":"wp","href":"https:\/\/api.w.org\/{rel}","templated":true}]}}