{"id":18434,"date":"2016-09-07T00:00:00","date_gmt":"2016-09-07T00:00:00","guid":{"rendered":"https:\/\/cadca1stg.wpengine.com\/2016\/09\/07\/universidade-sao-francisco-e-convidada-a-integrar-coalizao-de-braganca\/"},"modified":"2016-09-07T00:00:00","modified_gmt":"2016-09-07T00:00:00","slug":"universidade-sao-francisco-e-convidada-a-integrar-coalizao-de-braganca","status":"publish","type":"post","link":"https:\/\/www.cadca.org\/fr\/portugues\/universidade-sao-francisco-e-convidada-a-integrar-coalizao-de-braganca\/","title":{"rendered":"Universidade S\u00e3o Francisco \u00e9 convidada a integrar coaliz\u00e3o de Bragan\u00e7a"},"content":{"rendered":"<p>A diretoria da \u201cCoaliz\u00e3o \u2013 por uma Comunidade Segura, Saud\u00e1vel e Livre das Drogas\u201d, em fase de instala\u00e7\u00e3o no Munic\u00edpio, busca parcerias para desenvolvimento de projetos. No \u00faltimo dia 1\u00ba de junho, representantes da Coaliz\u00e3o Bragan\u00e7a foram recebidos na Universidade S\u00e3o Francisco (USF) pelo Reitor, Prof. Joel Alves de Sousa J\u00fanior, e pela Professora M\u00e1rcia Aparecida Ant\u00f4nio, diretora do campus de Bragan\u00e7a Paulista.<\/p>\n<p>No encontro, a Coaliz\u00e3o Bragan\u00e7a, que \u00e9 apoiada pela CADCA (Coaliz\u00f5es Comunit\u00e1rias Antidrogas das Am\u00e9ricas), foi apresentada e formalizou o convite para uma parceria entre as duas entidades. \u201cA CADCA \u00e9 uma das principais organiza\u00e7\u00f5es antidrogas que atuam nos Estados Unidos, que se expandiu por v\u00e1rios pa\u00edses, inclusive no Brasil.<\/p>\n<p>Estudos cient\u00edficos comprovam que as parcerias multissetoriais, quando se comprometem a trabalhar conjuntamente, s\u00e3o mais eficazes no sentido de promover a redu\u00e7\u00e3o do abuso de drogas ou o enfrentamento dos problemas a elas relacionados\u201d, explicou Leandro Luiz Caetano, presidente da Coaliz\u00e3o bragantina.<\/p>\n<p>Ainda de acordo com informa\u00e7\u00f5es do grupo que visitou a USF, a Coaliz\u00e3o local j\u00e1 firmou diversas parcerias com representantes de diversos setores da sociedade, como por exemplo, na Educa\u00e7\u00e3o &#8211; Diretoria de Ensino &#8211; Regi\u00e3o de Bragan\u00e7a Paulista, Secretaria Municipal, Instituto Educacional Cora\u00e7\u00e3o de Jesus, Professores Mediadores da Rede Estadual; Sa\u00fade \u2013 Programa Municipal de DST\/Aids e Hepatites Virais de Bragan\u00e7a Paulista; Governo &#8211; Prefeitura e C\u00e2mara Municipal; Seguran\u00e7a P\u00fablica &#8211; Pol\u00edcia Militar, Conselho Municipal de Seguran\u00e7a P\u00fablica (CONSEG); Igrejas \u2013 Cat\u00f3lica e Protestante; ONGs \u2013 Amor Exigente, Comenor\/Casa Bragan\u00e7a; Juventude &#8211; Gr\u00eamios Estudantis das Escolas Estaduais do munic\u00edpio; Organiza\u00e7\u00f5es Civis \u2013 OAB \u2013 16\u00aa Subse\u00e7\u00e3o Bragan\u00e7a Paulista, profissionais liberais, entre outras.<\/p>\n<p>Leandro Caetano contou ainda que o Poder Judici\u00e1rio e o Minist\u00e9rio P\u00fablico de Bragan\u00e7a j\u00e1 foram contatados e se colocaram \u00e0 disposi\u00e7\u00e3o da Coaliz\u00e3o.<\/p>\n<p>O projeto tem ra\u00edzes na Community Anti\u00adDrug Coalitions of America (CADCA), que representa mais de 5 mil coaliz\u00f5es nos Estados Unidos e outros pa\u00edses. A ONG, fundada em 1992, se dedica \u00e0 redu\u00e7\u00e3o do uso de drogas ilegais e abuso de \u00e1lcool, envolvendo representantes das sociedades p\u00fablicas e privadas. A meta da Coaliz\u00e3o \u00e9 pesquisar e mapear as regi\u00f5es, estudar as diferentes situa\u00e7\u00f5es para da\u00ed estabelecer as estrat\u00e9gias de a\u00e7\u00e3o.<\/p>\n<p>Extra\u00eddo do site  , em 7 de setembro de 2016.<\/p>","protected":false},"excerpt":{"rendered":"<p>A diretoria da \u201cCoaliz\u00e3o \u2013 por uma Comunidade Segura, Saud\u00e1vel e Livre das Drogas\u201d, em fase de instala\u00e7\u00e3o no Munic\u00edpio,<\/p>","protected":false},"author":23,"featured_media":1833,"comment_status":"closed","ping_status":"closed","sticky":false,"template":"","format":"standard","meta":{"_acf_changed":false,"inline_featured_image":false,"footnotes":""},"categories":[239],"tags":[],"class_list":["post-18434","post","type-post","status-publish","format-standard","has-post-thumbnail","hentry","category-portugues"],"acf":[],"yoast_head":"<!-- This site is optimized with the Yoast SEO plugin v27.4 - https:\/\/yoast.com\/product\/yoast-seo-wordpress\/ -->\n<title>Universidade S\u00e3o Francisco \u00e9 convidada a integrar coaliz\u00e3o de Bragan\u00e7a | CADCA<\/title>\n<meta name=\"description\" content=\"CADCA represents over 5,000 community coalitions that involve individuals from key sectors including schools, law enforcement, youth, parents, healthcare, media, tribal communities and others\" \/>\n<meta name=\"robots\" content=\"index, follow, max-snippet:-1, max-image-preview:large, max-video-preview:-1\" \/>\n<link rel=\"canonical\" href=\"https:\/\/www.cadca.org\/fr\/portugues\/universidade-sao-francisco-e-convidada-a-integrar-coalizao-de-braganca\/\" \/>\n<meta property=\"og:locale\" content=\"fr_FR\" \/>\n<meta property=\"og:type\" content=\"article\" \/>\n<meta property=\"og:title\" content=\"Universidade S\u00e3o Francisco \u00e9 convidada a integrar coaliz\u00e3o de Bragan\u00e7a | CADCA\" \/>\n<meta property=\"og:description\" content=\"CADCA represents over 5,000 community coalitions that involve individuals from key sectors including schools, law enforcement, youth, parents, healthcare, media, tribal communities and others\" \/>\n<meta property=\"og:url\" content=\"https:\/\/www.cadca.org\/fr\/portugues\/universidade-sao-francisco-e-convidada-a-integrar-coalizao-de-braganca\/\" \/>\n<meta property=\"og:site_name\" content=\"CADCA\" \/>\n<meta property=\"article:published_time\" content=\"2016-09-07T00:00:00+00:00\" \/>\n<meta property=\"og:image\" content=\"https:\/\/www.cadca.org\/wp-content\/uploads\/2022\/03\/universidade-scaled.jpeg\" \/>\n\t<meta property=\"og:image:width\" content=\"2560\" \/>\n\t<meta property=\"og:image:height\" content=\"1707\" \/>\n\t<meta property=\"og:image:type\" content=\"image\/jpeg\" \/>\n<meta name=\"author\" content=\"Marianne Varkiani\" \/>\n<meta name=\"twitter:card\" content=\"summary_large_image\" \/>\n<meta name=\"twitter:label1\" content=\"\u00c9crit par\" \/>\n\t<meta name=\"twitter:data1\" content=\"Marianne Varkiani\" \/>\n\t<meta name=\"twitter:label2\" content=\"Dur\u00e9e de lecture estim\u00e9e\" \/>\n\t<meta name=\"twitter:data2\" content=\"2 minutes\" \/>\n<script type=\"application\/ld+json\" class=\"yoast-schema-graph\">{\"@context\":\"https:\\\/\\\/schema.org\",\"@graph\":[{\"@type\":\"Article\",\"@id\":\"https:\\\/\\\/www.cadca.org\\\/portugues\\\/universidade-sao-francisco-e-convidada-a-integrar-coalizao-de-braganca\\\/#article\",\"isPartOf\":{\"@id\":\"https:\\\/\\\/www.cadca.org\\\/portugues\\\/universidade-sao-francisco-e-convidada-a-integrar-coalizao-de-braganca\\\/\"},\"author\":{\"name\":\"Marianne Varkiani\",\"@id\":\"https:\\\/\\\/www.cadca.org\\\/#\\\/schema\\\/person\\\/8e6cb67aa13c20300a849b431c929dd2\"},\"headline\":\"Universidade S\u00e3o Francisco \u00e9 convidada a integrar coaliz\u00e3o de Bragan\u00e7a\",\"datePublished\":\"2016-09-07T00:00:00+00:00\",\"mainEntityOfPage\":{\"@id\":\"https:\\\/\\\/www.cadca.org\\\/portugues\\\/universidade-sao-francisco-e-convidada-a-integrar-coalizao-de-braganca\\\/\"},\"wordCount\":430,\"image\":{\"@id\":\"https:\\\/\\\/www.cadca.org\\\/portugues\\\/universidade-sao-francisco-e-convidada-a-integrar-coalizao-de-braganca\\\/#primaryimage\"},\"thumbnailUrl\":\"https:\\\/\\\/www.cadca.org\\\/wp-content\\\/uploads\\\/2022\\\/03\\\/universidade-scaled.jpeg\",\"articleSection\":[\"Portugues\"],\"inLanguage\":\"fr-FR\"},{\"@type\":\"WebPage\",\"@id\":\"https:\\\/\\\/www.cadca.org\\\/portugues\\\/universidade-sao-francisco-e-convidada-a-integrar-coalizao-de-braganca\\\/\",\"url\":\"https:\\\/\\\/www.cadca.org\\\/portugues\\\/universidade-sao-francisco-e-convidada-a-integrar-coalizao-de-braganca\\\/\",\"name\":\"Universidade S\u00e3o Francisco \u00e9 convidada a integrar coaliz\u00e3o de Bragan\u00e7a | CADCA\",\"isPartOf\":{\"@id\":\"https:\\\/\\\/www.cadca.org\\\/#website\"},\"primaryImageOfPage\":{\"@id\":\"https:\\\/\\\/www.cadca.org\\\/portugues\\\/universidade-sao-francisco-e-convidada-a-integrar-coalizao-de-braganca\\\/#primaryimage\"},\"image\":{\"@id\":\"https:\\\/\\\/www.cadca.org\\\/portugues\\\/universidade-sao-francisco-e-convidada-a-integrar-coalizao-de-braganca\\\/#primaryimage\"},\"thumbnailUrl\":\"https:\\\/\\\/www.cadca.org\\\/wp-content\\\/uploads\\\/2022\\\/03\\\/universidade-scaled.jpeg\",\"datePublished\":\"2016-09-07T00:00:00+00:00\",\"author\":{\"@id\":\"https:\\\/\\\/www.cadca.org\\\/#\\\/schema\\\/person\\\/8e6cb67aa13c20300a849b431c929dd2\"},\"description\":\"CADCA represents over 5,000 community coalitions that involve individuals from key sectors including schools, law enforcement, youth, parents, healthcare, media, tribal communities and others\",\"breadcrumb\":{\"@id\":\"https:\\\/\\\/www.cadca.org\\\/portugues\\\/universidade-sao-francisco-e-convidada-a-integrar-coalizao-de-braganca\\\/#breadcrumb\"},\"inLanguage\":\"fr-FR\",\"potentialAction\":[{\"@type\":\"ReadAction\",\"target\":[\"https:\\\/\\\/www.cadca.org\\\/portugues\\\/universidade-sao-francisco-e-convidada-a-integrar-coalizao-de-braganca\\\/\"]}]},{\"@type\":\"ImageObject\",\"inLanguage\":\"fr-FR\",\"@id\":\"https:\\\/\\\/www.cadca.org\\\/portugues\\\/universidade-sao-francisco-e-convidada-a-integrar-coalizao-de-braganca\\\/#primaryimage\",\"url\":\"https:\\\/\\\/www.cadca.org\\\/wp-content\\\/uploads\\\/2022\\\/03\\\/universidade-scaled.jpeg\",\"contentUrl\":\"https:\\\/\\\/www.cadca.org\\\/wp-content\\\/uploads\\\/2022\\\/03\\\/universidade-scaled.jpeg\",\"width\":2560,\"height\":1707},{\"@type\":\"BreadcrumbList\",\"@id\":\"https:\\\/\\\/www.cadca.org\\\/portugues\\\/universidade-sao-francisco-e-convidada-a-integrar-coalizao-de-braganca\\\/#breadcrumb\",\"itemListElement\":[{\"@type\":\"ListItem\",\"position\":1,\"name\":\"Home\",\"item\":\"https:\\\/\\\/www.cadca.org\\\/\"},{\"@type\":\"ListItem\",\"position\":2,\"name\":\"Universidade S\u00e3o Francisco \u00e9 convidada a integrar coaliz\u00e3o de Bragan\u00e7a\"}]},{\"@type\":\"WebSite\",\"@id\":\"https:\\\/\\\/www.cadca.org\\\/#website\",\"url\":\"https:\\\/\\\/www.cadca.org\\\/\",\"name\":\"CADCA\",\"description\":\"The Premier Prevention Association\",\"potentialAction\":[{\"@type\":\"SearchAction\",\"target\":{\"@type\":\"EntryPoint\",\"urlTemplate\":\"https:\\\/\\\/www.cadca.org\\\/?s={search_term_string}\"},\"query-input\":{\"@type\":\"PropertyValueSpecification\",\"valueRequired\":true,\"valueName\":\"search_term_string\"}}],\"inLanguage\":\"fr-FR\"},{\"@type\":\"Person\",\"@id\":\"https:\\\/\\\/www.cadca.org\\\/#\\\/schema\\\/person\\\/8e6cb67aa13c20300a849b431c929dd2\",\"name\":\"Marianne Varkiani\"}]}<\/script>\n<!-- \/ Yoast SEO plugin. -->","yoast_head_json":{"title":"Universidade S\u00e3o Francisco \u00e9 convidada a integrar coaliz\u00e3o de Bragan\u00e7a | CADCA","description":"CADCA represents over 5,000 community coalitions that involve individuals from key sectors including schools, law enforcement, youth, parents, healthcare, media, tribal communities and others","robots":{"index":"index","follow":"follow","max-snippet":"max-snippet:-1","max-image-preview":"max-image-preview:large","max-video-preview":"max-video-preview:-1"},"canonical":"https:\/\/www.cadca.org\/fr\/portugues\/universidade-sao-francisco-e-convidada-a-integrar-coalizao-de-braganca\/","og_locale":"fr_FR","og_type":"article","og_title":"Universidade S\u00e3o Francisco \u00e9 convidada a integrar coaliz\u00e3o de Bragan\u00e7a | CADCA","og_description":"CADCA represents over 5,000 community coalitions that involve individuals from key sectors including schools, law enforcement, youth, parents, healthcare, media, tribal communities and others","og_url":"https:\/\/www.cadca.org\/fr\/portugues\/universidade-sao-francisco-e-convidada-a-integrar-coalizao-de-braganca\/","og_site_name":"CADCA","article_published_time":"2016-09-07T00:00:00+00:00","og_image":[{"width":2560,"height":1707,"url":"https:\/\/www.cadca.org\/wp-content\/uploads\/2022\/03\/universidade-scaled.jpeg","type":"image\/jpeg"}],"author":"Marianne Varkiani","twitter_card":"summary_large_image","twitter_misc":{"\u00c9crit par":"Marianne Varkiani","Dur\u00e9e de lecture estim\u00e9e":"2 minutes"},"schema":{"@context":"https:\/\/schema.org","@graph":[{"@type":"Article","@id":"https:\/\/www.cadca.org\/portugues\/universidade-sao-francisco-e-convidada-a-integrar-coalizao-de-braganca\/#article","isPartOf":{"@id":"https:\/\/www.cadca.org\/portugues\/universidade-sao-francisco-e-convidada-a-integrar-coalizao-de-braganca\/"},"author":{"name":"Marianne Varkiani","@id":"https:\/\/www.cadca.org\/#\/schema\/person\/8e6cb67aa13c20300a849b431c929dd2"},"headline":"Universidade S\u00e3o Francisco \u00e9 convidada a integrar coaliz\u00e3o de Bragan\u00e7a","datePublished":"2016-09-07T00:00:00+00:00","mainEntityOfPage":{"@id":"https:\/\/www.cadca.org\/portugues\/universidade-sao-francisco-e-convidada-a-integrar-coalizao-de-braganca\/"},"wordCount":430,"image":{"@id":"https:\/\/www.cadca.org\/portugues\/universidade-sao-francisco-e-convidada-a-integrar-coalizao-de-braganca\/#primaryimage"},"thumbnailUrl":"https:\/\/www.cadca.org\/wp-content\/uploads\/2022\/03\/universidade-scaled.jpeg","articleSection":["Portugues"],"inLanguage":"fr-FR"},{"@type":"WebPage","@id":"https:\/\/www.cadca.org\/portugues\/universidade-sao-francisco-e-convidada-a-integrar-coalizao-de-braganca\/","url":"https:\/\/www.cadca.org\/portugues\/universidade-sao-francisco-e-convidada-a-integrar-coalizao-de-braganca\/","name":"Universidade S\u00e3o Francisco \u00e9 convidada a integrar coaliz\u00e3o de Bragan\u00e7a | CADCA","isPartOf":{"@id":"https:\/\/www.cadca.org\/#website"},"primaryImageOfPage":{"@id":"https:\/\/www.cadca.org\/portugues\/universidade-sao-francisco-e-convidada-a-integrar-coalizao-de-braganca\/#primaryimage"},"image":{"@id":"https:\/\/www.cadca.org\/portugues\/universidade-sao-francisco-e-convidada-a-integrar-coalizao-de-braganca\/#primaryimage"},"thumbnailUrl":"https:\/\/www.cadca.org\/wp-content\/uploads\/2022\/03\/universidade-scaled.jpeg","datePublished":"2016-09-07T00:00:00+00:00","author":{"@id":"https:\/\/www.cadca.org\/#\/schema\/person\/8e6cb67aa13c20300a849b431c929dd2"},"description":"CADCA represents over 5,000 community coalitions that involve individuals from key sectors including schools, law enforcement, youth, parents, healthcare, media, tribal communities and others","breadcrumb":{"@id":"https:\/\/www.cadca.org\/portugues\/universidade-sao-francisco-e-convidada-a-integrar-coalizao-de-braganca\/#breadcrumb"},"inLanguage":"fr-FR","potentialAction":[{"@type":"ReadAction","target":["https:\/\/www.cadca.org\/portugues\/universidade-sao-francisco-e-convidada-a-integrar-coalizao-de-braganca\/"]}]},{"@type":"ImageObject","inLanguage":"fr-FR","@id":"https:\/\/www.cadca.org\/portugues\/universidade-sao-francisco-e-convidada-a-integrar-coalizao-de-braganca\/#primaryimage","url":"https:\/\/www.cadca.org\/wp-content\/uploads\/2022\/03\/universidade-scaled.jpeg","contentUrl":"https:\/\/www.cadca.org\/wp-content\/uploads\/2022\/03\/universidade-scaled.jpeg","width":2560,"height":1707},{"@type":"BreadcrumbList","@id":"https:\/\/www.cadca.org\/portugues\/universidade-sao-francisco-e-convidada-a-integrar-coalizao-de-braganca\/#breadcrumb","itemListElement":[{"@type":"ListItem","position":1,"name":"Home","item":"https:\/\/www.cadca.org\/"},{"@type":"ListItem","position":2,"name":"Universidade S\u00e3o Francisco \u00e9 convidada a integrar coaliz\u00e3o de Bragan\u00e7a"}]},{"@type":"WebSite","@id":"https:\/\/www.cadca.org\/#website","url":"https:\/\/www.cadca.org\/","name":"CADCA","description":"The Premier Prevention Association","potentialAction":[{"@type":"SearchAction","target":{"@type":"EntryPoint","urlTemplate":"https:\/\/www.cadca.org\/?s={search_term_string}"},"query-input":{"@type":"PropertyValueSpecification","valueRequired":true,"valueName":"search_term_string"}}],"inLanguage":"fr-FR"},{"@type":"Person","@id":"https:\/\/www.cadca.org\/#\/schema\/person\/8e6cb67aa13c20300a849b431c929dd2","name":"Marianne Varkiani"}]}},"_links":{"self":[{"href":"https:\/\/www.cadca.org\/fr\/wp-json\/wp\/v2\/posts\/18434","targetHints":{"allow":["GET"]}}],"collection":[{"href":"https:\/\/www.cadca.org\/fr\/wp-json\/wp\/v2\/posts"}],"about":[{"href":"https:\/\/www.cadca.org\/fr\/wp-json\/wp\/v2\/types\/post"}],"author":[{"embeddable":true,"href":"https:\/\/www.cadca.org\/fr\/wp-json\/wp\/v2\/users\/23"}],"replies":[{"embeddable":true,"href":"https:\/\/www.cadca.org\/fr\/wp-json\/wp\/v2\/comments?post=18434"}],"version-history":[{"count":0,"href":"https:\/\/www.cadca.org\/fr\/wp-json\/wp\/v2\/posts\/18434\/revisions"}],"wp:featuredmedia":[{"embeddable":true,"href":"https:\/\/www.cadca.org\/fr\/wp-json\/wp\/v2\/media\/1833"}],"wp:attachment":[{"href":"https:\/\/www.cadca.org\/fr\/wp-json\/wp\/v2\/media?parent=18434"}],"wp:term":[{"taxonomy":"category","embeddable":true,"href":"https:\/\/www.cadca.org\/fr\/wp-json\/wp\/v2\/categories?post=18434"},{"taxonomy":"post_tag","embeddable":true,"href":"https:\/\/www.cadca.org\/fr\/wp-json\/wp\/v2\/tags?post=18434"}],"curies":[{"name":"wp","href":"https:\/\/api.w.org\/{rel}","templated":true}]}}