{"id":18342,"date":"2020-01-03T00:00:00","date_gmt":"2020-01-03T00:00:00","guid":{"rendered":"https:\/\/cadca1stg.wpengine.com\/2020\/01\/03\/featured-speakers-and-guests\/"},"modified":"2020-01-03T00:00:00","modified_gmt":"2020-01-03T00:00:00","slug":"featured-speakers-and-guests","status":"publish","type":"post","link":"https:\/\/www.cadca.org\/fr\/homepage\/featured-speakers-and-guests\/","title":{"rendered":"Conf\u00e9renciers et invit\u00e9s en vedette"},"content":{"rendered":"<h1 class=\"rtecenter\"><strong>CADCA est honor\u00e9 d\u2019avoir les conf\u00e9renciers suivants \u00e0 notre 30e Forum annuel\u00a0!<\/strong><\/h1>\n<h1><strong><span style=\"font-size:18px\">\u00a0Conf\u00e9renci\u00e8re principale de la pl\u00e9ni\u00e8re d\u2019ouverture \u2013 Nora Volkow, MD\u00a0<\/span><\/strong><\/h1>\n<h1><img decoding=\"async\" alt=\"\" src=\"https:\/\/www.cadca.org\/wp-content\/uploads\/2022\/12\/noravolkow.jpg\" style=\"border:0px; box-sizing:border-box; float:left; height:275px; margin:5px; max-width:100%; width:183px\" \/><\/h1>\n<p>Nora D. Volkow, MD, est devenue directrice du National Institute on Drug Abuse (NIDA) des National Institutes of Health en mai 2003. Le NIDA soutient la plupart des recherches mondiales sur les aspects sanitaires de la consommation, de l&#039;abus et de la d\u00e9pendance aux drogues.\u00a0<\/p>\n<p>Les travaux du Dr Volkow ont contribu\u00e9 \u00e0 d\u00e9montrer que la toxicomanie est une maladie du cerveau humain. En tant que chercheur psychiatre et scientifique, le Dr Volkow a \u00e9t\u00e9 le pionnier de l&#039;utilisation de l&#039;imagerie c\u00e9r\u00e9brale pour \u00e9tudier les effets toxiques et les propri\u00e9t\u00e9s addictives des drogues dont il est possible d&#039;abuser. Ses \u00e9tudes ont document\u00e9 des changements dans le syst\u00e8me dopaminergique affectant, entre autres, les fonctions des r\u00e9gions frontales du cerveau impliqu\u00e9es dans la motivation, la motivation et le plaisir dans la d\u00e9pendance.<\/p>\n<h2>\u00a0<\/h2>\n<p>\u00a0<\/p>\n<p>\u00a0<\/p>\n<p>\u00a0<\/p>\n<hr \/>\n<h2><strong><span style=\"font-size:18px\">Prix national du leadership \u2013 Maire Martin Walsh, Boston, Massachusetts<\/span><\/strong><\/h2>\n<p><img decoding=\"async\" alt=\"\" src=\"https:\/\/www.cadca.org\/wp-content\/uploads\/2022\/12\/mayor_headshot.jpg\" style=\"border:0px; box-sizing:border-box; float:left; height:250px; margin:5px; max-width:100%; width:163px\" \/><span style=\"font-size:14px\">Le maire Martin J. Walsh, d\u00e9fenseur de longue date des travailleurs et fier produit de la ville de Boston, est le 54e maire de la ville. Le maire Walsh a pr\u00eat\u00e9 serment pour un deuxi\u00e8me mandat le 1er janvier 2018.<\/span><\/p>\n<p><span style=\"font-size:14px\">La vision du maire Walsh est celle d&#039;une Boston prosp\u00e8re, saine et innovante \u2013 une ville o\u00f9 l&#039;\u00e9galit\u00e9 et les chances sont offertes \u00e0 tous, o\u00f9 une histoire r\u00e9volutionnaire inspire des solutions cr\u00e9atives aux d\u00e9fis du 21e si\u00e8cle.<\/span><\/p>\n<p><span style=\"font-size:14px\">Depuis son entr\u00e9e en fonction, le maire Walsh s&#039;est concentr\u00e9 sur le renforcement des \u00e9coles de Boston, en ajoutant des centaines de places de pr\u00e9-maternelle de haute qualit\u00e9, en finan\u00e7ant des p\u00e9riodes d&#039;apprentissage prolong\u00e9es et des programmes avanc\u00e9s dans davantage d&#039;\u00e9coles, et en garantissant un coll\u00e8ge communautaire sans frais de scolarit\u00e9 pour les dipl\u00f4m\u00e9s des \u00e9coles publiques de Boston.<\/span><\/p>\n<p><span style=\"font-size:14px\">N\u00e9 et \u00e9lev\u00e9 dans le quartier de Dorchester par des parents immigr\u00e9s, le maire Walsh est d\u00e9termin\u00e9 \u00e0 faire en sorte que Boston soit une ville o\u00f9 chacun peut surmonter ses d\u00e9fis et r\u00e9aliser ses r\u00eaves. Enfant, le maire Walsh a surv\u00e9cu \u00e0 une grave crise de lymphome de Burkitt, gr\u00e2ce aux soins extraordinaires qu&#039;il a re\u00e7us \u00e0 l&#039;h\u00f4pital pour enfants de Boston et au Dana Farber Cancer Institute. Son r\u00e9tablissement de l&#039;alcoolisme en tant que jeune adulte l&#039;a conduit \u00e0 s&#039;engager tout au long de sa vie dans la pr\u00e9vention et le traitement de la d\u00e9pendance. Et tout en travaillant \u00e0 temps plein comme l\u00e9gislateur, il est retourn\u00e9 aux \u00e9tudes pour obtenir un dipl\u00f4me en sciences politiques au Boston College.<\/span><\/p>\n<hr \/>\n<h2><strong><span style=\"font-size:18px\">National Newsmaker Award \u2013 Laura Monteverdi, pr\u00e9sentatrice et journaliste multim\u00e9dia r\u00e9compens\u00e9e par Emmy et Murrow au THV11 \u00e0 Little Rock, Arkansas<\/span><\/strong><\/h2>\n<p><img decoding=\"async\" alt=\"\" src=\"https:\/\/www.cadca.org\/wp-content\/uploads\/2022\/12\/laura.jpg\" style=\"border:0px; box-sizing:border-box; float:left; height:225px; margin:5px; max-width:100%; width:225px\" \/><span style=\"font-size:14px\">Laura Monteverdi est une pr\u00e9sentatrice r\u00e9compens\u00e9e par Emmy et Murrow pour THV11 This Morning et journaliste multim\u00e9dia \u00e0 THV11 \u00e0 Little Rock, Arkansas. Elle se sp\u00e9cialise dans les reportages g\u00e9n\u00e9raux et dans la lutte contre l&#039;\u00e9pid\u00e9mie d&#039;opio\u00efdes dans le cadre de notre promesse \u00ab\u00a0Sauver une g\u00e9n\u00e9ration\u00a0\u00bb.<\/span><\/p>\n<p><span style=\"font-size:14px\">Avant de d\u00e9m\u00e9nager en Arkansas, Laura \u00e9tait pr\u00e9sentatrice\/journaliste du matin au KDLT \u00e0 Sioux Falls, dans le Dakota du Sud. Pendant son s\u00e9jour l\u00e0-bas, Laura a embrass\u00e9 le Midwest, apprenant \u00e0 tout faire, du ski \u00e0 la traite d&#039;une vache, dans le cadre de son propre segment hebdomadaire, \u00ab\u00a0La vie avec Laura\u00a0\u00bb.<\/span><\/p>\n<p><span style=\"font-size:14px\">L&#039;une de ses nombreuses r\u00e9alisations consiste \u00e0 diriger l&#039;un des plus grands efforts communautaires de THV11. En mars 2018, apr\u00e8s des mois de production, Laura et l&#039;\u00e9quipe THV11 ont diffus\u00e9 \u00ab Sauver une g\u00e9n\u00e9ration : le nouveau visage de la toxicomanie \u00bb, une pr\u00e9sentation sp\u00e9ciale THV11.\u00a0<\/span><\/p>\n<p><span style=\"font-size:14px\">Laura a dirig\u00e9 le projet, qui se penche sur la crise de la toxicomanie en Arkansas. Elle a un lien personnel avec l\u2019\u00e9pid\u00e9mie, qu\u2019elle partage dans le programme documentaire. En septembre 2018, elle et l&#039;\u00e9quipe de production ont remport\u00e9 un Regional Emmy Award. En 2019, ils ont \u00e9galement re\u00e7u le prix r\u00e9gional Edward R. Murrow.\u00a0<\/span><\/p>\n<p><span style=\"font-size:14px\">Laura parcourt d\u00e9sormais l&#039;\u00c9tat pour partager son histoire avec des organisations de jeunesse, des \u00e9glises locales et des \u00e9coles.<\/span><\/p>\n<p><span style=\"font-size:14px\">Dans ses temps libres, Laura aime voyager, faire du v\u00e9lo, de la randonn\u00e9e et profiter de tout ce que l&#039;\u00e9tat naturel a \u00e0 offrir avec son chien de sauvetage, Juneau, \u00e0 ses c\u00f4t\u00e9s.<\/span><\/p>\n<hr \/>\n<h2><strong><span style=\"font-size:18px\">Petit-d\u00e9jeuner des membres \u2013 Alex Berenson, laur\u00e9at du prix Edgar et auteur \u00e0 succ\u00e8s du #1 du New York Times de \u00ab<em>Dites \u00e0 vos enfants \u2013 La v\u00e9rit\u00e9 sur la marijuana, la maladie mentale et la violence<\/em>&#8220;<\/span><\/strong><\/h2>\n<p><img decoding=\"async\" alt=\"\" src=\"https:\/\/www.cadca.org\/wp-content\/uploads\/2022\/12\/alex_berenson.jpg\" style=\"border:0px; box-sizing:border-box; float:left; height:150px; margin:5px; max-width:100%; width:225px\" \/><span style=\"font-size:14px\">Alex Berenson est journaliste, \u00e9crivain de non-fiction et romancier. Apr\u00e8s avoir obtenu son dipl\u00f4me de l&#039;Universit\u00e9 de Yale en 1994, il devient journaliste pour le Denver Post et The Street.com. De 1999 \u00e0 2010, il a travaill\u00e9 comme journaliste \u00e9conomique et d&#039;investigation pour le New York Times, couvrant principalement les industries pharmaceutique et de la sant\u00e9 ; il a \u00e9galement couvert la guerre en Irak. Il a \u00e9galement \u00e9crit 12 romans d&#039;espionnage. Dites \u00e0 vos enfants est son deuxi\u00e8me livre non-fictionnel.<\/span><\/p>\n<p>\u00a0<\/p>\n<p>\u00a0<\/p>\n<hr \/>\n<h2>Pr\u00e9sentateurs de s\u00e9ances de formation en vedette<\/h2>\n<p><img decoding=\"async\" alt=\"\" src=\"https:\/\/www.cadca.org\/wp-content\/uploads\/2022\/12\/ameliaarria150.jpg\" style=\"border:0px; box-sizing:border-box; float:left; height:150px; margin-bottom:10px !important; margin-left:5px; margin-right:5px; margin-top:10px !important; max-width:100%; width:150px\" \/><span style=\"font-size:18px\"><strong>Am\u00e9lie Arria, Ph.D.<\/strong><\/span><\/p>\n<p><span style=\"font-size:14px\">Directeur du Centre sur la sant\u00e9 et le d\u00e9veloppement des jeunes adultes \u00e0 l&#039;\u00c9cole de sant\u00e9 publique de l&#039;Universit\u00e9 du Maryland<br \/>\nTitre de la s\u00e9ance \u2013 Le cannabis et la jeunesse<br \/>\nMercredi 5 f\u00e9vrier, de 13 h \u00e0 14 h 15<\/span><\/p>\n<p>\u00a0<\/p>\n<p>\u00a0<\/p>\n<p><strong><span style=\"font-size:18px\"><img decoding=\"async\" alt=\"\" src=\"https:\/\/www.cadca.org\/wp-content\/uploads\/2022\/12\/thombrown150.png\" style=\"border:0px; box-sizing:border-box; float:left; height:150px; margin-bottom:10px !important; margin-left:5px; margin-right:5px; margin-top:10px !important; max-width:100%; width:150px\" \/>Thomas Brun<\/span><\/strong><\/p>\n<p><span style=\"font-size:14px\">PDG Colombo Plan, pr\u00e9sident et chef de la direction Rubicon Global Enterprises<br \/>\nTitre de la session \u2013 Menaces mondiales \u00e9mergentes li\u00e9es aux drogues\u00a0: recherche que vous pouvez utiliser pour les comprendre et y r\u00e9pondre<br \/>\nJeudi 6 f\u00e9vrier, 10h45 \u2013 midi<\/span><\/p>\n<p>\u00a0<\/p>\n<p>\u00a0<\/p>\n<p><img decoding=\"async\" alt=\"\" src=\"https:\/\/www.cadca.org\/wp-content\/uploads\/2022\/12\/rdupontfinal150.jpg\" style=\"border:0px; box-sizing:border-box; float:left; height:150px; margin:0px 5px; max-width:100%; width:150px\" \/><span style=\"font-size:18px\"><strong>Robert L. DuPont, MD<\/strong><\/span><\/p>\n<p><span style=\"font-size:14px\">Pr\u00e9sident, Institut du comportement et de la sant\u00e9<br \/>\nTitre de la s\u00e9ance \u2013 Conduite sous l\u2019influence de drogues<br \/>\nMardi 4 f\u00e9vrier, 13h45-15h<\/span><\/p>\n<p>\u00a0<\/p>\n<p>\u00a0<\/p>\n<p><img decoding=\"async\" alt=\"\" src=\"https:\/\/www.cadca.org\/wp-content\/uploads\/2022\/12\/drgold150.jpg\" style=\"border:0px; box-sizing:border-box; float:left; height:150px; margin-bottom:10px !important; margin-left:5px; margin-right:5px; margin-top:10px !important; max-width:100%; width:150px\" \/><strong><span style=\"font-size:18px\">Mark Gold, Ph.D.<\/span><\/strong><\/p>\n<p><span style=\"font-size:14px\">\u00c9minent chercheur \u00e9m\u00e9rite et professeur \u00e9m\u00e9rite (1990-2015)<br \/>\nTitre de la session \u2013 Menaces mondiales \u00e9mergentes li\u00e9es aux drogues\u00a0: recherche que vous pouvez utiliser pour les comprendre et y r\u00e9pondre<br \/>\nJeudi 6 f\u00e9vrier, 10h45 \u2013 midi<\/span><\/p>\n<p>\u00a0<\/p>\n<p>\u00a0<\/p>\n<p><img decoding=\"async\" alt=\"\" src=\"https:\/\/www.cadca.org\/wp-content\/uploads\/2022\/12\/bertha_madraslg.jpg\" style=\"border:0px; box-sizing:border-box; float:left; height:150px; margin:0px 5px; max-width:100%; width:150px\" \/><span style=\"font-size:18px\"><strong>Bertha Madras, Ph.D.<\/strong><\/span><\/p>\n<p><span style=\"font-size:14px\">Professeur de psychobiologie, D\u00e9partement de psychiatrie, Harvard Medical School<br \/>\nTitre de la session \u2013 Marijuana : L\u2019\u00e9tat de la science<br \/>\nJeudi 6 f\u00e9vrier, de 9h \u00e0 10h15<\/span><\/p>\n<p>\u00a0<\/p>\n<p>\u00a0<\/p>\n<p><img decoding=\"async\" alt=\"\" src=\"https:\/\/www.cadca.org\/wp-content\/uploads\/2022\/12\/dalequigley150.jpg\" style=\"border:0px; box-sizing:border-box; float:left; height:150px; margin-bottom:10px !important; margin-left:5px; margin-right:5px; margin-top:10px !important; max-width:100%; width:150px\" \/><strong>\u00a0<span style=\"font-size:18px\">Dale Quigley<\/span><\/strong><br \/>\n\u00a0<\/p>\n<div style=\"box-sizing: border-box; color: rgba(46, 52, 76, 0.8); font-family: Lato, sans-serif; font-size: 16px;\">\n<p><span style=\"font-size:14px\">Coordonnateur adjoint, Initiative nationale sur la marijuana, zones de trafic de drogue \u00e0 haute intensit\u00e9 (HIDTA)<br \/><span style=\"color:rgb(32, 32, 32); font-family:open sans,sans-serif\">Titre de la s\u00e9ance \u2013 Marijuana 101<\/span><br \/>\nMardi 4 f\u00e9vrier, 11h-12h15<\/span><\/p>\n<\/div>","protected":false},"excerpt":{"rendered":"<p>CADCA Is Honored To Have the Following Speakers at Our 30th Annual Forum! \u00a0Opening Plenary Keynote Speaker &#8211; Nora Volkow,<\/p>","protected":false},"author":23,"featured_media":1724,"comment_status":"closed","ping_status":"closed","sticky":false,"template":"","format":"standard","meta":{"_acf_changed":false,"inline_featured_image":false,"footnotes":""},"categories":[231],"tags":[],"class_list":["post-18342","post","type-post","status-publish","format-standard","has-post-thumbnail","hentry","category-homepage"],"acf":[],"yoast_head":"<!-- This site is optimized with the Yoast SEO plugin v27.4 - https:\/\/yoast.com\/product\/yoast-seo-wordpress\/ -->\n<title>Featured Speakers and Guests | CADCA<\/title>\n<meta name=\"description\" content=\"CADCA represents over 5,000 community coalitions that involve individuals from key sectors including schools, law enforcement, youth, parents, healthcare, media, tribal communities and others\" \/>\n<meta name=\"robots\" content=\"index, follow, max-snippet:-1, max-image-preview:large, max-video-preview:-1\" \/>\n<link rel=\"canonical\" href=\"https:\/\/www.cadca.org\/fr\/homepage\/featured-speakers-and-guests\/\" \/>\n<meta property=\"og:locale\" content=\"fr_FR\" \/>\n<meta property=\"og:type\" content=\"article\" \/>\n<meta property=\"og:title\" content=\"Featured Speakers and Guests | CADCA\" \/>\n<meta property=\"og:description\" content=\"CADCA represents over 5,000 community coalitions that involve individuals from key sectors including schools, law enforcement, youth, parents, healthcare, media, tribal communities and others\" \/>\n<meta property=\"og:url\" content=\"https:\/\/www.cadca.org\/fr\/homepage\/featured-speakers-and-guests\/\" \/>\n<meta property=\"og:site_name\" content=\"CADCA\" \/>\n<meta property=\"article:published_time\" content=\"2020-01-03T00:00:00+00:00\" \/>\n<meta property=\"og:image\" content=\"https:\/\/www.cadca.org\/wp-content\/uploads\/2022\/03\/forumgenearlcalloutboxv5_0.jpg\" \/>\n\t<meta property=\"og:image:width\" content=\"634\" \/>\n\t<meta property=\"og:image:height\" content=\"499\" \/>\n\t<meta property=\"og:image:type\" content=\"image\/jpeg\" \/>\n<meta name=\"author\" content=\"Marianne Varkiani\" \/>\n<meta name=\"twitter:card\" content=\"summary_large_image\" \/>\n<meta name=\"twitter:label1\" content=\"\u00c9crit par\" \/>\n\t<meta name=\"twitter:data1\" content=\"Marianne Varkiani\" \/>\n\t<meta name=\"twitter:label2\" content=\"Dur\u00e9e de lecture estim\u00e9e\" \/>\n\t<meta name=\"twitter:data2\" content=\"4 minutes\" \/>\n<script type=\"application\/ld+json\" class=\"yoast-schema-graph\">{\"@context\":\"https:\\\/\\\/schema.org\",\"@graph\":[{\"@type\":\"Article\",\"@id\":\"https:\\\/\\\/www.cadca.org\\\/homepage\\\/featured-speakers-and-guests\\\/#article\",\"isPartOf\":{\"@id\":\"https:\\\/\\\/www.cadca.org\\\/homepage\\\/featured-speakers-and-guests\\\/\"},\"author\":{\"name\":\"Marianne Varkiani\",\"@id\":\"https:\\\/\\\/www.cadca.org\\\/#\\\/schema\\\/person\\\/8e6cb67aa13c20300a849b431c929dd2\"},\"headline\":\"Featured Speakers and Guests\",\"datePublished\":\"2020-01-03T00:00:00+00:00\",\"mainEntityOfPage\":{\"@id\":\"https:\\\/\\\/www.cadca.org\\\/homepage\\\/featured-speakers-and-guests\\\/\"},\"wordCount\":868,\"image\":{\"@id\":\"https:\\\/\\\/www.cadca.org\\\/homepage\\\/featured-speakers-and-guests\\\/#primaryimage\"},\"thumbnailUrl\":\"https:\\\/\\\/www.cadca.org\\\/wp-content\\\/uploads\\\/2022\\\/03\\\/forumgenearlcalloutboxv5_0.jpg\",\"articleSection\":[\"Homepage\"],\"inLanguage\":\"fr-FR\"},{\"@type\":\"WebPage\",\"@id\":\"https:\\\/\\\/www.cadca.org\\\/homepage\\\/featured-speakers-and-guests\\\/\",\"url\":\"https:\\\/\\\/www.cadca.org\\\/homepage\\\/featured-speakers-and-guests\\\/\",\"name\":\"Featured Speakers and Guests | CADCA\",\"isPartOf\":{\"@id\":\"https:\\\/\\\/www.cadca.org\\\/#website\"},\"primaryImageOfPage\":{\"@id\":\"https:\\\/\\\/www.cadca.org\\\/homepage\\\/featured-speakers-and-guests\\\/#primaryimage\"},\"image\":{\"@id\":\"https:\\\/\\\/www.cadca.org\\\/homepage\\\/featured-speakers-and-guests\\\/#primaryimage\"},\"thumbnailUrl\":\"https:\\\/\\\/www.cadca.org\\\/wp-content\\\/uploads\\\/2022\\\/03\\\/forumgenearlcalloutboxv5_0.jpg\",\"datePublished\":\"2020-01-03T00:00:00+00:00\",\"author\":{\"@id\":\"https:\\\/\\\/www.cadca.org\\\/#\\\/schema\\\/person\\\/8e6cb67aa13c20300a849b431c929dd2\"},\"description\":\"CADCA represents over 5,000 community coalitions that involve individuals from key sectors including schools, law enforcement, youth, parents, healthcare, media, tribal communities and others\",\"breadcrumb\":{\"@id\":\"https:\\\/\\\/www.cadca.org\\\/homepage\\\/featured-speakers-and-guests\\\/#breadcrumb\"},\"inLanguage\":\"fr-FR\",\"potentialAction\":[{\"@type\":\"ReadAction\",\"target\":[\"https:\\\/\\\/www.cadca.org\\\/homepage\\\/featured-speakers-and-guests\\\/\"]}]},{\"@type\":\"ImageObject\",\"inLanguage\":\"fr-FR\",\"@id\":\"https:\\\/\\\/www.cadca.org\\\/homepage\\\/featured-speakers-and-guests\\\/#primaryimage\",\"url\":\"https:\\\/\\\/www.cadca.org\\\/wp-content\\\/uploads\\\/2022\\\/03\\\/forumgenearlcalloutboxv5_0.jpg\",\"contentUrl\":\"https:\\\/\\\/www.cadca.org\\\/wp-content\\\/uploads\\\/2022\\\/03\\\/forumgenearlcalloutboxv5_0.jpg\",\"width\":634,\"height\":499},{\"@type\":\"BreadcrumbList\",\"@id\":\"https:\\\/\\\/www.cadca.org\\\/homepage\\\/featured-speakers-and-guests\\\/#breadcrumb\",\"itemListElement\":[{\"@type\":\"ListItem\",\"position\":1,\"name\":\"Home\",\"item\":\"https:\\\/\\\/www.cadca.org\\\/\"},{\"@type\":\"ListItem\",\"position\":2,\"name\":\"Featured Speakers and Guests\"}]},{\"@type\":\"WebSite\",\"@id\":\"https:\\\/\\\/www.cadca.org\\\/#website\",\"url\":\"https:\\\/\\\/www.cadca.org\\\/\",\"name\":\"CADCA\",\"description\":\"The Premier Prevention Association\",\"potentialAction\":[{\"@type\":\"SearchAction\",\"target\":{\"@type\":\"EntryPoint\",\"urlTemplate\":\"https:\\\/\\\/www.cadca.org\\\/?s={search_term_string}\"},\"query-input\":{\"@type\":\"PropertyValueSpecification\",\"valueRequired\":true,\"valueName\":\"search_term_string\"}}],\"inLanguage\":\"fr-FR\"},{\"@type\":\"Person\",\"@id\":\"https:\\\/\\\/www.cadca.org\\\/#\\\/schema\\\/person\\\/8e6cb67aa13c20300a849b431c929dd2\",\"name\":\"Marianne Varkiani\"}]}<\/script>\n<!-- \/ Yoast SEO plugin. -->","yoast_head_json":{"title":"Featured Speakers and Guests | CADCA","description":"CADCA represents over 5,000 community coalitions that involve individuals from key sectors including schools, law enforcement, youth, parents, healthcare, media, tribal communities and others","robots":{"index":"index","follow":"follow","max-snippet":"max-snippet:-1","max-image-preview":"max-image-preview:large","max-video-preview":"max-video-preview:-1"},"canonical":"https:\/\/www.cadca.org\/fr\/homepage\/featured-speakers-and-guests\/","og_locale":"fr_FR","og_type":"article","og_title":"Featured Speakers and Guests | CADCA","og_description":"CADCA represents over 5,000 community coalitions that involve individuals from key sectors including schools, law enforcement, youth, parents, healthcare, media, tribal communities and others","og_url":"https:\/\/www.cadca.org\/fr\/homepage\/featured-speakers-and-guests\/","og_site_name":"CADCA","article_published_time":"2020-01-03T00:00:00+00:00","og_image":[{"width":634,"height":499,"url":"https:\/\/www.cadca.org\/wp-content\/uploads\/2022\/03\/forumgenearlcalloutboxv5_0.jpg","type":"image\/jpeg"}],"author":"Marianne Varkiani","twitter_card":"summary_large_image","twitter_misc":{"\u00c9crit par":"Marianne Varkiani","Dur\u00e9e de lecture estim\u00e9e":"4 minutes"},"schema":{"@context":"https:\/\/schema.org","@graph":[{"@type":"Article","@id":"https:\/\/www.cadca.org\/homepage\/featured-speakers-and-guests\/#article","isPartOf":{"@id":"https:\/\/www.cadca.org\/homepage\/featured-speakers-and-guests\/"},"author":{"name":"Marianne Varkiani","@id":"https:\/\/www.cadca.org\/#\/schema\/person\/8e6cb67aa13c20300a849b431c929dd2"},"headline":"Featured Speakers and Guests","datePublished":"2020-01-03T00:00:00+00:00","mainEntityOfPage":{"@id":"https:\/\/www.cadca.org\/homepage\/featured-speakers-and-guests\/"},"wordCount":868,"image":{"@id":"https:\/\/www.cadca.org\/homepage\/featured-speakers-and-guests\/#primaryimage"},"thumbnailUrl":"https:\/\/www.cadca.org\/wp-content\/uploads\/2022\/03\/forumgenearlcalloutboxv5_0.jpg","articleSection":["Homepage"],"inLanguage":"fr-FR"},{"@type":"WebPage","@id":"https:\/\/www.cadca.org\/homepage\/featured-speakers-and-guests\/","url":"https:\/\/www.cadca.org\/homepage\/featured-speakers-and-guests\/","name":"Featured Speakers and Guests | CADCA","isPartOf":{"@id":"https:\/\/www.cadca.org\/#website"},"primaryImageOfPage":{"@id":"https:\/\/www.cadca.org\/homepage\/featured-speakers-and-guests\/#primaryimage"},"image":{"@id":"https:\/\/www.cadca.org\/homepage\/featured-speakers-and-guests\/#primaryimage"},"thumbnailUrl":"https:\/\/www.cadca.org\/wp-content\/uploads\/2022\/03\/forumgenearlcalloutboxv5_0.jpg","datePublished":"2020-01-03T00:00:00+00:00","author":{"@id":"https:\/\/www.cadca.org\/#\/schema\/person\/8e6cb67aa13c20300a849b431c929dd2"},"description":"CADCA represents over 5,000 community coalitions that involve individuals from key sectors including schools, law enforcement, youth, parents, healthcare, media, tribal communities and others","breadcrumb":{"@id":"https:\/\/www.cadca.org\/homepage\/featured-speakers-and-guests\/#breadcrumb"},"inLanguage":"fr-FR","potentialAction":[{"@type":"ReadAction","target":["https:\/\/www.cadca.org\/homepage\/featured-speakers-and-guests\/"]}]},{"@type":"ImageObject","inLanguage":"fr-FR","@id":"https:\/\/www.cadca.org\/homepage\/featured-speakers-and-guests\/#primaryimage","url":"https:\/\/www.cadca.org\/wp-content\/uploads\/2022\/03\/forumgenearlcalloutboxv5_0.jpg","contentUrl":"https:\/\/www.cadca.org\/wp-content\/uploads\/2022\/03\/forumgenearlcalloutboxv5_0.jpg","width":634,"height":499},{"@type":"BreadcrumbList","@id":"https:\/\/www.cadca.org\/homepage\/featured-speakers-and-guests\/#breadcrumb","itemListElement":[{"@type":"ListItem","position":1,"name":"Home","item":"https:\/\/www.cadca.org\/"},{"@type":"ListItem","position":2,"name":"Featured Speakers and Guests"}]},{"@type":"WebSite","@id":"https:\/\/www.cadca.org\/#website","url":"https:\/\/www.cadca.org\/","name":"CADCA","description":"The Premier Prevention Association","potentialAction":[{"@type":"SearchAction","target":{"@type":"EntryPoint","urlTemplate":"https:\/\/www.cadca.org\/?s={search_term_string}"},"query-input":{"@type":"PropertyValueSpecification","valueRequired":true,"valueName":"search_term_string"}}],"inLanguage":"fr-FR"},{"@type":"Person","@id":"https:\/\/www.cadca.org\/#\/schema\/person\/8e6cb67aa13c20300a849b431c929dd2","name":"Marianne Varkiani"}]}},"_links":{"self":[{"href":"https:\/\/www.cadca.org\/fr\/wp-json\/wp\/v2\/posts\/18342","targetHints":{"allow":["GET"]}}],"collection":[{"href":"https:\/\/www.cadca.org\/fr\/wp-json\/wp\/v2\/posts"}],"about":[{"href":"https:\/\/www.cadca.org\/fr\/wp-json\/wp\/v2\/types\/post"}],"author":[{"embeddable":true,"href":"https:\/\/www.cadca.org\/fr\/wp-json\/wp\/v2\/users\/23"}],"replies":[{"embeddable":true,"href":"https:\/\/www.cadca.org\/fr\/wp-json\/wp\/v2\/comments?post=18342"}],"version-history":[{"count":0,"href":"https:\/\/www.cadca.org\/fr\/wp-json\/wp\/v2\/posts\/18342\/revisions"}],"wp:featuredmedia":[{"embeddable":true,"href":"https:\/\/www.cadca.org\/fr\/wp-json\/wp\/v2\/media\/1724"}],"wp:attachment":[{"href":"https:\/\/www.cadca.org\/fr\/wp-json\/wp\/v2\/media?parent=18342"}],"wp:term":[{"taxonomy":"category","embeddable":true,"href":"https:\/\/www.cadca.org\/fr\/wp-json\/wp\/v2\/categories?post=18342"},{"taxonomy":"post_tag","embeddable":true,"href":"https:\/\/www.cadca.org\/fr\/wp-json\/wp\/v2\/tags?post=18342"}],"curies":[{"name":"wp","href":"https:\/\/api.w.org\/{rel}","templated":true}]}}