{"id":18199,"date":"2021-11-18T00:00:00","date_gmt":"2021-11-18T00:00:00","guid":{"rendered":"https:\/\/cadca1stg.wpengine.com\/2021\/11\/18\/new-speaker-resource\/"},"modified":"2023-05-01T15:37:24","modified_gmt":"2023-05-01T15:37:24","slug":"new-speaker-resource","status":"publish","type":"post","link":"https:\/\/www.cadca.org\/fr\/homepage\/new-speaker-resource\/","title":{"rendered":"Nouvelle ressource pour les conf\u00e9renciers"},"content":{"rendered":"<p style=\"text-align:center\"><img loading=\"lazy\" decoding=\"async\" alt=\"\" height=\"300\" src=\"https:\/\/cadca.org\/sites\/default\/files\/speaker_resource_center.png\" width=\"1200\" \/><\/p>\n<p><span style=\"color:#252a68;\"><span style=\"font-size:16px;\"><span style=\"font-family:tahoma,geneva,sans-serif;\">Accueillir! Merci de votre pr\u00e9sentation au Forum national sur le leadership 2022\u00a0! Vous pourrez y trouver des informations sur ce dont vous avez besoin avant d&#039;acc\u00e9der au Forum, ainsi que des conseils pour faire de votre session de formation un succ\u00e8s\u00a0!<\/span><\/span><\/span><\/p>\n<p><span style=\"color:#252a68;\"><span style=\"font-size:16px;\"><span style=\"font-family:tahoma,geneva,sans-serif;\">Alors que nous revenons tous \u00e0 la planification, \u00e0 la pr\u00e9sentation et \u00e0 la participation \u00e0 des \u00e9v\u00e9nements en personne, CADCA esp\u00e8re que vous serez ravis de fournir \u00e0 nouveau un contenu r\u00e9volutionnaire au secteur de la pr\u00e9vention.<\/span><\/span><\/span><br \/>\n\u00a0<\/p>\n<p style=\"text-align:center\"><img loading=\"lazy\" decoding=\"async\" alt=\"\" height=\"73\" src=\"https:\/\/cadca.org\/sites\/default\/files\/important_dates_banner_forum_22.jpg\" width=\"1200\" \/><\/p>\n<p><span style=\"color:#252a68;\"><span style=\"font-size:16px;\"><span style=\"font-family:tahoma,geneva,sans-serif;\"><strong>18 novembre 2021 \u2013 <\/strong>Les pr\u00e9sentateurs re\u00e7oivent la date et l&#039;heure de la session de formation<\/span><\/span><\/span><br \/><span style=\"color:#252a68;\"><span style=\"font-size:16px;\"><span style=\"font-family:tahoma,geneva,sans-serif;\"><strong>13 d\u00e9cembre 2021 \u2013 <\/strong>Date limite pour remplir les formulaires d&#039;inscription<\/span><\/span><\/span><br \/><span style=\"color:#252a68;\"><span style=\"font-size:16px;\"><span style=\"font-family:tahoma,geneva,sans-serif;\"><strong>7 janvier 2022 \u2013<\/strong> Date limite pour soumettre des pr\u00e9sentations PowerPoint et des documents suppl\u00e9mentaires<br \/><strong>24 janvier 2022 \u2013<\/strong> Les documents\/pr\u00e9sentations sur les dates seront disponibles sur le site Web et l&#039;application de CADCA.<br \/><strong>31 janvier \u2013 3 f\u00e9vrier 2022 \u2013<\/strong> Le Forum national du leadership a lieu<\/span><\/span><\/span><\/p>\n<p style=\"text-align:center\"><img loading=\"lazy\" decoding=\"async\" alt=\"\" height=\"73\" src=\"https:\/\/cadca.org\/sites\/default\/files\/handouts_banner_forum_22.jpg\" width=\"1200\" \/><\/p>\n<p><span style=\"color:#252a68;\"><span style=\"font-size:16px;\"><span style=\"font-family:tahoma,geneva,sans-serif;\">Veuillez noter que CADCA n\u2019imprime pas de documents ni de feuilles de travail pour les sessions de formation. Les pr\u00e9sentateurs peuvent apporter des copies des documents s&#039;ils choisissent de les avoir \u00e0 disposition dans leurs salles de s\u00e9ance. Notez qu&#039;il y a un FedEx \u00e0 l&#039;int\u00e9rieur du port national de Gaylord pour votre commodit\u00e9.<\/span><\/span><\/span><\/p>\n<p><span style=\"color:#252a68;\"><span style=\"font-size:16px;\"><span style=\"font-family:tahoma,geneva,sans-serif;\">Tout mat\u00e9riel tel que des documents ou des feuilles de travail peut \u00eatre ajout\u00e9 \u00e0 la grille des sessions de formation sur le site Web du Forum. <strong>et<\/strong>\u00a0Application du forum. De nombreux participants aiment les imprimer avant d\u2019arriver \u00e0 l\u2019\u00e9v\u00e9nement ou les enregistrer sur leurs appareils mobiles. CADCA ne reproduit pas de documents, de feuilles de travail ou de pr\u00e9sentations PowerPoint destin\u00e9s aux participants.<\/span><\/span><\/span><\/p>\n<h2 class=\"rtecenter\"><span style=\"color:#FF0000;\"><strong>T\u00c9L\u00c9CHARGEZ VOS DOCUMENTS<\/strong><\/span><\/h2>\n<p><font color=\"#252a68\" face=\"tahoma, geneva, sans-serif\"><span style=\"font-size: 16px;\">T\u00e9l\u00e9chargez des documents et des feuilles de travail suppl\u00e9mentaires dans <a href=\"https:\/\/www.dropbox.com\/request\/ajFYafC2ls8fRjKvMKJO\"><strong>Bo\u00eete de d\u00e9p\u00f4t<\/strong> <\/a>par COB, le vendredi 7 janvier 2022. Assurez-vous de sauvegarder vos \u00e9l\u00e9ments en indiquant d&#039;abord le JOUR de votre session de formation, suivi (au minimum) des QUATRE premiers mots du titre de votre session, puis du mot HANDOUT. Si vous avez plus d\u2019un document, veuillez ajouter le num\u00e9ro apr\u00e8s le mot HANDOUT.<\/span><\/font><\/p>\n<p><font color=\"#252a68\" face=\"tahoma, geneva, sans-serif\"><span style=\"font-size: 16px;\">Exemple\u00a0: Si ma session du mercredi est \u00ab\u00a0Les bases de la pr\u00e9vention\u00a0: un cours acc\u00e9l\u00e9r\u00e9\u00a0\u00bb, je dois enregistrer mon(mes) document(s) sous\u00a0<strong>WEDNESDAY_Prevention_Basics_A_Crash_HANDOUT_1.\u00a0<\/strong><\/span><\/font><\/p>\n<p style=\"text-align:center\">\n<p><span style=\"color:#252a68;\"><span style=\"font-size:16px;\"><span style=\"font-family:tahoma,geneva,sans-serif;\">Lors du Forum national sur le leadership, les excellents partenaires audiovisuels d&#039;Inspire auront vos diapositives pr\u00e9charg\u00e9es sur l&#039;ordinateur portable qui se trouve dans votre salle de s\u00e9ance de formation. <strong>\u00e0 condition qu&#039;ils soient re\u00e7us dans les d\u00e9lais. <\/strong>\u00a0<\/span><\/span><\/span><\/p>\n<p><span style=\"font-size:16px;\"><span style=\"font-family:tahoma,geneva,sans-serif;\"><span style=\"color:#252a68;\">Toutes les diapositives PowerPoint qui nous sont fournies (avec votre permission) sont examin\u00e9es et transform\u00e9es en fichiers PDF prot\u00e9g\u00e9s par mot de passe. Ils seront disponibles sur l&#039;application \u00e9v\u00e9nementielle et sur le Forum. <\/span><strong><span style=\"color:#80bc00;\">Grille des s\u00e9ances de formation<\/span><\/strong><span style=\"color:#252a68;\">.<\/span><\/span><\/span><\/p>\n<p><span style=\"color:#252a68;\"><span style=\"font-size:16px;\"><span style=\"font-family:tahoma,geneva,sans-serif;\"><strong>Mod\u00e8le PowerPoint<\/strong><\/span><\/span><\/span><\/p>\n<p><span style=\"font-size:16px;\"><span style=\"font-family:tahoma,geneva,sans-serif;\"><span style=\"color:#252a68;\">Mod\u00e8le PowerPoint du forum\u00a0: <\/span><a href=\"https:\/\/www.cadca.org\/wp-content\/uploads\/2023\/05\/cadca_2022-forum_presentation-wide_-_updated.pptx\" target=\"_blank\" rel=\"noopener\"><strong><span style=\"color:#80bc00;\">Cliquez ici pour t\u00e9l\u00e9charger<\/span><\/strong><\/a><br \/><span style=\"color:#252a68;\">D\u00e9couvrez comment appliquer votre pr\u00e9sentation existante au mod\u00e8le Forum PowerPoint\u00a0:<\/span><\/span><\/span><\/p>\n<p class=\"rtecenter\">\n<iframe loading=\"lazy\" allow=\"accelerometer; autoplay; clipboard-write; encrypted-media; gyroscope; picture-in-picture\" allowfullscreen=\"\" frameborder=\"0\" height=\"315\" src=\"https:\/\/www.youtube.com\/embed\/1HMQnCW43rI\" title=\"Lecteur vid\u00e9o YouTube\" width=\"560\"><\/iframe><\/p>\n<h2 class=\"rtecenter\"><span style=\"color:#FF0000;\"><strong>T\u00c9L\u00c9CHARGEZ VOS POINTS POWER<\/strong><\/span><\/h2>\n<p><font color=\"#252a68\" face=\"tahoma, geneva, sans-serif\"><span style=\"font-size: 16px;\">T\u00e9l\u00e9chargez la pr\u00e9sentation PowerPoint dans\u00a0<a href=\"https:\/\/www.dropbox.com\/request\/ajFYafC2ls8fRjKvMKJO\"><strong>Bo\u00eete de d\u00e9p\u00f4t<\/strong>\u00a0<\/a>par COB, vendredi 7 janvier 2022. Assurez-vous d&#039;enregistrer vos \u00e9l\u00e9ments en indiquant d&#039;abord le JOUR de votre session de formation, suivi (au minimum) des QUATRE premiers mots du titre de votre session, puis du mot POWERPOINT. Si vous avez plus d&#039;une pr\u00e9sentation, veuillez ajouter le num\u00e9ro apr\u00e8s le mot POWERPOINT.<\/span><\/font><\/p>\n<p><font color=\"#252a68\" face=\"tahoma, geneva, sans-serif\"><span style=\"font-size: 16px;\">Exemple\u00a0: Si ma session du mercredi est \u00ab\u00a0Les bases de la pr\u00e9vention\u00a0: un cours intensif\u00a0\u00bb, je dois enregistrer ma ou mes pr\u00e9sentations sous\u00a0<strong>WEDNESDAY_Prevention_Basics_A_Crash_POWERPOINT.\u00a0<\/strong><\/span><\/font><\/p>\n<p style=\"text-align:center\">\n<p><span style=\"color:#252a68;\"><span style=\"font-size:16px;\"><span style=\"font-family:tahoma,geneva,sans-serif;\">Au Gaylord Hotel and Convention Center, il y aura une salle de pr\u00e9paration des conf\u00e9renciers dot\u00e9e par les partenaires audiovisuels de CADCA \u00e0 Inspire pour aider les pr\u00e9sentateurs avec la pr\u00e9paration de derni\u00e8re minute et les questions techniques. C&#039;est \u00e9galement l&#039;endroit \u00e0 visiter si vous avez des mises \u00e0 jour de votre PowerPoint. Depuis cette salle, les techniciens Inspire peuvent garantir que vos diapositives mises \u00e0 jour vous attendront dans la salle de session qui vous a \u00e9t\u00e9 assign\u00e9e.\u00a0<\/span><\/span><\/span><\/p>\n<p><span style=\"color:#252a68;\"><span style=\"font-size:16px;\"><span style=\"font-family:tahoma,geneva,sans-serif;\"><strong>Emplacement: <\/strong>Chesapeake 1, Centre des congr\u00e8s niveau 2<br \/><strong>Heures (toutes les heures sont exprim\u00e9es en heure normale de l&#039;Est)\u00a0:<\/strong><\/span><\/span><\/span><\/p>\n<table align=\"left\" border=\"0\" cellpadding=\"1\" cellspacing=\"1\" style=\"width: 293px;\">\n<tbody>\n<tr>\n<td style=\"width: 135px;\"><span style=\"color:#252a68;\"><span style=\"font-family: tahoma, geneva, sans-serif; font-size: 16px;\">Lundi:\u00a0<\/span><\/span><\/td>\n<td style=\"width: 145px;\"><span style=\"color:#252a68;\"><span style=\"font-family: tahoma, geneva, sans-serif; font-size: 16px;\">8h \u2013 17h<\/span><\/span><\/td>\n<\/tr>\n<tr>\n<td style=\"width: 135px;\"><span style=\"color:#252a68;\"><span style=\"font-family: tahoma, geneva, sans-serif; font-size: 16px;\">Mardi:\u00a0<\/span><\/span><\/td>\n<td style=\"width: 145px;\"><span style=\"color:#252a68;\"><span style=\"font-family: tahoma, geneva, sans-serif; font-size: 16px;\">8h \u2013 17h<\/span><\/span><\/td>\n<\/tr>\n<tr>\n<td style=\"width: 135px;\"><span style=\"color:#252a68;\"><span style=\"font-family: tahoma, geneva, sans-serif; font-size: 16px;\">Mercredi:\u00a0<\/span><\/span><\/td>\n<td style=\"width: 145px;\"><span style=\"color:#252a68;\"><span style=\"font-family: tahoma, geneva, sans-serif; font-size: 16px;\">8h \u2013 14h<\/span><\/span><\/td>\n<\/tr>\n<tr>\n<td style=\"width: 135px;\"><span style=\"color:#252a68;\"><span style=\"font-family: tahoma, geneva, sans-serif; font-size: 16px;\">Jeudi:\u00a0<\/span><\/span><\/td>\n<td style=\"width: 145px;\"><span style=\"color:#252a68;\"><span style=\"font-family: tahoma, geneva, sans-serif; font-size: 16px;\">8h \u2013 15h<\/span><\/span><\/td>\n<\/tr>\n<\/tbody>\n<\/table>\n<p>\u00a0<\/p>\n<p>\u00a0<\/p>\n<p>\u00a0<\/p>\n<p>\u00a0<\/p>\n<p><span style=\"color:#252a68;\"><span style=\"font-size:16px;\"><span style=\"font-family:tahoma,geneva,sans-serif;\"><strong>Le jour et l&#039;heure de votre s\u00e9ance, tous les pr\u00e9sentateurs doivent pr\u00e9voir d&#039;arriver au moins 15 minutes avant le d\u00e9but de leur s\u00e9ance.<\/strong> Un moniteur de salle de session sera affect\u00e9 \u00e0 chaque session de formation et aura de tr\u00e8s brefs \u00e9l\u00e9ments d&#039;ordre administratif \u00e0 partager avec les participants avant le d\u00e9but de votre session. Si vous rencontrez des probl\u00e8mes techniques ou avez besoin d\u2019aide, ils pourront rapidement se connecter avec un membre du personnel ou un technicien.<\/span><\/span><\/span><br \/>\n\u00a0<\/p>\n<p style=\"text-align:center\"><img loading=\"lazy\" decoding=\"async\" alt=\"\" height=\"73\" src=\"https:\/\/cadca.org\/sites\/default\/files\/reg_banner_forum_22_0.png\" width=\"1200\" \/><\/p>\n<div class=\"powr-countdown-timer\" id=\"c483e1c3_1637247497\">\u00a0<\/div>\n<p><script src=\"https:\/\/www.powr.io\/powr.js?platform=html\"><\/script><\/p>\n<p class=\"rtecenter\"><span style=\"color:#e1261e;\"><span style=\"font-size:16px;\"><span style=\"font-family:tahoma,geneva,sans-serif;\"><strong>Soumettre avant le lundi 13 d\u00e9cembre 2021<\/strong><\/span><\/span><\/span><\/p>\n<p><span style=\"color:#252a68;\"><span style=\"font-size:16px;\"><span style=\"font-family:tahoma,geneva,sans-serif;\">Pour les sessions avec plus d&#039;un pr\u00e9sentateur, l&#039;ordre dans lequel les pr\u00e9sentateurs sont confirm\u00e9s est important.<\/span><\/span><\/span><\/p>\n<p><span style=\"color:#252a68;\"><span style=\"font-size:16px;\"><span style=\"font-family:tahoma,geneva,sans-serif;\">Pour chaque session de formation, le Lead Presenter re\u00e7oit une inscription gratuite.<\/span><\/span><\/span><\/p>\n<p><span style=\"font-size:16px;\"><span style=\"font-family:tahoma,geneva,sans-serif;\"><span style=\"color:#252a68;\"><strong>INSCRIPTION DU PR\u00c9SENTATEUR PRINCIPAL UNIQUEMENT\u00a0: Veuillez remplir ce formulaire.<\/strong><\/span><strong><span style=\"color:#80bc00;\">\u00a0<\/span><a href=\"https:\/\/forms.gle\/UbvDbbnVUZQVXedQ8\" target=\"_blank\" rel=\"noopener\"><span style=\"color:#80bc00;\">formulaire Web<\/span><\/a><\/strong><span style=\"color:#252a68;\"><strong> <\/strong><\/span><span style=\"color:#252a68;\"><strong>enregistrer<\/strong><\/span><\/span><\/span><\/p>\n<p><span style=\"color:#252a68;\"><span style=\"font-size:16px;\"><span style=\"font-family:tahoma,geneva,sans-serif;\"><strong>Inscription du deuxi\u00e8me pr\u00e9sentateur<\/strong><\/span><\/span><\/span><\/p>\n<p><span style=\"color:#252a68;\"><span style=\"font-size:16px;\"><span style=\"font-family:tahoma,geneva,sans-serif;\">Le pr\u00e9sentateur 2 b\u00e9n\u00e9ficie d&#039;un tarif d&#039;inscription r\u00e9duit de $450.\u00a0<\/span><\/span><\/span><\/p>\n<p><span style=\"color:#252a68;\"><span style=\"font-size:16px;\"><span style=\"font-family:tahoma,geneva,sans-serif;\"><strong>S\u00e9ances avec trois pr\u00e9sentateurs ou plus<\/strong><\/span><\/span><\/span><\/p>\n<p><span style=\"color:#252a68;\"><span style=\"font-size:16px;\"><span style=\"font-family:tahoma,geneva,sans-serif;\">Les pr\u00e9sentateurs 3 ou plus doivent s\u2019inscrire au tarif d\u2019inscription applicable. Veuillez noter que des tarifs \u00e0 la journ\u00e9e sont \u00e9galement disponibles pour le Forum.\u00a0<\/span><\/span><\/span><\/p>\n<p><span style=\"font-size:16px;\"><span style=\"font-family:tahoma,geneva,sans-serif;\"><span style=\"color:#252a68;\"><u>Tous les pr\u00e9sentateurs non principaux<\/u> je devrais t\u00e9l\u00e9charger et compl\u00e9ter ceci\u00a0<strong><a href=\"https:\/\/www.cadca.org\/wp-content\/uploads\/2023\/05\/fm22_reg_form_presenter_final.pdf\">FORMULAIRE D&#039;INSCRIPTION DU PR\u00c9SENTATEUR<\/a><\/strong> et soumettre \u00e0 <\/span><strong><a href=\"mailto:events@cadca.org\"><span style=\"color:#80bc00;\">events@cadca.org<\/span><\/a><\/strong><span style=\"color:#252a68;\">.<\/span><\/span><\/span><\/p>\n<p>\u00a0<\/p>\n<p style=\"text-align:center\">\n<p><span style=\"color:#252a68;\"><strong><span style=\"font-size:16px;\"><span style=\"font-family:tahoma,geneva,sans-serif;\"><em>Q : J&#039;ai rempli mes formulaires d&#039;inscription mais je n&#039;ai pas encore re\u00e7u de confirmation d&#039;inscription.<\/em><\/span><\/span><\/strong><\/span><\/p>\n<p><span style=\"font-size:16px;\"><span style=\"font-family:tahoma,geneva,sans-serif;\"><span style=\"color:#252a68;\">Merci d&#039;avoir soumis les formulaires compl\u00e9t\u00e9s. Veuillez noter que les inscriptions des pr\u00e9sentateurs sont trait\u00e9es manuellement et prennent du temps. Si vous avez des modifications au formulaire d&#039;inscription que vous avez soumis, veuillez envoyer un e-mail <\/span><strong><a href=\"mailto:events@cadca.org\"><span style=\"color:#80bc00;\">events@cadca.org<\/span><\/a><\/strong>.<\/span><\/span><\/p>\n<p><span style=\"color:#252a68;\"><strong><span style=\"font-size:16px;\"><span style=\"font-family:tahoma,geneva,sans-serif;\"><em>Q\u00a0:\u00a0Qui dois-je informer des pr\u00e9sentateurs nouveaux ou rempla\u00e7ants\u00a0? <\/em><\/span><\/span><\/strong><\/span><\/p>\n<p><span style=\"font-size:16px;\"><span style=\"font-family:tahoma,geneva,sans-serif;\"><span style=\"color:#252a68;\">Veuillez envoyer par courrier \u00e9lectronique les noms complets, les titres, les organisations et l&#039;adresse \u00e9lectronique des pr\u00e9sentateurs mis \u00e0 jour ET ceux qu&#039;ils remplacent avec le titre de votre session \u00e0 <strong>Kahlee Yeldell<\/strong> \u00e0 <\/span><strong><a href=\"mailto:kyeldell@cadca.org\"><span style=\"color:#80bc00;\">kyeldell@cadca.org<\/span><\/a><\/strong>.<\/span><\/span><\/p>\n<p><img loading=\"lazy\" decoding=\"async\" alt=\"\" height=\"75\" src=\"https:\/\/cadca.org\/sites\/default\/files\/tree.png\" style=\"float:right\" width=\"75\" \/><span style=\"color:#252a68;\"><strong><span style=\"font-size:16px;\"><span style=\"font-family:tahoma,geneva,sans-serif;\"><em>Q\u00a0: J&#039;ai une question concernant mon inscription ou celle de mon autre pr\u00e9sentateur\u00a0?<\/em><\/span><\/span><\/strong><\/span><\/p>\n<p><span style=\"font-size:16px;\"><span style=\"font-family:tahoma,geneva,sans-serif;\"><span style=\"color:#252a68;\">Pour des questions sur l&#039;inscription, envoyez un email <\/span><strong><a href=\"mailto:events@cadca.org\"><span style=\"color:#80bc00;\">events@cadca.org<\/span><\/a><\/strong>.<\/span><\/span><\/p>","protected":false},"excerpt":{"rendered":"<p>Accueillir! Merci de votre pr\u00e9sentation au Forum national sur le leadership 2022\u00a0! Vous pourrez y trouver des informations concernant<\/p>","protected":false},"author":23,"featured_media":1597,"comment_status":"closed","ping_status":"closed","sticky":false,"template":"","format":"standard","meta":{"_acf_changed":false,"inline_featured_image":false,"footnotes":""},"categories":[231],"tags":[],"class_list":["post-18199","post","type-post","status-publish","format-standard","has-post-thumbnail","hentry","category-homepage"],"acf":[],"yoast_head":"<!-- This site is optimized with the Yoast SEO plugin v27.4 - https:\/\/yoast.com\/product\/yoast-seo-wordpress\/ -->\n<title>New Speaker Resource | CADCA<\/title>\n<meta name=\"description\" content=\"CADCA represents over 5,000 community coalitions that involve individuals from key sectors including schools, law enforcement, youth, parents, healthcare, media, tribal communities and others\" \/>\n<meta name=\"robots\" content=\"index, follow, max-snippet:-1, max-image-preview:large, max-video-preview:-1\" \/>\n<link rel=\"canonical\" href=\"https:\/\/www.cadca.org\/fr\/homepage\/new-speaker-resource\/\" \/>\n<meta property=\"og:locale\" content=\"fr_FR\" \/>\n<meta property=\"og:type\" content=\"article\" \/>\n<meta property=\"og:title\" content=\"New Speaker Resource | CADCA\" \/>\n<meta property=\"og:description\" content=\"CADCA represents over 5,000 community coalitions that involve individuals from key sectors including schools, law enforcement, youth, parents, healthcare, media, tribal communities and others\" \/>\n<meta property=\"og:url\" content=\"https:\/\/www.cadca.org\/fr\/homepage\/new-speaker-resource\/\" \/>\n<meta property=\"og:site_name\" content=\"CADCA\" \/>\n<meta property=\"article:published_time\" content=\"2021-11-18T00:00:00+00:00\" \/>\n<meta property=\"article:modified_time\" content=\"2023-05-01T15:37:24+00:00\" \/>\n<meta property=\"og:image\" content=\"https:\/\/www.cadca.org\/wp-content\/uploads\/2022\/03\/cadca-member-of-logo1.jpg\" \/>\n\t<meta property=\"og:image:width\" content=\"880\" \/>\n\t<meta property=\"og:image:height\" content=\"500\" \/>\n\t<meta property=\"og:image:type\" content=\"image\/jpeg\" \/>\n<meta name=\"author\" content=\"Marianne Varkiani\" \/>\n<meta name=\"twitter:card\" content=\"summary_large_image\" \/>\n<meta name=\"twitter:label1\" content=\"\u00c9crit par\" \/>\n\t<meta name=\"twitter:data1\" content=\"Marianne Varkiani\" \/>\n\t<meta name=\"twitter:label2\" content=\"Dur\u00e9e de lecture estim\u00e9e\" \/>\n\t<meta name=\"twitter:data2\" content=\"4 minutes\" \/>\n<script type=\"application\/ld+json\" class=\"yoast-schema-graph\">{\"@context\":\"https:\\\/\\\/schema.org\",\"@graph\":[{\"@type\":\"Article\",\"@id\":\"https:\\\/\\\/www.cadca.org\\\/fr\\\/homepage\\\/new-speaker-resource\\\/#article\",\"isPartOf\":{\"@id\":\"https:\\\/\\\/www.cadca.org\\\/fr\\\/homepage\\\/new-speaker-resource\\\/\"},\"author\":{\"name\":\"Marianne Varkiani\",\"@id\":\"https:\\\/\\\/www.cadca.org\\\/#\\\/schema\\\/person\\\/8e6cb67aa13c20300a849b431c929dd2\"},\"headline\":\"New Speaker Resource\",\"datePublished\":\"2021-11-18T00:00:00+00:00\",\"dateModified\":\"2023-05-01T15:37:24+00:00\",\"mainEntityOfPage\":{\"@id\":\"https:\\\/\\\/www.cadca.org\\\/fr\\\/homepage\\\/new-speaker-resource\\\/\"},\"wordCount\":840,\"image\":{\"@id\":\"https:\\\/\\\/www.cadca.org\\\/fr\\\/homepage\\\/new-speaker-resource\\\/#primaryimage\"},\"thumbnailUrl\":\"https:\\\/\\\/www.cadca.org\\\/wp-content\\\/uploads\\\/2022\\\/03\\\/cadca-member-of-logo1.jpg\",\"articleSection\":[\"Homepage\"],\"inLanguage\":\"fr-FR\"},{\"@type\":\"WebPage\",\"@id\":\"https:\\\/\\\/www.cadca.org\\\/fr\\\/homepage\\\/new-speaker-resource\\\/\",\"url\":\"https:\\\/\\\/www.cadca.org\\\/fr\\\/homepage\\\/new-speaker-resource\\\/\",\"name\":\"New Speaker Resource | CADCA\",\"isPartOf\":{\"@id\":\"https:\\\/\\\/www.cadca.org\\\/#website\"},\"primaryImageOfPage\":{\"@id\":\"https:\\\/\\\/www.cadca.org\\\/fr\\\/homepage\\\/new-speaker-resource\\\/#primaryimage\"},\"image\":{\"@id\":\"https:\\\/\\\/www.cadca.org\\\/fr\\\/homepage\\\/new-speaker-resource\\\/#primaryimage\"},\"thumbnailUrl\":\"https:\\\/\\\/www.cadca.org\\\/wp-content\\\/uploads\\\/2022\\\/03\\\/cadca-member-of-logo1.jpg\",\"datePublished\":\"2021-11-18T00:00:00+00:00\",\"dateModified\":\"2023-05-01T15:37:24+00:00\",\"author\":{\"@id\":\"https:\\\/\\\/www.cadca.org\\\/#\\\/schema\\\/person\\\/8e6cb67aa13c20300a849b431c929dd2\"},\"description\":\"CADCA represents over 5,000 community coalitions that involve individuals from key sectors including schools, law enforcement, youth, parents, healthcare, media, tribal communities and others\",\"breadcrumb\":{\"@id\":\"https:\\\/\\\/www.cadca.org\\\/fr\\\/homepage\\\/new-speaker-resource\\\/#breadcrumb\"},\"inLanguage\":\"fr-FR\",\"potentialAction\":[{\"@type\":\"ReadAction\",\"target\":[\"https:\\\/\\\/www.cadca.org\\\/fr\\\/homepage\\\/new-speaker-resource\\\/\"]}]},{\"@type\":\"ImageObject\",\"inLanguage\":\"fr-FR\",\"@id\":\"https:\\\/\\\/www.cadca.org\\\/fr\\\/homepage\\\/new-speaker-resource\\\/#primaryimage\",\"url\":\"https:\\\/\\\/www.cadca.org\\\/wp-content\\\/uploads\\\/2022\\\/03\\\/cadca-member-of-logo1.jpg\",\"contentUrl\":\"https:\\\/\\\/www.cadca.org\\\/wp-content\\\/uploads\\\/2022\\\/03\\\/cadca-member-of-logo1.jpg\",\"width\":880,\"height\":500},{\"@type\":\"BreadcrumbList\",\"@id\":\"https:\\\/\\\/www.cadca.org\\\/fr\\\/homepage\\\/new-speaker-resource\\\/#breadcrumb\",\"itemListElement\":[{\"@type\":\"ListItem\",\"position\":1,\"name\":\"Home\",\"item\":\"https:\\\/\\\/www.cadca.org\\\/\"},{\"@type\":\"ListItem\",\"position\":2,\"name\":\"New Speaker Resource\"}]},{\"@type\":\"WebSite\",\"@id\":\"https:\\\/\\\/www.cadca.org\\\/#website\",\"url\":\"https:\\\/\\\/www.cadca.org\\\/\",\"name\":\"CADCA\",\"description\":\"The Premier Prevention Association\",\"potentialAction\":[{\"@type\":\"SearchAction\",\"target\":{\"@type\":\"EntryPoint\",\"urlTemplate\":\"https:\\\/\\\/www.cadca.org\\\/?s={search_term_string}\"},\"query-input\":{\"@type\":\"PropertyValueSpecification\",\"valueRequired\":true,\"valueName\":\"search_term_string\"}}],\"inLanguage\":\"fr-FR\"},{\"@type\":\"Person\",\"@id\":\"https:\\\/\\\/www.cadca.org\\\/#\\\/schema\\\/person\\\/8e6cb67aa13c20300a849b431c929dd2\",\"name\":\"Marianne Varkiani\"}]}<\/script>\n<!-- \/ Yoast SEO plugin. -->","yoast_head_json":{"title":"New Speaker Resource | CADCA","description":"CADCA represents over 5,000 community coalitions that involve individuals from key sectors including schools, law enforcement, youth, parents, healthcare, media, tribal communities and others","robots":{"index":"index","follow":"follow","max-snippet":"max-snippet:-1","max-image-preview":"max-image-preview:large","max-video-preview":"max-video-preview:-1"},"canonical":"https:\/\/www.cadca.org\/fr\/homepage\/new-speaker-resource\/","og_locale":"fr_FR","og_type":"article","og_title":"New Speaker Resource | CADCA","og_description":"CADCA represents over 5,000 community coalitions that involve individuals from key sectors including schools, law enforcement, youth, parents, healthcare, media, tribal communities and others","og_url":"https:\/\/www.cadca.org\/fr\/homepage\/new-speaker-resource\/","og_site_name":"CADCA","article_published_time":"2021-11-18T00:00:00+00:00","article_modified_time":"2023-05-01T15:37:24+00:00","og_image":[{"width":880,"height":500,"url":"https:\/\/www.cadca.org\/wp-content\/uploads\/2022\/03\/cadca-member-of-logo1.jpg","type":"image\/jpeg"}],"author":"Marianne Varkiani","twitter_card":"summary_large_image","twitter_misc":{"\u00c9crit par":"Marianne Varkiani","Dur\u00e9e de lecture estim\u00e9e":"4 minutes"},"schema":{"@context":"https:\/\/schema.org","@graph":[{"@type":"Article","@id":"https:\/\/www.cadca.org\/fr\/homepage\/new-speaker-resource\/#article","isPartOf":{"@id":"https:\/\/www.cadca.org\/fr\/homepage\/new-speaker-resource\/"},"author":{"name":"Marianne Varkiani","@id":"https:\/\/www.cadca.org\/#\/schema\/person\/8e6cb67aa13c20300a849b431c929dd2"},"headline":"New Speaker Resource","datePublished":"2021-11-18T00:00:00+00:00","dateModified":"2023-05-01T15:37:24+00:00","mainEntityOfPage":{"@id":"https:\/\/www.cadca.org\/fr\/homepage\/new-speaker-resource\/"},"wordCount":840,"image":{"@id":"https:\/\/www.cadca.org\/fr\/homepage\/new-speaker-resource\/#primaryimage"},"thumbnailUrl":"https:\/\/www.cadca.org\/wp-content\/uploads\/2022\/03\/cadca-member-of-logo1.jpg","articleSection":["Homepage"],"inLanguage":"fr-FR"},{"@type":"WebPage","@id":"https:\/\/www.cadca.org\/fr\/homepage\/new-speaker-resource\/","url":"https:\/\/www.cadca.org\/fr\/homepage\/new-speaker-resource\/","name":"New Speaker Resource | CADCA","isPartOf":{"@id":"https:\/\/www.cadca.org\/#website"},"primaryImageOfPage":{"@id":"https:\/\/www.cadca.org\/fr\/homepage\/new-speaker-resource\/#primaryimage"},"image":{"@id":"https:\/\/www.cadca.org\/fr\/homepage\/new-speaker-resource\/#primaryimage"},"thumbnailUrl":"https:\/\/www.cadca.org\/wp-content\/uploads\/2022\/03\/cadca-member-of-logo1.jpg","datePublished":"2021-11-18T00:00:00+00:00","dateModified":"2023-05-01T15:37:24+00:00","author":{"@id":"https:\/\/www.cadca.org\/#\/schema\/person\/8e6cb67aa13c20300a849b431c929dd2"},"description":"CADCA represents over 5,000 community coalitions that involve individuals from key sectors including schools, law enforcement, youth, parents, healthcare, media, tribal communities and others","breadcrumb":{"@id":"https:\/\/www.cadca.org\/fr\/homepage\/new-speaker-resource\/#breadcrumb"},"inLanguage":"fr-FR","potentialAction":[{"@type":"ReadAction","target":["https:\/\/www.cadca.org\/fr\/homepage\/new-speaker-resource\/"]}]},{"@type":"ImageObject","inLanguage":"fr-FR","@id":"https:\/\/www.cadca.org\/fr\/homepage\/new-speaker-resource\/#primaryimage","url":"https:\/\/www.cadca.org\/wp-content\/uploads\/2022\/03\/cadca-member-of-logo1.jpg","contentUrl":"https:\/\/www.cadca.org\/wp-content\/uploads\/2022\/03\/cadca-member-of-logo1.jpg","width":880,"height":500},{"@type":"BreadcrumbList","@id":"https:\/\/www.cadca.org\/fr\/homepage\/new-speaker-resource\/#breadcrumb","itemListElement":[{"@type":"ListItem","position":1,"name":"Home","item":"https:\/\/www.cadca.org\/"},{"@type":"ListItem","position":2,"name":"New Speaker Resource"}]},{"@type":"WebSite","@id":"https:\/\/www.cadca.org\/#website","url":"https:\/\/www.cadca.org\/","name":"CADCA","description":"The Premier Prevention Association","potentialAction":[{"@type":"SearchAction","target":{"@type":"EntryPoint","urlTemplate":"https:\/\/www.cadca.org\/?s={search_term_string}"},"query-input":{"@type":"PropertyValueSpecification","valueRequired":true,"valueName":"search_term_string"}}],"inLanguage":"fr-FR"},{"@type":"Person","@id":"https:\/\/www.cadca.org\/#\/schema\/person\/8e6cb67aa13c20300a849b431c929dd2","name":"Marianne Varkiani"}]}},"_links":{"self":[{"href":"https:\/\/www.cadca.org\/fr\/wp-json\/wp\/v2\/posts\/18199","targetHints":{"allow":["GET"]}}],"collection":[{"href":"https:\/\/www.cadca.org\/fr\/wp-json\/wp\/v2\/posts"}],"about":[{"href":"https:\/\/www.cadca.org\/fr\/wp-json\/wp\/v2\/types\/post"}],"author":[{"embeddable":true,"href":"https:\/\/www.cadca.org\/fr\/wp-json\/wp\/v2\/users\/23"}],"replies":[{"embeddable":true,"href":"https:\/\/www.cadca.org\/fr\/wp-json\/wp\/v2\/comments?post=18199"}],"version-history":[{"count":0,"href":"https:\/\/www.cadca.org\/fr\/wp-json\/wp\/v2\/posts\/18199\/revisions"}],"wp:featuredmedia":[{"embeddable":true,"href":"https:\/\/www.cadca.org\/fr\/wp-json\/wp\/v2\/media\/1597"}],"wp:attachment":[{"href":"https:\/\/www.cadca.org\/fr\/wp-json\/wp\/v2\/media?parent=18199"}],"wp:term":[{"taxonomy":"category","embeddable":true,"href":"https:\/\/www.cadca.org\/fr\/wp-json\/wp\/v2\/categories?post=18199"},{"taxonomy":"post_tag","embeddable":true,"href":"https:\/\/www.cadca.org\/fr\/wp-json\/wp\/v2\/tags?post=18199"}],"curies":[{"name":"wp","href":"https:\/\/api.w.org\/{rel}","templated":true}]}}