{"id":18030,"date":"2021-03-10T00:00:00","date_gmt":"2021-03-10T00:00:00","guid":{"rendered":"https:\/\/cadca1stg.wpengine.com\/2021\/03\/10\/cadcas-vp-of-communications-and-meetings-reflects-on-training-in-a-global-pandemic\/"},"modified":"2021-03-10T00:00:00","modified_gmt":"2021-03-10T00:00:00","slug":"cadcas-vp-of-communications-and-meetings-reflects-on-training-in-a-global-pandemic","status":"publish","type":"post","link":"https:\/\/www.cadca.org\/fr\/blog\/cadcas-vp-of-communications-and-meetings-reflects-on-training-in-a-global-pandemic\/","title":{"rendered":"Le vice-pr\u00e9sident des communications et des r\u00e9unions de CADCA r\u00e9fl\u00e9chit \u00e0 la formation dans une pand\u00e9mie mondiale"},"content":{"rendered":"<p>Cet \u00e9t\u00e9, CADCA accueillera le 20<sup>e<\/sup> Institut annuel de formation de mi-ann\u00e9e. En tant que vice-pr\u00e9sident des communications et des r\u00e9unions de CADCA, j&#039;ai une perspective unique sur les \u00e9v\u00e9nements de notre organisation, y compris nos efforts pour continuer \u00e0 organiser des \u00e9v\u00e9nements de formation de premier plan au milieu de la pand\u00e9mie mondiale de COVID-19.\u00a0<\/p>\n<p>L&#039;ann\u00e9e derni\u00e8re \u00e0 la m\u00eame \u00e9poque, CADCA venait de terminer notre 30<sup>e<\/sup> Forum national annuel sur le leadership, organis\u00e9 en personne au Gaylord National Resort and Convention Center \u00e0 National Harbor, Maryland. Alors que nous nous pr\u00e9parions \u00e0 organiser notre prochain \u00e9v\u00e9nement en personne, le Mid-Year Training Institute \u00e0 Nashville, Tennessee, nous avons vu la pand\u00e9mie de COVID-19 s&#039;emparer de notre pays et avons pris la d\u00e9cision difficile de passer rapidement d&#039;un \u00e9v\u00e9nement en personne \u00e0 un \u00e9v\u00e9nement en ligne. exp\u00e9rience de formation.<\/p>\n<p>M\u00eame si nous \u00e9tions convaincus que notre r\u00e9seau de d\u00e9fenseurs de la pr\u00e9vention aborderait cette exp\u00e9rience avec enthousiasme et un \u00e9tat d&#039;esprit positif, nous avons \u00e9t\u00e9 v\u00e9ritablement stup\u00e9faits par le soutien que nous avons re\u00e7u du terrain. Au total, pr\u00e8s de 3\u00a0000 professionnels de la pr\u00e9vention de l\u2019abus de substances, partenaires f\u00e9d\u00e9raux et corporatifs et d\u00e9fenseurs communautaires nous ont rejoint alors que nous parcourions le paysage de la formation virtuelle pour la toute premi\u00e8re fois\u00a0!<\/p>\n<p>Pr\u00e8s d&#039;un an plus tard, nous venons de terminer notre deuxi\u00e8me \u00e9v\u00e9nement de formation virtuelle et nous nous pr\u00e9parons pour le troisi\u00e8me, l&#039;Institut de formation de mi-ann\u00e9e de cette ann\u00e9e. En repensant \u00e0 l\u2019ann\u00e9e \u00e9coul\u00e9e, je suis frapp\u00e9 par un immense sentiment de gratitude envers ceux d\u2019entre vous qui ont rendu mon travail possible. Sans votre engagement infatigable \u00e0 am\u00e9liorer vos communaut\u00e9s gr\u00e2ce \u00e0 une formation sur la pr\u00e9vention de la consommation et de l\u2019abus de substances, m\u00eame si nous ressentions collectivement le vaste impact de la pand\u00e9mie, le mouvement de pr\u00e9vention serait au point mort.<\/p>\n<p>Vos efforts incessants ont permis aux communaut\u00e9s du monde entier de rester en s\u00e9curit\u00e9, en bonne sant\u00e9 et sans drogue. Alors que nous \u00e9tions oblig\u00e9s de nous \u00e9loigner physiquement les uns des autres, chacun de vous s\u2019est engag\u00e9 \u00e0 servir une communaut\u00e9 qu\u2019il ne pouvait pas voir en personne.<\/p>\n<p>Alors que nous attendons avec impatience la p\u00e9riode du 11 au 15 juillet 2021 pour notre 20<sup>e<\/sup> Institut de formation annuel de mi-ann\u00e9e, il est si appropri\u00e9 que le th\u00e8me de cette ann\u00e9e soit \u00ab\u00a0Chaque jour, CADCA forme\u00a0: les dirigeants de la coalition communautaire.\u00a0\u00bb Cet \u00e9v\u00e9nement sera l&#039;occasion pour CADCA de c\u00e9l\u00e9brer votre leadership et de d\u00e9velopper les comp\u00e9tences en pr\u00e9vention que vous apportez chaque jour \u00e0 vos communaut\u00e9s. De plus, cela donnera \u00e0 notre domaine l&#039;occasion de r\u00e9fl\u00e9chir aux 20 derni\u00e8res ann\u00e9es de cet incroyable \u00e9v\u00e9nement de formation embl\u00e9matique et de planifier la construction de la durabilit\u00e9 pour nous accompagner tout au long des 20 prochaines ann\u00e9es de travail de pr\u00e9vention de la consommation et de l&#039;abus de substances dans les communaut\u00e9s du monde entier.<\/p>\n<p>Je suis convaincu que quiconque participe \u00e0 cette exp\u00e9rience quittera le milieu de l&#039;ann\u00e9e avec les strat\u00e9gies, les ressources et les connexions n\u00e9cessaires pour revigorer votre travail. Je suis \u00e9galement convaincu qu&#039;en repensant \u00e0 cette exp\u00e9rience dans un an, je ressentirai \u00e0 nouveau un immense sentiment de gratitude envers ceux d&#039;entre vous qui ont fait <strong>CADCA20<sup>e<\/sup> Institut annuel de formation en milieu d&#039;ann\u00e9e<\/strong> possible.<\/p>\n<p>Rendez-vous en juillet,<\/p>\n<p><strong>Ang\u00e9lique Wilkins<\/strong><\/p>\n<p>Vice-pr\u00e9sident, communications et r\u00e9unions<\/p>","protected":false},"excerpt":{"rendered":"<p>Cet \u00e9t\u00e9, CADCA accueillera le 20e Institut annuel de formation de mi-ann\u00e9e. En tant que vice-pr\u00e9sident des communications et des r\u00e9unions de CADCA, je<\/p>","protected":false},"author":23,"featured_media":2282,"comment_status":"closed","ping_status":"closed","sticky":false,"template":"","format":"standard","meta":{"_acf_changed":false,"inline_featured_image":false,"footnotes":""},"categories":[219],"tags":[],"class_list":["post-18030","post","type-post","status-publish","format-standard","has-post-thumbnail","hentry","category-blog"],"acf":[],"yoast_head":"<!-- This site is optimized with the Yoast SEO plugin v27.4 - https:\/\/yoast.com\/product\/yoast-seo-wordpress\/ -->\n<title>CADCA&#039;s VP of Communications and Meetings Reflects on Training in a Global Pandemic | CADCA<\/title>\n<meta name=\"description\" content=\"CADCA represents over 5,000 community coalitions that involve individuals from key sectors including schools, law enforcement, youth, parents, healthcare, media, tribal communities and others\" \/>\n<meta name=\"robots\" content=\"index, follow, max-snippet:-1, max-image-preview:large, max-video-preview:-1\" \/>\n<link rel=\"canonical\" href=\"https:\/\/www.cadca.org\/fr\/blog\/cadcas-vp-of-communications-and-meetings-reflects-on-training-in-a-global-pandemic\/\" \/>\n<meta property=\"og:locale\" content=\"fr_FR\" \/>\n<meta property=\"og:type\" content=\"article\" \/>\n<meta property=\"og:title\" content=\"CADCA&#039;s VP of Communications and Meetings Reflects on Training in a Global Pandemic | CADCA\" \/>\n<meta property=\"og:description\" content=\"CADCA represents over 5,000 community coalitions that involve individuals from key sectors including schools, law enforcement, youth, parents, healthcare, media, tribal communities and others\" \/>\n<meta property=\"og:url\" content=\"https:\/\/www.cadca.org\/fr\/blog\/cadcas-vp-of-communications-and-meetings-reflects-on-training-in-a-global-pandemic\/\" \/>\n<meta property=\"og:site_name\" content=\"CADCA\" \/>\n<meta property=\"article:published_time\" content=\"2021-03-10T00:00:00+00:00\" \/>\n<meta property=\"og:image\" content=\"https:\/\/www.cadca.org\/wp-content\/uploads\/2022\/03\/gold_banners-625x532-1.jpg\" \/>\n\t<meta property=\"og:image:width\" content=\"625\" \/>\n\t<meta property=\"og:image:height\" content=\"532\" \/>\n\t<meta property=\"og:image:type\" content=\"image\/jpeg\" \/>\n<meta name=\"author\" content=\"Marianne Varkiani\" \/>\n<meta name=\"twitter:card\" content=\"summary_large_image\" \/>\n<meta name=\"twitter:label1\" content=\"\u00c9crit par\" \/>\n\t<meta name=\"twitter:data1\" content=\"Marianne Varkiani\" \/>\n\t<meta name=\"twitter:label2\" content=\"Dur\u00e9e de lecture estim\u00e9e\" \/>\n\t<meta name=\"twitter:data2\" content=\"2 minutes\" \/>\n<script type=\"application\/ld+json\" class=\"yoast-schema-graph\">{\"@context\":\"https:\\\/\\\/schema.org\",\"@graph\":[{\"@type\":\"Article\",\"@id\":\"https:\\\/\\\/www.cadca.org\\\/blog\\\/cadcas-vp-of-communications-and-meetings-reflects-on-training-in-a-global-pandemic\\\/#article\",\"isPartOf\":{\"@id\":\"https:\\\/\\\/www.cadca.org\\\/blog\\\/cadcas-vp-of-communications-and-meetings-reflects-on-training-in-a-global-pandemic\\\/\"},\"author\":{\"name\":\"Marianne Varkiani\",\"@id\":\"https:\\\/\\\/www.cadca.org\\\/#\\\/schema\\\/person\\\/8e6cb67aa13c20300a849b431c929dd2\"},\"headline\":\"CADCA&#8217;s VP of Communications and Meetings Reflects on Training in a Global Pandemic\",\"datePublished\":\"2021-03-10T00:00:00+00:00\",\"mainEntityOfPage\":{\"@id\":\"https:\\\/\\\/www.cadca.org\\\/blog\\\/cadcas-vp-of-communications-and-meetings-reflects-on-training-in-a-global-pandemic\\\/\"},\"wordCount\":492,\"image\":{\"@id\":\"https:\\\/\\\/www.cadca.org\\\/blog\\\/cadcas-vp-of-communications-and-meetings-reflects-on-training-in-a-global-pandemic\\\/#primaryimage\"},\"thumbnailUrl\":\"https:\\\/\\\/www.cadca.org\\\/wp-content\\\/uploads\\\/2022\\\/03\\\/gold_banners-625x532-1.jpg\",\"articleSection\":[\"Blog\"],\"inLanguage\":\"fr-FR\"},{\"@type\":\"WebPage\",\"@id\":\"https:\\\/\\\/www.cadca.org\\\/blog\\\/cadcas-vp-of-communications-and-meetings-reflects-on-training-in-a-global-pandemic\\\/\",\"url\":\"https:\\\/\\\/www.cadca.org\\\/blog\\\/cadcas-vp-of-communications-and-meetings-reflects-on-training-in-a-global-pandemic\\\/\",\"name\":\"CADCA's VP of Communications and Meetings Reflects on Training in a Global Pandemic | CADCA\",\"isPartOf\":{\"@id\":\"https:\\\/\\\/www.cadca.org\\\/#website\"},\"primaryImageOfPage\":{\"@id\":\"https:\\\/\\\/www.cadca.org\\\/blog\\\/cadcas-vp-of-communications-and-meetings-reflects-on-training-in-a-global-pandemic\\\/#primaryimage\"},\"image\":{\"@id\":\"https:\\\/\\\/www.cadca.org\\\/blog\\\/cadcas-vp-of-communications-and-meetings-reflects-on-training-in-a-global-pandemic\\\/#primaryimage\"},\"thumbnailUrl\":\"https:\\\/\\\/www.cadca.org\\\/wp-content\\\/uploads\\\/2022\\\/03\\\/gold_banners-625x532-1.jpg\",\"datePublished\":\"2021-03-10T00:00:00+00:00\",\"author\":{\"@id\":\"https:\\\/\\\/www.cadca.org\\\/#\\\/schema\\\/person\\\/8e6cb67aa13c20300a849b431c929dd2\"},\"description\":\"CADCA represents over 5,000 community coalitions that involve individuals from key sectors including schools, law enforcement, youth, parents, healthcare, media, tribal communities and others\",\"breadcrumb\":{\"@id\":\"https:\\\/\\\/www.cadca.org\\\/blog\\\/cadcas-vp-of-communications-and-meetings-reflects-on-training-in-a-global-pandemic\\\/#breadcrumb\"},\"inLanguage\":\"fr-FR\",\"potentialAction\":[{\"@type\":\"ReadAction\",\"target\":[\"https:\\\/\\\/www.cadca.org\\\/blog\\\/cadcas-vp-of-communications-and-meetings-reflects-on-training-in-a-global-pandemic\\\/\"]}]},{\"@type\":\"ImageObject\",\"inLanguage\":\"fr-FR\",\"@id\":\"https:\\\/\\\/www.cadca.org\\\/blog\\\/cadcas-vp-of-communications-and-meetings-reflects-on-training-in-a-global-pandemic\\\/#primaryimage\",\"url\":\"https:\\\/\\\/www.cadca.org\\\/wp-content\\\/uploads\\\/2022\\\/03\\\/gold_banners-625x532-1.jpg\",\"contentUrl\":\"https:\\\/\\\/www.cadca.org\\\/wp-content\\\/uploads\\\/2022\\\/03\\\/gold_banners-625x532-1.jpg\",\"width\":625,\"height\":532},{\"@type\":\"BreadcrumbList\",\"@id\":\"https:\\\/\\\/www.cadca.org\\\/blog\\\/cadcas-vp-of-communications-and-meetings-reflects-on-training-in-a-global-pandemic\\\/#breadcrumb\",\"itemListElement\":[{\"@type\":\"ListItem\",\"position\":1,\"name\":\"Home\",\"item\":\"https:\\\/\\\/www.cadca.org\\\/\"},{\"@type\":\"ListItem\",\"position\":2,\"name\":\"CADCA&#8217;s VP of Communications and Meetings Reflects on Training in a Global Pandemic\"}]},{\"@type\":\"WebSite\",\"@id\":\"https:\\\/\\\/www.cadca.org\\\/#website\",\"url\":\"https:\\\/\\\/www.cadca.org\\\/\",\"name\":\"CADCA\",\"description\":\"The Premier Prevention Association\",\"potentialAction\":[{\"@type\":\"SearchAction\",\"target\":{\"@type\":\"EntryPoint\",\"urlTemplate\":\"https:\\\/\\\/www.cadca.org\\\/?s={search_term_string}\"},\"query-input\":{\"@type\":\"PropertyValueSpecification\",\"valueRequired\":true,\"valueName\":\"search_term_string\"}}],\"inLanguage\":\"fr-FR\"},{\"@type\":\"Person\",\"@id\":\"https:\\\/\\\/www.cadca.org\\\/#\\\/schema\\\/person\\\/8e6cb67aa13c20300a849b431c929dd2\",\"name\":\"Marianne Varkiani\"}]}<\/script>\n<!-- \/ Yoast SEO plugin. -->","yoast_head_json":{"title":"CADCA's VP of Communications and Meetings Reflects on Training in a Global Pandemic | CADCA","description":"CADCA represents over 5,000 community coalitions that involve individuals from key sectors including schools, law enforcement, youth, parents, healthcare, media, tribal communities and others","robots":{"index":"index","follow":"follow","max-snippet":"max-snippet:-1","max-image-preview":"max-image-preview:large","max-video-preview":"max-video-preview:-1"},"canonical":"https:\/\/www.cadca.org\/fr\/blog\/cadcas-vp-of-communications-and-meetings-reflects-on-training-in-a-global-pandemic\/","og_locale":"fr_FR","og_type":"article","og_title":"CADCA's VP of Communications and Meetings Reflects on Training in a Global Pandemic | CADCA","og_description":"CADCA represents over 5,000 community coalitions that involve individuals from key sectors including schools, law enforcement, youth, parents, healthcare, media, tribal communities and others","og_url":"https:\/\/www.cadca.org\/fr\/blog\/cadcas-vp-of-communications-and-meetings-reflects-on-training-in-a-global-pandemic\/","og_site_name":"CADCA","article_published_time":"2021-03-10T00:00:00+00:00","og_image":[{"width":625,"height":532,"url":"https:\/\/www.cadca.org\/wp-content\/uploads\/2022\/03\/gold_banners-625x532-1.jpg","type":"image\/jpeg"}],"author":"Marianne Varkiani","twitter_card":"summary_large_image","twitter_misc":{"\u00c9crit par":"Marianne Varkiani","Dur\u00e9e de lecture estim\u00e9e":"2 minutes"},"schema":{"@context":"https:\/\/schema.org","@graph":[{"@type":"Article","@id":"https:\/\/www.cadca.org\/blog\/cadcas-vp-of-communications-and-meetings-reflects-on-training-in-a-global-pandemic\/#article","isPartOf":{"@id":"https:\/\/www.cadca.org\/blog\/cadcas-vp-of-communications-and-meetings-reflects-on-training-in-a-global-pandemic\/"},"author":{"name":"Marianne Varkiani","@id":"https:\/\/www.cadca.org\/#\/schema\/person\/8e6cb67aa13c20300a849b431c929dd2"},"headline":"CADCA&#8217;s VP of Communications and Meetings Reflects on Training in a Global Pandemic","datePublished":"2021-03-10T00:00:00+00:00","mainEntityOfPage":{"@id":"https:\/\/www.cadca.org\/blog\/cadcas-vp-of-communications-and-meetings-reflects-on-training-in-a-global-pandemic\/"},"wordCount":492,"image":{"@id":"https:\/\/www.cadca.org\/blog\/cadcas-vp-of-communications-and-meetings-reflects-on-training-in-a-global-pandemic\/#primaryimage"},"thumbnailUrl":"https:\/\/www.cadca.org\/wp-content\/uploads\/2022\/03\/gold_banners-625x532-1.jpg","articleSection":["Blog"],"inLanguage":"fr-FR"},{"@type":"WebPage","@id":"https:\/\/www.cadca.org\/blog\/cadcas-vp-of-communications-and-meetings-reflects-on-training-in-a-global-pandemic\/","url":"https:\/\/www.cadca.org\/blog\/cadcas-vp-of-communications-and-meetings-reflects-on-training-in-a-global-pandemic\/","name":"CADCA's VP of Communications and Meetings Reflects on Training in a Global Pandemic | CADCA","isPartOf":{"@id":"https:\/\/www.cadca.org\/#website"},"primaryImageOfPage":{"@id":"https:\/\/www.cadca.org\/blog\/cadcas-vp-of-communications-and-meetings-reflects-on-training-in-a-global-pandemic\/#primaryimage"},"image":{"@id":"https:\/\/www.cadca.org\/blog\/cadcas-vp-of-communications-and-meetings-reflects-on-training-in-a-global-pandemic\/#primaryimage"},"thumbnailUrl":"https:\/\/www.cadca.org\/wp-content\/uploads\/2022\/03\/gold_banners-625x532-1.jpg","datePublished":"2021-03-10T00:00:00+00:00","author":{"@id":"https:\/\/www.cadca.org\/#\/schema\/person\/8e6cb67aa13c20300a849b431c929dd2"},"description":"CADCA represents over 5,000 community coalitions that involve individuals from key sectors including schools, law enforcement, youth, parents, healthcare, media, tribal communities and others","breadcrumb":{"@id":"https:\/\/www.cadca.org\/blog\/cadcas-vp-of-communications-and-meetings-reflects-on-training-in-a-global-pandemic\/#breadcrumb"},"inLanguage":"fr-FR","potentialAction":[{"@type":"ReadAction","target":["https:\/\/www.cadca.org\/blog\/cadcas-vp-of-communications-and-meetings-reflects-on-training-in-a-global-pandemic\/"]}]},{"@type":"ImageObject","inLanguage":"fr-FR","@id":"https:\/\/www.cadca.org\/blog\/cadcas-vp-of-communications-and-meetings-reflects-on-training-in-a-global-pandemic\/#primaryimage","url":"https:\/\/www.cadca.org\/wp-content\/uploads\/2022\/03\/gold_banners-625x532-1.jpg","contentUrl":"https:\/\/www.cadca.org\/wp-content\/uploads\/2022\/03\/gold_banners-625x532-1.jpg","width":625,"height":532},{"@type":"BreadcrumbList","@id":"https:\/\/www.cadca.org\/blog\/cadcas-vp-of-communications-and-meetings-reflects-on-training-in-a-global-pandemic\/#breadcrumb","itemListElement":[{"@type":"ListItem","position":1,"name":"Home","item":"https:\/\/www.cadca.org\/"},{"@type":"ListItem","position":2,"name":"CADCA&#8217;s VP of Communications and Meetings Reflects on Training in a Global Pandemic"}]},{"@type":"WebSite","@id":"https:\/\/www.cadca.org\/#website","url":"https:\/\/www.cadca.org\/","name":"CADCA","description":"The Premier Prevention Association","potentialAction":[{"@type":"SearchAction","target":{"@type":"EntryPoint","urlTemplate":"https:\/\/www.cadca.org\/?s={search_term_string}"},"query-input":{"@type":"PropertyValueSpecification","valueRequired":true,"valueName":"search_term_string"}}],"inLanguage":"fr-FR"},{"@type":"Person","@id":"https:\/\/www.cadca.org\/#\/schema\/person\/8e6cb67aa13c20300a849b431c929dd2","name":"Marianne Varkiani"}]}},"_links":{"self":[{"href":"https:\/\/www.cadca.org\/fr\/wp-json\/wp\/v2\/posts\/18030","targetHints":{"allow":["GET"]}}],"collection":[{"href":"https:\/\/www.cadca.org\/fr\/wp-json\/wp\/v2\/posts"}],"about":[{"href":"https:\/\/www.cadca.org\/fr\/wp-json\/wp\/v2\/types\/post"}],"author":[{"embeddable":true,"href":"https:\/\/www.cadca.org\/fr\/wp-json\/wp\/v2\/users\/23"}],"replies":[{"embeddable":true,"href":"https:\/\/www.cadca.org\/fr\/wp-json\/wp\/v2\/comments?post=18030"}],"version-history":[{"count":0,"href":"https:\/\/www.cadca.org\/fr\/wp-json\/wp\/v2\/posts\/18030\/revisions"}],"wp:featuredmedia":[{"embeddable":true,"href":"https:\/\/www.cadca.org\/fr\/wp-json\/wp\/v2\/media\/2282"}],"wp:attachment":[{"href":"https:\/\/www.cadca.org\/fr\/wp-json\/wp\/v2\/media?parent=18030"}],"wp:term":[{"taxonomy":"category","embeddable":true,"href":"https:\/\/www.cadca.org\/fr\/wp-json\/wp\/v2\/categories?post=18030"},{"taxonomy":"post_tag","embeddable":true,"href":"https:\/\/www.cadca.org\/fr\/wp-json\/wp\/v2\/tags?post=18030"}],"curies":[{"name":"wp","href":"https:\/\/api.w.org\/{rel}","templated":true}]}}