{"id":18011,"date":"2022-08-24T00:00:00","date_gmt":"2022-08-24T00:00:00","guid":{"rendered":"https:\/\/cadca1stg.wpengine.com\/2022\/08\/24\/a-reflection-on-cadcas-largest-in-person-mid-year-yet\/"},"modified":"2022-08-24T00:00:00","modified_gmt":"2022-08-24T00:00:00","slug":"a-reflection-on-cadcas-largest-in-person-mid-year-yet","status":"publish","type":"post","link":"https:\/\/www.cadca.org\/fr\/blog\/a-reflection-on-cadcas-largest-in-person-mid-year-yet\/","title":{"rendered":"Une r\u00e9flexion sur le plus grand milieu d&#039;ann\u00e9e en personne de CADCA \u00e0 ce jour\u00a0!"},"content":{"rendered":"<p>Quelque chose que j&#039;ai r\u00e9alis\u00e9 et dont je suis devenu exponentiellement reconnaissant au cours des deux derni\u00e8res ann\u00e9es, c&#039;est que la capacit\u00e9 de r\u00e9unir des leaders de la pr\u00e9vention du monde entier, dans un espace partag\u00e9, est un privil\u00e8ge. Un mois s&#039;est \u00e9coul\u00e9 depuis que nous nous sommes r\u00e9unis \u00e0 Orlando pour le milieu de l&#039;ann\u00e9e, et tout au long de la semaine \u00e9clair de formation, je me suis souvenu encore et encore du travail inspirant que vous faites dans vos communaut\u00e9s et de l&#039;importance de se r\u00e9unir pour \u00e9changer des histoires et des strat\u00e9gies avec autres d\u00e9fenseurs de la pr\u00e9vention.<\/p>\n<p>Je suis pass\u00e9 devant de nombreuses salles de formation de mi-ann\u00e9e qui bourdonnaient d&#039;enthousiasme; les pr\u00e9sentateurs \u00e9taient v\u00eatus de tenues de super-h\u00e9ros et de chapeaux loufoques, et les participants dans une salle ont \u00e9t\u00e9 invit\u00e9s \u00e0 r\u00e9pondre aux questions en levant la main et en se penchant d&#039;un c\u00f4t\u00e9 \u00e0 l&#039;autre comme s&#039;ils \u00e9taient sur des montagnes russes\u00a0! Il n&#039;y avait jamais de couloir compl\u00e8tement vide; Je voyais souvent des membres de la coalition blottis sur des canap\u00e9s, comparant des notes entre eux, discutant de ce qu&#039;ils pr\u00e9voyaient de ramener dans leurs communaut\u00e9s. Lorsque les sessions ont \u00e9clat\u00e9, ils ont trouv\u00e9 un terrain d&#039;entente gr\u00e2ce \u00e0 de nouvelles connexions, car ils ont appris qu&#039;ils \u00e9taient aux prises avec des probl\u00e8mes similaires.<\/p>\n<p>En tant que vice-pr\u00e9sident des communications et des r\u00e9unions, j&#039;ai vu et planifi\u00e9 de nombreux \u00e9v\u00e9nements de formation phares de CADCA. Alors que nos \u00e9v\u00e9nements continuent d&#039;\u00e9voluer en r\u00e9ponse au paysage en constante \u00e9volution de notre domaine, nous nous engageons \u00e0 appliquer les le\u00e7ons apprises pour trouver de meilleures fa\u00e7ons de soutenir vos efforts.<\/p>\n<p>L&#039;un des faits saillants du milieu de l&#039;ann\u00e9e a \u00e9t\u00e9 le retour des partenaires f\u00e9d\u00e9raux qui n&#039;ont pas pu assister au Forum national sur le leadership en f\u00e9vrier. Dirigeants de <a href=\"https:\/\/www.samhsa.gov\/\">SAMHSA<\/a>, <a href=\"https:\/\/www.dea.gov\/\">brigade des stup\u00e9fiants<\/a>, <a href=\"https:\/\/www.cdc.gov\/\">CDC,<\/a> <a href=\"https:\/\/www.niaaa.nih.gov\/\">NIAAA<\/a> et <a href=\"https:\/\/www.whitehouse.gov\/ondcp\/\">ONDCP<\/a> \u00e9taient sur place et offraient aux participants de nombreuses occasions de poser des questions et d&#039;aborder les priorit\u00e9s. Nous avons \u00e9galement actualis\u00e9 le contenu des sessions de formation pour refl\u00e9ter ce que vous avez not\u00e9 comme les d\u00e9fis les plus urgents de notre domaine, en r\u00e9pondant aux nouvelles tendances, pr\u00e9occupations et recherches. Et nos entreprises partenaires ont fourni des informations et des ressources et outils de pr\u00e9vention inestimables.<\/p>\n<p>Alors que nous nous tournons vers le prochain \u00e9v\u00e9nement de formation phare de CADCA, le 33<sup>rd<\/sup> Forum national annuel sur le leadership qui aura lieu le 30 janvier<sup>e<\/sup> \u2013 2 f\u00e9vrier<sup>nd<\/sup>, nous nous attendons \u00e0 poursuivre sur notre lanc\u00e9e et \u00e0 accueillir un nombre record de participants au Gaylord National. Le th\u00e8me de cette ann\u00e9e est \u00e0 juste titre \u00ab Ensemble vers demain \u00bb. Notre communaut\u00e9 d&#039;agents de changement est particuli\u00e8rement bien \u00e9quip\u00e9e pour renverser la tendance contre les tendances en mati\u00e8re de consommation de substances. Ensemble, nous pouvons pr\u00e9parer le terrain pour cr\u00e9er les communaut\u00e9s s\u00fbres, saines et sans drogue de demain.<\/p>\n<p>Nous souhaitons vous compter parmi nous pour le Forum, qui sera votre opportunit\u00e9 de parler directement \u00e0 vos repr\u00e9sentants et de partager les probl\u00e8mes uniques auxquels votre communaut\u00e9 est confront\u00e9e. Notre site Web du Forum est maintenant en ligne et ouvert pour que vous puissiez commencer \u00e0 planifier et \u00e0 vous inscrire pour une autre semaine marquante. Assurez-vous de rester au courant des derni\u00e8res nouvelles passionnantes en suivant les r\u00e9seaux sociaux de CADCA et en vous tenant au courant de nos diffusions \u00e9lectroniques hebdomadaires.<\/p>\n<p>Merci pour votre engagement continu envers le mouvement de pr\u00e9vention.<\/p>\n<p>Rendez-vous en f\u00e9vrier,<\/p>\n<p><strong>Ang\u00e9lique Wilkins<\/strong><\/p>\n<p>Vice-pr\u00e9sident, communications et r\u00e9unions<\/p>","protected":false},"excerpt":{"rendered":"<p>Quelque chose que j&#039;ai r\u00e9alis\u00e9 et dont je suis devenu exponentiellement reconnaissant au cours des deux derni\u00e8res ann\u00e9es, c&#039;est que la capacit\u00e9 de convoquer<\/p>","protected":false},"author":23,"featured_media":18012,"comment_status":"closed","ping_status":"closed","sticky":false,"template":"","format":"standard","meta":{"_acf_changed":false,"inline_featured_image":false,"footnotes":""},"categories":[219],"tags":[],"class_list":["post-18011","post","type-post","status-publish","format-standard","has-post-thumbnail","hentry","category-blog"],"acf":[],"yoast_head":"<!-- This site is optimized with the Yoast SEO plugin v27.4 - https:\/\/yoast.com\/product\/yoast-seo-wordpress\/ -->\n<title>A Reflection on CADCA&#039;s Largest In-Person Mid-Year Yet! | CADCA<\/title>\n<meta name=\"description\" content=\"CADCA represents over 5,000 community coalitions that involve individuals from key sectors including schools, law enforcement, youth, parents, healthcare, media, tribal communities and others\" \/>\n<meta name=\"robots\" content=\"index, follow, max-snippet:-1, max-image-preview:large, max-video-preview:-1\" \/>\n<link rel=\"canonical\" href=\"https:\/\/www.cadca.org\/fr\/blog\/a-reflection-on-cadcas-largest-in-person-mid-year-yet\/\" \/>\n<meta property=\"og:locale\" content=\"fr_FR\" \/>\n<meta property=\"og:type\" content=\"article\" \/>\n<meta property=\"og:title\" content=\"A Reflection on CADCA&#039;s Largest In-Person Mid-Year Yet! | CADCA\" \/>\n<meta property=\"og:description\" content=\"CADCA represents over 5,000 community coalitions that involve individuals from key sectors including schools, law enforcement, youth, parents, healthcare, media, tribal communities and others\" \/>\n<meta property=\"og:url\" content=\"https:\/\/www.cadca.org\/fr\/blog\/a-reflection-on-cadcas-largest-in-person-mid-year-yet\/\" \/>\n<meta property=\"og:site_name\" content=\"CADCA\" \/>\n<meta property=\"article:published_time\" content=\"2022-08-24T00:00:00+00:00\" \/>\n<meta property=\"og:image\" content=\"https:\/\/www.cadca.org\/wp-content\/uploads\/2023\/05\/8-24-22-angelique-blog-header-co_2.png\" \/>\n\t<meta property=\"og:image:width\" content=\"650\" \/>\n\t<meta property=\"og:image:height\" content=\"199\" \/>\n\t<meta property=\"og:image:type\" content=\"image\/png\" \/>\n<meta name=\"author\" content=\"Marianne Varkiani\" \/>\n<meta name=\"twitter:card\" content=\"summary_large_image\" \/>\n<meta name=\"twitter:label1\" content=\"\u00c9crit par\" \/>\n\t<meta name=\"twitter:data1\" content=\"Marianne Varkiani\" \/>\n\t<meta name=\"twitter:label2\" content=\"Dur\u00e9e de lecture estim\u00e9e\" \/>\n\t<meta name=\"twitter:data2\" content=\"2 minutes\" \/>\n<script type=\"application\/ld+json\" class=\"yoast-schema-graph\">{\"@context\":\"https:\\\/\\\/schema.org\",\"@graph\":[{\"@type\":\"Article\",\"@id\":\"https:\\\/\\\/www.cadca.org\\\/blog\\\/a-reflection-on-cadcas-largest-in-person-mid-year-yet\\\/#article\",\"isPartOf\":{\"@id\":\"https:\\\/\\\/www.cadca.org\\\/blog\\\/a-reflection-on-cadcas-largest-in-person-mid-year-yet\\\/\"},\"author\":{\"name\":\"Marianne Varkiani\",\"@id\":\"https:\\\/\\\/www.cadca.org\\\/#\\\/schema\\\/person\\\/8e6cb67aa13c20300a849b431c929dd2\"},\"headline\":\"A Reflection on CADCA&#8217;s Largest In-Person Mid-Year Yet!\",\"datePublished\":\"2022-08-24T00:00:00+00:00\",\"mainEntityOfPage\":{\"@id\":\"https:\\\/\\\/www.cadca.org\\\/blog\\\/a-reflection-on-cadcas-largest-in-person-mid-year-yet\\\/\"},\"wordCount\":502,\"image\":{\"@id\":\"https:\\\/\\\/www.cadca.org\\\/blog\\\/a-reflection-on-cadcas-largest-in-person-mid-year-yet\\\/#primaryimage\"},\"thumbnailUrl\":\"https:\\\/\\\/www.cadca.org\\\/wp-content\\\/uploads\\\/2023\\\/05\\\/8-24-22-angelique-blog-header-co_2.png\",\"articleSection\":[\"Blog\"],\"inLanguage\":\"fr-FR\"},{\"@type\":\"WebPage\",\"@id\":\"https:\\\/\\\/www.cadca.org\\\/blog\\\/a-reflection-on-cadcas-largest-in-person-mid-year-yet\\\/\",\"url\":\"https:\\\/\\\/www.cadca.org\\\/blog\\\/a-reflection-on-cadcas-largest-in-person-mid-year-yet\\\/\",\"name\":\"A Reflection on CADCA's Largest In-Person Mid-Year Yet! | CADCA\",\"isPartOf\":{\"@id\":\"https:\\\/\\\/www.cadca.org\\\/#website\"},\"primaryImageOfPage\":{\"@id\":\"https:\\\/\\\/www.cadca.org\\\/blog\\\/a-reflection-on-cadcas-largest-in-person-mid-year-yet\\\/#primaryimage\"},\"image\":{\"@id\":\"https:\\\/\\\/www.cadca.org\\\/blog\\\/a-reflection-on-cadcas-largest-in-person-mid-year-yet\\\/#primaryimage\"},\"thumbnailUrl\":\"https:\\\/\\\/www.cadca.org\\\/wp-content\\\/uploads\\\/2023\\\/05\\\/8-24-22-angelique-blog-header-co_2.png\",\"datePublished\":\"2022-08-24T00:00:00+00:00\",\"author\":{\"@id\":\"https:\\\/\\\/www.cadca.org\\\/#\\\/schema\\\/person\\\/8e6cb67aa13c20300a849b431c929dd2\"},\"description\":\"CADCA represents over 5,000 community coalitions that involve individuals from key sectors including schools, law enforcement, youth, parents, healthcare, media, tribal communities and others\",\"breadcrumb\":{\"@id\":\"https:\\\/\\\/www.cadca.org\\\/blog\\\/a-reflection-on-cadcas-largest-in-person-mid-year-yet\\\/#breadcrumb\"},\"inLanguage\":\"fr-FR\",\"potentialAction\":[{\"@type\":\"ReadAction\",\"target\":[\"https:\\\/\\\/www.cadca.org\\\/blog\\\/a-reflection-on-cadcas-largest-in-person-mid-year-yet\\\/\"]}]},{\"@type\":\"ImageObject\",\"inLanguage\":\"fr-FR\",\"@id\":\"https:\\\/\\\/www.cadca.org\\\/blog\\\/a-reflection-on-cadcas-largest-in-person-mid-year-yet\\\/#primaryimage\",\"url\":\"https:\\\/\\\/www.cadca.org\\\/wp-content\\\/uploads\\\/2023\\\/05\\\/8-24-22-angelique-blog-header-co_2.png\",\"contentUrl\":\"https:\\\/\\\/www.cadca.org\\\/wp-content\\\/uploads\\\/2023\\\/05\\\/8-24-22-angelique-blog-header-co_2.png\",\"width\":650,\"height\":199},{\"@type\":\"BreadcrumbList\",\"@id\":\"https:\\\/\\\/www.cadca.org\\\/blog\\\/a-reflection-on-cadcas-largest-in-person-mid-year-yet\\\/#breadcrumb\",\"itemListElement\":[{\"@type\":\"ListItem\",\"position\":1,\"name\":\"Home\",\"item\":\"https:\\\/\\\/www.cadca.org\\\/\"},{\"@type\":\"ListItem\",\"position\":2,\"name\":\"A Reflection on CADCA&#8217;s Largest In-Person Mid-Year Yet!\"}]},{\"@type\":\"WebSite\",\"@id\":\"https:\\\/\\\/www.cadca.org\\\/#website\",\"url\":\"https:\\\/\\\/www.cadca.org\\\/\",\"name\":\"CADCA\",\"description\":\"The Premier Prevention Association\",\"potentialAction\":[{\"@type\":\"SearchAction\",\"target\":{\"@type\":\"EntryPoint\",\"urlTemplate\":\"https:\\\/\\\/www.cadca.org\\\/?s={search_term_string}\"},\"query-input\":{\"@type\":\"PropertyValueSpecification\",\"valueRequired\":true,\"valueName\":\"search_term_string\"}}],\"inLanguage\":\"fr-FR\"},{\"@type\":\"Person\",\"@id\":\"https:\\\/\\\/www.cadca.org\\\/#\\\/schema\\\/person\\\/8e6cb67aa13c20300a849b431c929dd2\",\"name\":\"Marianne Varkiani\"}]}<\/script>\n<!-- \/ Yoast SEO plugin. -->","yoast_head_json":{"title":"A Reflection on CADCA's Largest In-Person Mid-Year Yet! | CADCA","description":"CADCA represents over 5,000 community coalitions that involve individuals from key sectors including schools, law enforcement, youth, parents, healthcare, media, tribal communities and others","robots":{"index":"index","follow":"follow","max-snippet":"max-snippet:-1","max-image-preview":"max-image-preview:large","max-video-preview":"max-video-preview:-1"},"canonical":"https:\/\/www.cadca.org\/fr\/blog\/a-reflection-on-cadcas-largest-in-person-mid-year-yet\/","og_locale":"fr_FR","og_type":"article","og_title":"A Reflection on CADCA's Largest In-Person Mid-Year Yet! | CADCA","og_description":"CADCA represents over 5,000 community coalitions that involve individuals from key sectors including schools, law enforcement, youth, parents, healthcare, media, tribal communities and others","og_url":"https:\/\/www.cadca.org\/fr\/blog\/a-reflection-on-cadcas-largest-in-person-mid-year-yet\/","og_site_name":"CADCA","article_published_time":"2022-08-24T00:00:00+00:00","og_image":[{"width":650,"height":199,"url":"https:\/\/www.cadca.org\/wp-content\/uploads\/2023\/05\/8-24-22-angelique-blog-header-co_2.png","type":"image\/png"}],"author":"Marianne Varkiani","twitter_card":"summary_large_image","twitter_misc":{"\u00c9crit par":"Marianne Varkiani","Dur\u00e9e de lecture estim\u00e9e":"2 minutes"},"schema":{"@context":"https:\/\/schema.org","@graph":[{"@type":"Article","@id":"https:\/\/www.cadca.org\/blog\/a-reflection-on-cadcas-largest-in-person-mid-year-yet\/#article","isPartOf":{"@id":"https:\/\/www.cadca.org\/blog\/a-reflection-on-cadcas-largest-in-person-mid-year-yet\/"},"author":{"name":"Marianne Varkiani","@id":"https:\/\/www.cadca.org\/#\/schema\/person\/8e6cb67aa13c20300a849b431c929dd2"},"headline":"A Reflection on CADCA&#8217;s Largest In-Person Mid-Year Yet!","datePublished":"2022-08-24T00:00:00+00:00","mainEntityOfPage":{"@id":"https:\/\/www.cadca.org\/blog\/a-reflection-on-cadcas-largest-in-person-mid-year-yet\/"},"wordCount":502,"image":{"@id":"https:\/\/www.cadca.org\/blog\/a-reflection-on-cadcas-largest-in-person-mid-year-yet\/#primaryimage"},"thumbnailUrl":"https:\/\/www.cadca.org\/wp-content\/uploads\/2023\/05\/8-24-22-angelique-blog-header-co_2.png","articleSection":["Blog"],"inLanguage":"fr-FR"},{"@type":"WebPage","@id":"https:\/\/www.cadca.org\/blog\/a-reflection-on-cadcas-largest-in-person-mid-year-yet\/","url":"https:\/\/www.cadca.org\/blog\/a-reflection-on-cadcas-largest-in-person-mid-year-yet\/","name":"A Reflection on CADCA's Largest In-Person Mid-Year Yet! | CADCA","isPartOf":{"@id":"https:\/\/www.cadca.org\/#website"},"primaryImageOfPage":{"@id":"https:\/\/www.cadca.org\/blog\/a-reflection-on-cadcas-largest-in-person-mid-year-yet\/#primaryimage"},"image":{"@id":"https:\/\/www.cadca.org\/blog\/a-reflection-on-cadcas-largest-in-person-mid-year-yet\/#primaryimage"},"thumbnailUrl":"https:\/\/www.cadca.org\/wp-content\/uploads\/2023\/05\/8-24-22-angelique-blog-header-co_2.png","datePublished":"2022-08-24T00:00:00+00:00","author":{"@id":"https:\/\/www.cadca.org\/#\/schema\/person\/8e6cb67aa13c20300a849b431c929dd2"},"description":"CADCA represents over 5,000 community coalitions that involve individuals from key sectors including schools, law enforcement, youth, parents, healthcare, media, tribal communities and others","breadcrumb":{"@id":"https:\/\/www.cadca.org\/blog\/a-reflection-on-cadcas-largest-in-person-mid-year-yet\/#breadcrumb"},"inLanguage":"fr-FR","potentialAction":[{"@type":"ReadAction","target":["https:\/\/www.cadca.org\/blog\/a-reflection-on-cadcas-largest-in-person-mid-year-yet\/"]}]},{"@type":"ImageObject","inLanguage":"fr-FR","@id":"https:\/\/www.cadca.org\/blog\/a-reflection-on-cadcas-largest-in-person-mid-year-yet\/#primaryimage","url":"https:\/\/www.cadca.org\/wp-content\/uploads\/2023\/05\/8-24-22-angelique-blog-header-co_2.png","contentUrl":"https:\/\/www.cadca.org\/wp-content\/uploads\/2023\/05\/8-24-22-angelique-blog-header-co_2.png","width":650,"height":199},{"@type":"BreadcrumbList","@id":"https:\/\/www.cadca.org\/blog\/a-reflection-on-cadcas-largest-in-person-mid-year-yet\/#breadcrumb","itemListElement":[{"@type":"ListItem","position":1,"name":"Home","item":"https:\/\/www.cadca.org\/"},{"@type":"ListItem","position":2,"name":"A Reflection on CADCA&#8217;s Largest In-Person Mid-Year Yet!"}]},{"@type":"WebSite","@id":"https:\/\/www.cadca.org\/#website","url":"https:\/\/www.cadca.org\/","name":"CADCA","description":"The Premier Prevention Association","potentialAction":[{"@type":"SearchAction","target":{"@type":"EntryPoint","urlTemplate":"https:\/\/www.cadca.org\/?s={search_term_string}"},"query-input":{"@type":"PropertyValueSpecification","valueRequired":true,"valueName":"search_term_string"}}],"inLanguage":"fr-FR"},{"@type":"Person","@id":"https:\/\/www.cadca.org\/#\/schema\/person\/8e6cb67aa13c20300a849b431c929dd2","name":"Marianne Varkiani"}]}},"_links":{"self":[{"href":"https:\/\/www.cadca.org\/fr\/wp-json\/wp\/v2\/posts\/18011","targetHints":{"allow":["GET"]}}],"collection":[{"href":"https:\/\/www.cadca.org\/fr\/wp-json\/wp\/v2\/posts"}],"about":[{"href":"https:\/\/www.cadca.org\/fr\/wp-json\/wp\/v2\/types\/post"}],"author":[{"embeddable":true,"href":"https:\/\/www.cadca.org\/fr\/wp-json\/wp\/v2\/users\/23"}],"replies":[{"embeddable":true,"href":"https:\/\/www.cadca.org\/fr\/wp-json\/wp\/v2\/comments?post=18011"}],"version-history":[{"count":0,"href":"https:\/\/www.cadca.org\/fr\/wp-json\/wp\/v2\/posts\/18011\/revisions"}],"wp:featuredmedia":[{"embeddable":true,"href":"https:\/\/www.cadca.org\/fr\/wp-json\/wp\/v2\/media\/18012"}],"wp:attachment":[{"href":"https:\/\/www.cadca.org\/fr\/wp-json\/wp\/v2\/media?parent=18011"}],"wp:term":[{"taxonomy":"category","embeddable":true,"href":"https:\/\/www.cadca.org\/fr\/wp-json\/wp\/v2\/categories?post=18011"},{"taxonomy":"post_tag","embeddable":true,"href":"https:\/\/www.cadca.org\/fr\/wp-json\/wp\/v2\/tags?post=18011"}],"curies":[{"name":"wp","href":"https:\/\/api.w.org\/{rel}","templated":true}]}}