{"id":18394,"date":"2018-01-24T00:00:00","date_gmt":"2018-01-24T00:00:00","guid":{"rendered":"https:\/\/cadca1stg.wpengine.com\/2018\/01\/24\/ondcp-acting-director-richard-baum-announced-as-keynote-speaker-at-cadcas-national-leadership-forum\/"},"modified":"2018-01-24T00:00:00","modified_gmt":"2018-01-24T00:00:00","slug":"ondcp-acting-director-richard-baum-announced-as-keynote-speaker-at-cadcas-national-leadership-forum","status":"publish","type":"post","link":"https:\/\/www.cadca.org\/es\/news-release\/ondcp-acting-director-richard-baum-announced-as-keynote-speaker-at-cadcas-national-leadership-forum\/","title":{"rendered":"El director interino de la ONDCP, Richard Baum, anunciado como orador principal en el Foro Nacional de Liderazgo de CADCA"},"content":{"rendered":"<p>CADCA (Community Anti-Drug Coalitions of America) announced Office of National Drug Control Policy (ONDCP) Acting Director Richard Baum will keynote the National Leadership Forum\u2019s Opening Plenary on Tuesday, Feb. 6, 2018.<\/p>\n<p>Approximately 3,000 community leaders will unite at CADCA\u2019s 28<sup>el<\/sup> Annual National Leadership Forum. The week-long event will be held\u00a0<strong>Del 5 al 8 de febrero de 2018,<\/strong>\u00a0at the Gaylord National Hotel and Convention Center in National Harbor, Md. Forum will kick off with the Substance Abuse Mental Health Services Administration\u2019s (SAMHSA) Prevention Day; feature 70+ training sessions covering topics ranging from the marijuana legislation landscape and tobacco cessation to the opioid epidemic and underage drinking; offer attendees the unique opportunity to meet with members of Congress on Capitol Hill Day; and welcome hundreds of youth to take part in CADCA\u2019s Youth Leadership Summit to learn how to become effective community leaders.<\/p>\n<p>\u201cWe are thrilled to have Acting Director Baum serve as our keynote speaker at Forum and we are eager to hear what he will share with attendees,\u201d said General Arthur T. Dean, Chairman &#038; CEO, CADCA. \u201cActing Director Baum brings decades of experience in the prevention field to the table and he has dedicated his career to drug issues. Together, alongside partners like him, we can bring prevention to the forefront and reduce the drug epidemic within the United States.\u201d<\/p>\n<p>Acting Director Baum was appointed as head of the ONDCP in March 2017 by President Donald Trump. Previously, he worked for almost twenty years at the ONDCP in various positions. Among the highlights of his career is leading efforts to draft the National Drug Control Strategy in both the Bush and Obama Administration, and co-chairing work groups that put together the White House Transnational Organized Crime Strategy and the National Southwest Border Counternarcotics Strategy.<\/p>\n<p>El Foro de Liderazgo Nacional de CADCA es un evento de cuatro d\u00edas repleto de oportunidades para conocer las \u00faltimas estrategias para abordar el abuso de sustancias y escuchar a expertos en prevenci\u00f3n, administradores federales y formuladores de pol\u00edticas preocupados de renombre nacional. El foro re\u00fane a asistentes que representan coaliciones de todas las regiones del pa\u00eds e internacionalmente, l\u00edderes gubernamentales, j\u00f3venes, especialistas en prevenci\u00f3n, profesionales del tratamiento de adicciones, defensores de la recuperaci\u00f3n de adicciones, investigadores, educadores, profesionales encargados de hacer cumplir la ley y l\u00edderes religiosos. Se trata del mayor evento de formaci\u00f3n en el \u00e1mbito de la prevenci\u00f3n.<\/p>","protected":false},"excerpt":{"rendered":"<p>CADCA (Coaliciones Comunitarias Antidrogas de Am\u00e9rica) anunci\u00f3 que el director interino de la Oficina de Pol\u00edtica Nacional de Control de Drogas (ONDCP), Richard Baum, ser\u00e1 el orador principal<\/p>","protected":false},"author":23,"featured_media":1597,"comment_status":"closed","ping_status":"closed","sticky":false,"template":"","format":"standard","meta":{"_acf_changed":false,"inline_featured_image":false,"footnotes":""},"categories":[230],"tags":[],"class_list":["post-18394","post","type-post","status-publish","format-standard","has-post-thumbnail","hentry","category-news-release"],"acf":[],"yoast_head":"<!-- This site is optimized with the Yoast SEO plugin v27.4 - https:\/\/yoast.com\/product\/yoast-seo-wordpress\/ -->\n<title>ONDCP Acting Director Richard Baum Announced as Keynote Speaker at CADCA\u2019s National Leadership Forum | CADCA<\/title>\n<meta name=\"description\" content=\"CADCA represents over 5,000 community coalitions that involve individuals from key sectors including schools, law enforcement, youth, parents, healthcare, media, tribal communities and others\" \/>\n<meta name=\"robots\" content=\"index, follow, max-snippet:-1, max-image-preview:large, max-video-preview:-1\" \/>\n<link rel=\"canonical\" href=\"https:\/\/www.cadca.org\/es\/news-release\/ondcp-acting-director-richard-baum-announced-as-keynote-speaker-at-cadcas-national-leadership-forum\/\" \/>\n<meta property=\"og:locale\" content=\"es_ES\" \/>\n<meta property=\"og:type\" content=\"article\" \/>\n<meta property=\"og:title\" content=\"ONDCP Acting Director Richard Baum Announced as Keynote Speaker at CADCA\u2019s National Leadership Forum | CADCA\" \/>\n<meta property=\"og:description\" content=\"CADCA represents over 5,000 community coalitions that involve individuals from key sectors including schools, law enforcement, youth, parents, healthcare, media, tribal communities and others\" \/>\n<meta property=\"og:url\" content=\"https:\/\/www.cadca.org\/es\/news-release\/ondcp-acting-director-richard-baum-announced-as-keynote-speaker-at-cadcas-national-leadership-forum\/\" \/>\n<meta property=\"og:site_name\" content=\"CADCA\" \/>\n<meta property=\"article:published_time\" content=\"2018-01-24T00:00:00+00:00\" \/>\n<meta property=\"og:image\" content=\"https:\/\/www.cadca.org\/wp-content\/uploads\/2022\/03\/cadca-member-of-logo1.jpg\" \/>\n\t<meta property=\"og:image:width\" content=\"880\" \/>\n\t<meta property=\"og:image:height\" content=\"500\" \/>\n\t<meta property=\"og:image:type\" content=\"image\/jpeg\" \/>\n<meta name=\"author\" content=\"Marianne Varkiani\" \/>\n<meta name=\"twitter:card\" content=\"summary_large_image\" \/>\n<meta name=\"twitter:label1\" content=\"Escrito por\" \/>\n\t<meta name=\"twitter:data1\" content=\"Marianne Varkiani\" \/>\n\t<meta name=\"twitter:label2\" content=\"Tiempo de lectura\" \/>\n\t<meta name=\"twitter:data2\" content=\"2 minutos\" \/>\n<script type=\"application\/ld+json\" class=\"yoast-schema-graph\">{\"@context\":\"https:\\\/\\\/schema.org\",\"@graph\":[{\"@type\":\"Article\",\"@id\":\"https:\\\/\\\/www.cadca.org\\\/news-release\\\/ondcp-acting-director-richard-baum-announced-as-keynote-speaker-at-cadcas-national-leadership-forum\\\/#article\",\"isPartOf\":{\"@id\":\"https:\\\/\\\/www.cadca.org\\\/news-release\\\/ondcp-acting-director-richard-baum-announced-as-keynote-speaker-at-cadcas-national-leadership-forum\\\/\"},\"author\":{\"name\":\"Marianne Varkiani\",\"@id\":\"https:\\\/\\\/www.cadca.org\\\/#\\\/schema\\\/person\\\/8e6cb67aa13c20300a849b431c929dd2\"},\"headline\":\"ONDCP Acting Director Richard Baum Announced as Keynote Speaker at CADCA\u2019s National Leadership Forum\",\"datePublished\":\"2018-01-24T00:00:00+00:00\",\"mainEntityOfPage\":{\"@id\":\"https:\\\/\\\/www.cadca.org\\\/news-release\\\/ondcp-acting-director-richard-baum-announced-as-keynote-speaker-at-cadcas-national-leadership-forum\\\/\"},\"wordCount\":379,\"image\":{\"@id\":\"https:\\\/\\\/www.cadca.org\\\/news-release\\\/ondcp-acting-director-richard-baum-announced-as-keynote-speaker-at-cadcas-national-leadership-forum\\\/#primaryimage\"},\"thumbnailUrl\":\"https:\\\/\\\/www.cadca.org\\\/wp-content\\\/uploads\\\/2022\\\/03\\\/cadca-member-of-logo1.jpg\",\"articleSection\":[\"News\"],\"inLanguage\":\"es\"},{\"@type\":\"WebPage\",\"@id\":\"https:\\\/\\\/www.cadca.org\\\/news-release\\\/ondcp-acting-director-richard-baum-announced-as-keynote-speaker-at-cadcas-national-leadership-forum\\\/\",\"url\":\"https:\\\/\\\/www.cadca.org\\\/news-release\\\/ondcp-acting-director-richard-baum-announced-as-keynote-speaker-at-cadcas-national-leadership-forum\\\/\",\"name\":\"ONDCP Acting Director Richard Baum Announced as Keynote Speaker at CADCA\u2019s National Leadership Forum | CADCA\",\"isPartOf\":{\"@id\":\"https:\\\/\\\/www.cadca.org\\\/#website\"},\"primaryImageOfPage\":{\"@id\":\"https:\\\/\\\/www.cadca.org\\\/news-release\\\/ondcp-acting-director-richard-baum-announced-as-keynote-speaker-at-cadcas-national-leadership-forum\\\/#primaryimage\"},\"image\":{\"@id\":\"https:\\\/\\\/www.cadca.org\\\/news-release\\\/ondcp-acting-director-richard-baum-announced-as-keynote-speaker-at-cadcas-national-leadership-forum\\\/#primaryimage\"},\"thumbnailUrl\":\"https:\\\/\\\/www.cadca.org\\\/wp-content\\\/uploads\\\/2022\\\/03\\\/cadca-member-of-logo1.jpg\",\"datePublished\":\"2018-01-24T00:00:00+00:00\",\"author\":{\"@id\":\"https:\\\/\\\/www.cadca.org\\\/#\\\/schema\\\/person\\\/8e6cb67aa13c20300a849b431c929dd2\"},\"description\":\"CADCA represents over 5,000 community coalitions that involve individuals from key sectors including schools, law enforcement, youth, parents, healthcare, media, tribal communities and others\",\"breadcrumb\":{\"@id\":\"https:\\\/\\\/www.cadca.org\\\/news-release\\\/ondcp-acting-director-richard-baum-announced-as-keynote-speaker-at-cadcas-national-leadership-forum\\\/#breadcrumb\"},\"inLanguage\":\"es\",\"potentialAction\":[{\"@type\":\"ReadAction\",\"target\":[\"https:\\\/\\\/www.cadca.org\\\/news-release\\\/ondcp-acting-director-richard-baum-announced-as-keynote-speaker-at-cadcas-national-leadership-forum\\\/\"]}]},{\"@type\":\"ImageObject\",\"inLanguage\":\"es\",\"@id\":\"https:\\\/\\\/www.cadca.org\\\/news-release\\\/ondcp-acting-director-richard-baum-announced-as-keynote-speaker-at-cadcas-national-leadership-forum\\\/#primaryimage\",\"url\":\"https:\\\/\\\/www.cadca.org\\\/wp-content\\\/uploads\\\/2022\\\/03\\\/cadca-member-of-logo1.jpg\",\"contentUrl\":\"https:\\\/\\\/www.cadca.org\\\/wp-content\\\/uploads\\\/2022\\\/03\\\/cadca-member-of-logo1.jpg\",\"width\":880,\"height\":500},{\"@type\":\"BreadcrumbList\",\"@id\":\"https:\\\/\\\/www.cadca.org\\\/news-release\\\/ondcp-acting-director-richard-baum-announced-as-keynote-speaker-at-cadcas-national-leadership-forum\\\/#breadcrumb\",\"itemListElement\":[{\"@type\":\"ListItem\",\"position\":1,\"name\":\"Home\",\"item\":\"https:\\\/\\\/www.cadca.org\\\/\"},{\"@type\":\"ListItem\",\"position\":2,\"name\":\"ONDCP Acting Director Richard Baum Announced as Keynote Speaker at CADCA\u2019s National Leadership Forum\"}]},{\"@type\":\"WebSite\",\"@id\":\"https:\\\/\\\/www.cadca.org\\\/#website\",\"url\":\"https:\\\/\\\/www.cadca.org\\\/\",\"name\":\"CADCA\",\"description\":\"The Premier Prevention Association\",\"potentialAction\":[{\"@type\":\"SearchAction\",\"target\":{\"@type\":\"EntryPoint\",\"urlTemplate\":\"https:\\\/\\\/www.cadca.org\\\/?s={search_term_string}\"},\"query-input\":{\"@type\":\"PropertyValueSpecification\",\"valueRequired\":true,\"valueName\":\"search_term_string\"}}],\"inLanguage\":\"es\"},{\"@type\":\"Person\",\"@id\":\"https:\\\/\\\/www.cadca.org\\\/#\\\/schema\\\/person\\\/8e6cb67aa13c20300a849b431c929dd2\",\"name\":\"Marianne Varkiani\"}]}<\/script>\n<!-- \/ Yoast SEO plugin. -->","yoast_head_json":{"title":"ONDCP Acting Director Richard Baum Announced as Keynote Speaker at CADCA\u2019s National Leadership Forum | CADCA","description":"CADCA represents over 5,000 community coalitions that involve individuals from key sectors including schools, law enforcement, youth, parents, healthcare, media, tribal communities and others","robots":{"index":"index","follow":"follow","max-snippet":"max-snippet:-1","max-image-preview":"max-image-preview:large","max-video-preview":"max-video-preview:-1"},"canonical":"https:\/\/www.cadca.org\/es\/news-release\/ondcp-acting-director-richard-baum-announced-as-keynote-speaker-at-cadcas-national-leadership-forum\/","og_locale":"es_ES","og_type":"article","og_title":"ONDCP Acting Director Richard Baum Announced as Keynote Speaker at CADCA\u2019s National Leadership Forum | CADCA","og_description":"CADCA represents over 5,000 community coalitions that involve individuals from key sectors including schools, law enforcement, youth, parents, healthcare, media, tribal communities and others","og_url":"https:\/\/www.cadca.org\/es\/news-release\/ondcp-acting-director-richard-baum-announced-as-keynote-speaker-at-cadcas-national-leadership-forum\/","og_site_name":"CADCA","article_published_time":"2018-01-24T00:00:00+00:00","og_image":[{"width":880,"height":500,"url":"https:\/\/www.cadca.org\/wp-content\/uploads\/2022\/03\/cadca-member-of-logo1.jpg","type":"image\/jpeg"}],"author":"Marianne Varkiani","twitter_card":"summary_large_image","twitter_misc":{"Escrito por":"Marianne Varkiani","Tiempo de lectura":"2 minutos"},"schema":{"@context":"https:\/\/schema.org","@graph":[{"@type":"Article","@id":"https:\/\/www.cadca.org\/news-release\/ondcp-acting-director-richard-baum-announced-as-keynote-speaker-at-cadcas-national-leadership-forum\/#article","isPartOf":{"@id":"https:\/\/www.cadca.org\/news-release\/ondcp-acting-director-richard-baum-announced-as-keynote-speaker-at-cadcas-national-leadership-forum\/"},"author":{"name":"Marianne Varkiani","@id":"https:\/\/www.cadca.org\/#\/schema\/person\/8e6cb67aa13c20300a849b431c929dd2"},"headline":"ONDCP Acting Director Richard Baum Announced as Keynote Speaker at CADCA\u2019s National Leadership Forum","datePublished":"2018-01-24T00:00:00+00:00","mainEntityOfPage":{"@id":"https:\/\/www.cadca.org\/news-release\/ondcp-acting-director-richard-baum-announced-as-keynote-speaker-at-cadcas-national-leadership-forum\/"},"wordCount":379,"image":{"@id":"https:\/\/www.cadca.org\/news-release\/ondcp-acting-director-richard-baum-announced-as-keynote-speaker-at-cadcas-national-leadership-forum\/#primaryimage"},"thumbnailUrl":"https:\/\/www.cadca.org\/wp-content\/uploads\/2022\/03\/cadca-member-of-logo1.jpg","articleSection":["News"],"inLanguage":"es"},{"@type":"WebPage","@id":"https:\/\/www.cadca.org\/news-release\/ondcp-acting-director-richard-baum-announced-as-keynote-speaker-at-cadcas-national-leadership-forum\/","url":"https:\/\/www.cadca.org\/news-release\/ondcp-acting-director-richard-baum-announced-as-keynote-speaker-at-cadcas-national-leadership-forum\/","name":"ONDCP Acting Director Richard Baum Announced as Keynote Speaker at CADCA\u2019s National Leadership Forum | CADCA","isPartOf":{"@id":"https:\/\/www.cadca.org\/#website"},"primaryImageOfPage":{"@id":"https:\/\/www.cadca.org\/news-release\/ondcp-acting-director-richard-baum-announced-as-keynote-speaker-at-cadcas-national-leadership-forum\/#primaryimage"},"image":{"@id":"https:\/\/www.cadca.org\/news-release\/ondcp-acting-director-richard-baum-announced-as-keynote-speaker-at-cadcas-national-leadership-forum\/#primaryimage"},"thumbnailUrl":"https:\/\/www.cadca.org\/wp-content\/uploads\/2022\/03\/cadca-member-of-logo1.jpg","datePublished":"2018-01-24T00:00:00+00:00","author":{"@id":"https:\/\/www.cadca.org\/#\/schema\/person\/8e6cb67aa13c20300a849b431c929dd2"},"description":"CADCA represents over 5,000 community coalitions that involve individuals from key sectors including schools, law enforcement, youth, parents, healthcare, media, tribal communities and others","breadcrumb":{"@id":"https:\/\/www.cadca.org\/news-release\/ondcp-acting-director-richard-baum-announced-as-keynote-speaker-at-cadcas-national-leadership-forum\/#breadcrumb"},"inLanguage":"es","potentialAction":[{"@type":"ReadAction","target":["https:\/\/www.cadca.org\/news-release\/ondcp-acting-director-richard-baum-announced-as-keynote-speaker-at-cadcas-national-leadership-forum\/"]}]},{"@type":"ImageObject","inLanguage":"es","@id":"https:\/\/www.cadca.org\/news-release\/ondcp-acting-director-richard-baum-announced-as-keynote-speaker-at-cadcas-national-leadership-forum\/#primaryimage","url":"https:\/\/www.cadca.org\/wp-content\/uploads\/2022\/03\/cadca-member-of-logo1.jpg","contentUrl":"https:\/\/www.cadca.org\/wp-content\/uploads\/2022\/03\/cadca-member-of-logo1.jpg","width":880,"height":500},{"@type":"BreadcrumbList","@id":"https:\/\/www.cadca.org\/news-release\/ondcp-acting-director-richard-baum-announced-as-keynote-speaker-at-cadcas-national-leadership-forum\/#breadcrumb","itemListElement":[{"@type":"ListItem","position":1,"name":"Home","item":"https:\/\/www.cadca.org\/"},{"@type":"ListItem","position":2,"name":"ONDCP Acting Director Richard Baum Announced as Keynote Speaker at CADCA\u2019s National Leadership Forum"}]},{"@type":"WebSite","@id":"https:\/\/www.cadca.org\/#website","url":"https:\/\/www.cadca.org\/","name":"CADCA","description":"The Premier Prevention Association","potentialAction":[{"@type":"SearchAction","target":{"@type":"EntryPoint","urlTemplate":"https:\/\/www.cadca.org\/?s={search_term_string}"},"query-input":{"@type":"PropertyValueSpecification","valueRequired":true,"valueName":"search_term_string"}}],"inLanguage":"es"},{"@type":"Person","@id":"https:\/\/www.cadca.org\/#\/schema\/person\/8e6cb67aa13c20300a849b431c929dd2","name":"Marianne Varkiani"}]}},"_links":{"self":[{"href":"https:\/\/www.cadca.org\/es\/wp-json\/wp\/v2\/posts\/18394","targetHints":{"allow":["GET"]}}],"collection":[{"href":"https:\/\/www.cadca.org\/es\/wp-json\/wp\/v2\/posts"}],"about":[{"href":"https:\/\/www.cadca.org\/es\/wp-json\/wp\/v2\/types\/post"}],"author":[{"embeddable":true,"href":"https:\/\/www.cadca.org\/es\/wp-json\/wp\/v2\/users\/23"}],"replies":[{"embeddable":true,"href":"https:\/\/www.cadca.org\/es\/wp-json\/wp\/v2\/comments?post=18394"}],"version-history":[{"count":0,"href":"https:\/\/www.cadca.org\/es\/wp-json\/wp\/v2\/posts\/18394\/revisions"}],"wp:featuredmedia":[{"embeddable":true,"href":"https:\/\/www.cadca.org\/es\/wp-json\/wp\/v2\/media\/1597"}],"wp:attachment":[{"href":"https:\/\/www.cadca.org\/es\/wp-json\/wp\/v2\/media?parent=18394"}],"wp:term":[{"taxonomy":"category","embeddable":true,"href":"https:\/\/www.cadca.org\/es\/wp-json\/wp\/v2\/categories?post=18394"},{"taxonomy":"post_tag","embeddable":true,"href":"https:\/\/www.cadca.org\/es\/wp-json\/wp\/v2\/tags?post=18394"}],"curies":[{"name":"wp","href":"https:\/\/api.w.org\/{rel}","templated":true}]}}