{"id":18199,"date":"2021-11-18T00:00:00","date_gmt":"2021-11-18T00:00:00","guid":{"rendered":"https:\/\/cadca1stg.wpengine.com\/2021\/11\/18\/new-speaker-resource\/"},"modified":"2023-05-01T15:37:24","modified_gmt":"2023-05-01T15:37:24","slug":"new-speaker-resource","status":"publish","type":"post","link":"https:\/\/www.cadca.org\/es\/homepage\/new-speaker-resource\/","title":{"rendered":"Nuevo recurso para oradores"},"content":{"rendered":"<p style=\"text-align:center\"><img loading=\"lazy\" decoding=\"async\" alt=\"\" height=\"300\" src=\"https:\/\/cadca.org\/sites\/default\/files\/speaker_resource_center.png\" width=\"1200\" \/><\/p>\n<p><span style=\"color:#252a68;\"><span style=\"font-size:16px;\"><span style=\"font-family:tahoma,geneva,sans-serif;\">\u00a1Bienvenido! \u00a1Gracias por presentar en el Foro Nacional de Liderazgo 2022! Aqu\u00ed podr\u00e1 encontrar informaci\u00f3n sobre lo que se necesita de usted antes del Foro, as\u00ed como consejos para que su sesi\u00f3n de capacitaci\u00f3n sea un \u00e9xito.<\/span><\/span><\/span><\/p>\n<p><span style=\"color:#252a68;\"><span style=\"font-size:16px;\"><span style=\"font-family:tahoma,geneva,sans-serif;\">A medida que todos volvemos a planificar, presentar y participar en eventos en persona, CADCA espera que usted est\u00e9 entusiasmado de brindar contenido innovador al Sector de Prevenci\u00f3n una vez m\u00e1s.<\/span><\/span><\/span><br \/>\n\u00a0<\/p>\n<p style=\"text-align:center\"><img loading=\"lazy\" decoding=\"async\" alt=\"\" height=\"73\" src=\"https:\/\/cadca.org\/sites\/default\/files\/important_dates_banner_forum_22.jpg\" width=\"1200\" \/><\/p>\n<p><span style=\"color:#252a68;\"><span style=\"font-size:16px;\"><span style=\"font-family:tahoma,geneva,sans-serif;\"><strong>18 de noviembre de 2021 \u2013 <\/strong>Los presentadores reciben fecha y hora de la sesi\u00f3n de formaci\u00f3n.<\/span><\/span><\/span><br \/><span style=\"color:#252a68;\"><span style=\"font-size:16px;\"><span style=\"font-family:tahoma,geneva,sans-serif;\"><strong>13 de diciembre de 2021 \u2013 <\/strong>Fecha l\u00edmite para completar los formularios de inscripci\u00f3n<\/span><\/span><\/span><br \/><span style=\"color:#252a68;\"><span style=\"font-size:16px;\"><span style=\"font-family:tahoma,geneva,sans-serif;\"><strong>7 de enero de 2022 \u2013<\/strong> Fecha l\u00edmite para enviar presentaciones de PowerPoint y folletos complementarios<br \/><strong>24 de enero de 2022 \u2013<\/strong> Los folletos\/presentaciones sobre las fechas estar\u00e1n disponibles en el sitio web y la aplicaci\u00f3n de CADCA.<br \/><strong>31 de enero \u2013 3 de febrero de 2022 \u2013<\/strong> Se lleva a cabo Foro Nacional de Liderazgo<\/span><\/span><\/span><\/p>\n<p style=\"text-align:center\"><img loading=\"lazy\" decoding=\"async\" alt=\"\" height=\"73\" src=\"https:\/\/cadca.org\/sites\/default\/files\/handouts_banner_forum_22.jpg\" width=\"1200\" \/><\/p>\n<p><span style=\"color:#252a68;\"><span style=\"font-size:16px;\"><span style=\"font-family:tahoma,geneva,sans-serif;\">Tenga en cuenta que CADCA no imprime folletos ni hojas de trabajo para las sesiones de capacitaci\u00f3n. Los presentadores pueden traer copias de los folletos si deciden tenerlos disponibles en sus salas de sesiones. Tenga en cuenta que hay un FedEx dentro del Gaylord National Harbor para su comodidad.<\/span><\/span><\/span><\/p>\n<p><span style=\"color:#252a68;\"><span style=\"font-size:16px;\"><span style=\"font-family:tahoma,geneva,sans-serif;\">Cualquier material, como folletos u hojas de trabajo, se puede agregar a la cuadr\u00edcula de sesiones de capacitaci\u00f3n en el sitio web del Foro. <strong>y<\/strong>\u00a0Aplicaci\u00f3n del foro. Muchos asistentes disfrutan imprimi\u00e9ndolos antes de llegar al evento o guard\u00e1ndolos en sus dispositivos m\u00f3viles. CADCA no reproduce folletos, hojas de trabajo ni presentaciones de PowerPoint para uso de los asistentes.<\/span><\/span><\/span><\/p>\n<h2 class=\"rtecenter\"><span style=\"color:#FF0000;\"><strong>CARGA TUS FOLLETOS<\/strong><\/span><\/h2>\n<p><font color=\"#252a68\" face=\"tahoma, geneva, sans-serif\"><span style=\"font-size: 16px;\">Cargue folletos y hojas de trabajo complementarias adicionales en <a href=\"https:\/\/www.dropbox.com\/request\/ajFYafC2ls8fRjKvMKJO\"><strong>buz\u00f3n<\/strong> <\/a>por COB, viernes 7 de enero de 2022. Aseg\u00farese de guardar sus art\u00edculos primero con el D\u00cdA de su sesi\u00f3n de capacitaci\u00f3n, seguido de (como m\u00ednimo) las primeras CUATRO palabras del t\u00edtulo de su sesi\u00f3n y luego la palabra FOLLETO. Si tiene m\u00e1s de un folleto, agregue el n\u00famero despu\u00e9s de la palabra FOLLETO.<\/span><\/font><\/p>\n<p><font color=\"#252a68\" face=\"tahoma, geneva, sans-serif\"><span style=\"font-size: 16px;\">Ejemplo: Si mi sesi\u00f3n del mi\u00e9rcoles es \u201cConceptos b\u00e1sicos de prevenci\u00f3n: un curso intensivo\u201d, debo guardar mis folletos como\u00a0<strong>MI\u00c9RCOLES_Prevenci\u00f3n_B\u00e1sica_A_Crash_FOLLETO_1.\u00a0<\/strong><\/span><\/font><\/p>\n<p style=\"text-align:center\">\n<p><span style=\"color:#252a68;\"><span style=\"font-size:16px;\"><span style=\"font-family:tahoma,geneva,sans-serif;\">En el Foro Nacional de Liderazgo, los socios estelares de A\/V de Inspire tendr\u00e1n sus diapositivas precargadas en la computadora port\u00e1til que se encuentra en su sala de sesiones de capacitaci\u00f3n. <strong>siempre y cuando se reciban dentro del plazo. <\/strong>\u00a0<\/span><\/span><\/span><\/p>\n<p><span style=\"font-size:16px;\"><span style=\"font-family:tahoma,geneva,sans-serif;\"><span style=\"color:#252a68;\">Todas las diapositivas de PowerPoint que se nos proporcionan (con su permiso) se revisan y se convierten en archivos PDF protegidos con contrase\u00f1a. Estar\u00e1n disponibles en la aplicaci\u00f3n del evento y en el Foro. <\/span><strong><span style=\"color:#80bc00;\">Tabla de sesi\u00f3n de entrenamiento<\/span><\/strong><span style=\"color:#252a68;\">.<\/span><\/span><\/span><\/p>\n<p><span style=\"color:#252a68;\"><span style=\"font-size:16px;\"><span style=\"font-family:tahoma,geneva,sans-serif;\"><strong>Plantilla de PowerPoint<\/strong><\/span><\/span><\/span><\/p>\n<p><span style=\"font-size:16px;\"><span style=\"font-family:tahoma,geneva,sans-serif;\"><span style=\"color:#252a68;\">Plantilla de PowerPoint para foro: <\/span><a href=\"https:\/\/www.cadca.org\/wp-content\/uploads\/2023\/05\/cadca_2022-forum_presentation-wide_-_updated.pptx\" target=\"_blank\" rel=\"noopener\"><strong><span style=\"color:#80bc00;\">Haga click aqu\u00ed para descargar<\/span><\/strong><\/a><br \/><span style=\"color:#252a68;\">Aprenda c\u00f3mo aplicar su presentaci\u00f3n existente a la plantilla de PowerPoint del foro:<\/span><\/span><\/span><\/p>\n<p class=\"rtecenter\">\n<iframe loading=\"lazy\" allow=\"accelerometer; autoplay; clipboard-write; encrypted-media; gyroscope; picture-in-picture\" allowfullscreen=\"\" frameborder=\"0\" height=\"315\" src=\"https:\/\/www.youtube.com\/embed\/1HMQnCW43rI\" title=\"reproductor de videos de youtube\" width=\"560\"><\/iframe><\/p>\n<h2 class=\"rtecenter\"><span style=\"color:#FF0000;\"><strong>SUBE TUS POWER POINTS<\/strong><\/span><\/h2>\n<p><font color=\"#252a68\" face=\"tahoma, geneva, sans-serif\"><span style=\"font-size: 16px;\">Cargue la presentaci\u00f3n de PowerPoint en\u00a0<a href=\"https:\/\/www.dropbox.com\/request\/ajFYafC2ls8fRjKvMKJO\"><strong>buz\u00f3n<\/strong>\u00a0<\/a>por COB, viernes 7 de enero de 2022. Aseg\u00farese de guardar sus elementos primero con el D\u00cdA de su sesi\u00f3n de capacitaci\u00f3n, seguido de (como m\u00ednimo) las primeras CUATRO palabras del t\u00edtulo de su sesi\u00f3n y luego la palabra POWERPOINT. Si tiene m\u00e1s de una presentaci\u00f3n, agregue el n\u00famero despu\u00e9s de la palabra POWERPOINT.<\/span><\/font><\/p>\n<p><font color=\"#252a68\" face=\"tahoma, geneva, sans-serif\"><span style=\"font-size: 16px;\">Ejemplo: si mi sesi\u00f3n del mi\u00e9rcoles es \u201cConceptos b\u00e1sicos de prevenci\u00f3n: un curso intensivo\u201d, debo guardar mi(s) presentaci\u00f3n(es) como\u00a0<strong>MI\u00c9RCOLES_Prevenci\u00f3n_Conceptos_B\u00e1sicos_A_Crash_POWERPOINT.\u00a0<\/strong><\/span><\/font><\/p>\n<p style=\"text-align:center\">\n<p><span style=\"color:#252a68;\"><span style=\"font-size:16px;\"><span style=\"font-family:tahoma,geneva,sans-serif;\">En el Gaylord Hotel and Convention Center, habr\u00e1 una sala de preparaci\u00f3n para oradores atendida por los socios audiovisuales de CADCA en Inspire para ayudar a los presentadores con la preparaci\u00f3n de \u00faltimo minuto y preguntas t\u00e9cnicas. Este es tambi\u00e9n el lugar que debe visitar si tiene alguna actualizaci\u00f3n en su PowerPoint. Desde esta sala, los t\u00e9cnicos de Inspire pueden asegurarse de que sus diapositivas actualizadas lo est\u00e9n esperando en la sala de sesi\u00f3n asignada.\u00a0<\/span><\/span><\/span><\/p>\n<p><span style=\"color:#252a68;\"><span style=\"font-size:16px;\"><span style=\"font-family:tahoma,geneva,sans-serif;\"><strong>Localizaci\u00f3n: <\/strong>Chesapeake 1, Centro de Convenciones Nivel 2<br \/><strong>Horario (todos los horarios son hora est\u00e1ndar del este):<\/strong><\/span><\/span><\/span><\/p>\n<table align=\"left\" border=\"0\" cellpadding=\"1\" cellspacing=\"1\" style=\"width: 293px;\">\n<tbody>\n<tr>\n<td style=\"width: 135px;\"><span style=\"color:#252a68;\"><span style=\"font-family: tahoma, geneva, sans-serif; font-size: 16px;\">Lunes:\u00a0<\/span><\/span><\/td>\n<td style=\"width: 145px;\"><span style=\"color:#252a68;\"><span style=\"font-family: tahoma, geneva, sans-serif; font-size: 16px;\">8 am \u2013 5 pm<\/span><\/span><\/td>\n<\/tr>\n<tr>\n<td style=\"width: 135px;\"><span style=\"color:#252a68;\"><span style=\"font-family: tahoma, geneva, sans-serif; font-size: 16px;\">Martes:\u00a0<\/span><\/span><\/td>\n<td style=\"width: 145px;\"><span style=\"color:#252a68;\"><span style=\"font-family: tahoma, geneva, sans-serif; font-size: 16px;\">8 am \u2013 5 pm<\/span><\/span><\/td>\n<\/tr>\n<tr>\n<td style=\"width: 135px;\"><span style=\"color:#252a68;\"><span style=\"font-family: tahoma, geneva, sans-serif; font-size: 16px;\">Mi\u00e9rcoles:\u00a0<\/span><\/span><\/td>\n<td style=\"width: 145px;\"><span style=\"color:#252a68;\"><span style=\"font-family: tahoma, geneva, sans-serif; font-size: 16px;\">8 am \u2013 2 pm<\/span><\/span><\/td>\n<\/tr>\n<tr>\n<td style=\"width: 135px;\"><span style=\"color:#252a68;\"><span style=\"font-family: tahoma, geneva, sans-serif; font-size: 16px;\">Jueves:\u00a0<\/span><\/span><\/td>\n<td style=\"width: 145px;\"><span style=\"color:#252a68;\"><span style=\"font-family: tahoma, geneva, sans-serif; font-size: 16px;\">8 am \u2013 3 pm<\/span><\/span><\/td>\n<\/tr>\n<\/tbody>\n<\/table>\n<p>\u00a0<\/p>\n<p>\u00a0<\/p>\n<p>\u00a0<\/p>\n<p>\u00a0<\/p>\n<p><span style=\"color:#252a68;\"><span style=\"font-size:16px;\"><span style=\"font-family:tahoma,geneva,sans-serif;\"><strong>El d\u00eda y la hora de su sesi\u00f3n, todos los presentadores deben planear llegar al menos 15 minutos antes de que comience su sesi\u00f3n.<\/strong> Se asignar\u00e1 un monitor de sala de sesiones a cada sesi\u00f3n de capacitaci\u00f3n y tendr\u00e1 elementos de limpieza muy breves para compartir con los asistentes antes del inicio de la sesi\u00f3n. Si tiene alg\u00fan problema t\u00e9cnico o necesita ayuda, podr\u00e1n comunicarse con un miembro del personal o un t\u00e9cnico r\u00e1pidamente.<\/span><\/span><\/span><br \/>\n\u00a0<\/p>\n<p style=\"text-align:center\"><img loading=\"lazy\" decoding=\"async\" alt=\"\" height=\"73\" src=\"https:\/\/cadca.org\/sites\/default\/files\/reg_banner_forum_22_0.png\" width=\"1200\" \/><\/p>\n<div class=\"powr-countdown-timer\" id=\"c483e1c3_1637247497\">\u00a0<\/div>\n<p><script src=\"https:\/\/www.powr.io\/powr.js?platform=html\"><\/script><\/p>\n<p class=\"rtecenter\"><span style=\"color:#e1261e;\"><span style=\"font-size:16px;\"><span style=\"font-family:tahoma,geneva,sans-serif;\"><strong>Enviar antes del lunes 13 de diciembre de 2021<\/strong><\/span><\/span><\/span><\/p>\n<p><span style=\"color:#252a68;\"><span style=\"font-size:16px;\"><span style=\"font-family:tahoma,geneva,sans-serif;\">Para sesiones con m\u00e1s de un presentador, es importante el orden en el que se confirman los presentadores.<\/span><\/span><\/span><\/p>\n<p><span style=\"color:#252a68;\"><span style=\"font-size:16px;\"><span style=\"font-family:tahoma,geneva,sans-serif;\">Por cada sesi\u00f3n de capacitaci\u00f3n, el presentador principal recibe un registro gratuito.<\/span><\/span><\/span><\/p>\n<p><span style=\"font-size:16px;\"><span style=\"font-family:tahoma,geneva,sans-serif;\"><span style=\"color:#252a68;\"><strong>REGISTRO DE PRESENTADOR PRINCIPAL SOLAMENTE: Complete este<\/strong><\/span><strong><span style=\"color:#80bc00;\">\u00a0<\/span><a href=\"https:\/\/forms.gle\/UbvDbbnVUZQVXedQ8\" target=\"_blank\" rel=\"noopener\"><span style=\"color:#80bc00;\">formulario web<\/span><\/a><\/strong><span style=\"color:#252a68;\"><strong> <\/strong><\/span><span style=\"color:#252a68;\"><strong>registrarse<\/strong><\/span><\/span><\/span><\/p>\n<p><span style=\"color:#252a68;\"><span style=\"font-size:16px;\"><span style=\"font-family:tahoma,geneva,sans-serif;\"><strong>Registro del segundo presentador<\/strong><\/span><\/span><\/span><\/p>\n<p><span style=\"color:#252a68;\"><span style=\"font-size:16px;\"><span style=\"font-family:tahoma,geneva,sans-serif;\">El presentador 2 recibe una tarifa de inscripci\u00f3n con descuento de $450.\u00a0<\/span><\/span><\/span><\/p>\n<p><span style=\"color:#252a68;\"><span style=\"font-size:16px;\"><span style=\"font-family:tahoma,geneva,sans-serif;\"><strong>Sesiones con tres o m\u00e1s presentadores<\/strong><\/span><\/span><\/span><\/p>\n<p><span style=\"color:#252a68;\"><span style=\"font-size:16px;\"><span style=\"font-family:tahoma,geneva,sans-serif;\">Los presentadores 3 o m\u00e1s deben registrarse a su tarifa de registro aplicable. Tenga en cuenta que tambi\u00e9n hay tarifas de un solo d\u00eda disponibles para Forum.\u00a0<\/span><\/span><\/span><\/p>\n<p><span style=\"font-size:16px;\"><span style=\"font-family:tahoma,geneva,sans-serif;\"><span style=\"color:#252a68;\"><u>Todos los presentadores no principales<\/u> debe descargar y completar esto\u00a0<strong><a href=\"https:\/\/www.cadca.org\/wp-content\/uploads\/2023\/05\/fm22_reg_form_presenter_final.pdf\">FORMULARIO DE REGISTRO DE PRESENTADOR<\/a><\/strong> y someterse a <\/span><strong><a href=\"mailto:events@cadca.org\"><span style=\"color:#80bc00;\">events@cadca.org<\/span><\/a><\/strong><span style=\"color:#252a68;\">.<\/span><\/span><\/span><\/p>\n<p>\u00a0<\/p>\n<p style=\"text-align:center\">\n<p><span style=\"color:#252a68;\"><strong><span style=\"font-size:16px;\"><span style=\"font-family:tahoma,geneva,sans-serif;\"><em>P: Complet\u00e9 mis formularios de registro pero a\u00fan no he recibido una confirmaci\u00f3n de registro.<\/em><\/span><\/span><\/strong><\/span><\/p>\n<p><span style=\"font-size:16px;\"><span style=\"font-family:tahoma,geneva,sans-serif;\"><span style=\"color:#252a68;\">Gracias por enviar los formularios completos. Tenga en cuenta que los registros de presentadores se procesan manualmente y tardan en completarse. Si tiene cambios en el formulario de registro que ha enviado, env\u00ede un correo electr\u00f3nico <\/span><strong><a href=\"mailto:events@cadca.org\"><span style=\"color:#80bc00;\">events@cadca.org<\/span><\/a><\/strong>.<\/span><\/span><\/p>\n<p><span style=\"color:#252a68;\"><strong><span style=\"font-size:16px;\"><span style=\"font-family:tahoma,geneva,sans-serif;\"><em>P: \u00bfA qui\u00e9n debo notificar sobre presentadores nuevos o de reemplazo? <\/em><\/span><\/span><\/strong><\/span><\/p>\n<p><span style=\"font-size:16px;\"><span style=\"font-family:tahoma,geneva,sans-serif;\"><span style=\"color:#252a68;\">Env\u00ede por correo electr\u00f3nico los nombres completos, t\u00edtulos, organizaciones y direcciones de correo electr\u00f3nico de los presentadores actualizados Y a qui\u00e9n est\u00e1n reemplazando con el t\u00edtulo de su sesi\u00f3n a <strong>kahlee yeldell<\/strong> en <\/span><strong><a href=\"mailto:kyeldell@cadca.org\"><span style=\"color:#80bc00;\">kyeldell@cadca.org<\/span><\/a><\/strong>.<\/span><\/span><\/p>\n<p><img loading=\"lazy\" decoding=\"async\" alt=\"\" height=\"75\" src=\"https:\/\/cadca.org\/sites\/default\/files\/tree.png\" style=\"float:right\" width=\"75\" \/><span style=\"color:#252a68;\"><strong><span style=\"font-size:16px;\"><span style=\"font-family:tahoma,geneva,sans-serif;\"><em>P: \u00bfTengo alguna pregunta sobre mi registro o el de mi otro presentador?<\/em><\/span><\/span><\/strong><\/span><\/p>\n<p><span style=\"font-size:16px;\"><span style=\"font-family:tahoma,geneva,sans-serif;\"><span style=\"color:#252a68;\">Para preguntas sobre el registro, correo electr\u00f3nico <\/span><strong><a href=\"mailto:events@cadca.org\"><span style=\"color:#80bc00;\">events@cadca.org<\/span><\/a><\/strong>.<\/span><\/span><\/p>","protected":false},"excerpt":{"rendered":"<p>\u00a1Bienvenido! \u00a1Gracias por presentar en el Foro Nacional de Liderazgo 2022! Aqu\u00ed podr\u00e1s encontrar informaci\u00f3n sobre<\/p>","protected":false},"author":23,"featured_media":1597,"comment_status":"closed","ping_status":"closed","sticky":false,"template":"","format":"standard","meta":{"_acf_changed":false,"inline_featured_image":false,"footnotes":""},"categories":[231],"tags":[],"class_list":["post-18199","post","type-post","status-publish","format-standard","has-post-thumbnail","hentry","category-homepage"],"acf":[],"yoast_head":"<!-- This site is optimized with the Yoast SEO plugin v27.4 - https:\/\/yoast.com\/product\/yoast-seo-wordpress\/ -->\n<title>New Speaker Resource | CADCA<\/title>\n<meta name=\"description\" content=\"CADCA represents over 5,000 community coalitions that involve individuals from key sectors including schools, law enforcement, youth, parents, healthcare, media, tribal communities and others\" \/>\n<meta name=\"robots\" content=\"index, follow, max-snippet:-1, max-image-preview:large, max-video-preview:-1\" \/>\n<link rel=\"canonical\" href=\"https:\/\/www.cadca.org\/es\/homepage\/new-speaker-resource\/\" \/>\n<meta property=\"og:locale\" content=\"es_ES\" \/>\n<meta property=\"og:type\" content=\"article\" \/>\n<meta property=\"og:title\" content=\"New Speaker Resource | CADCA\" \/>\n<meta property=\"og:description\" content=\"CADCA represents over 5,000 community coalitions that involve individuals from key sectors including schools, law enforcement, youth, parents, healthcare, media, tribal communities and others\" \/>\n<meta property=\"og:url\" content=\"https:\/\/www.cadca.org\/es\/homepage\/new-speaker-resource\/\" \/>\n<meta property=\"og:site_name\" content=\"CADCA\" \/>\n<meta property=\"article:published_time\" content=\"2021-11-18T00:00:00+00:00\" \/>\n<meta property=\"article:modified_time\" content=\"2023-05-01T15:37:24+00:00\" \/>\n<meta property=\"og:image\" content=\"https:\/\/www.cadca.org\/wp-content\/uploads\/2022\/03\/cadca-member-of-logo1.jpg\" \/>\n\t<meta property=\"og:image:width\" content=\"880\" \/>\n\t<meta property=\"og:image:height\" content=\"500\" \/>\n\t<meta property=\"og:image:type\" content=\"image\/jpeg\" \/>\n<meta name=\"author\" content=\"Marianne Varkiani\" \/>\n<meta name=\"twitter:card\" content=\"summary_large_image\" \/>\n<meta name=\"twitter:label1\" content=\"Escrito por\" \/>\n\t<meta name=\"twitter:data1\" content=\"Marianne Varkiani\" \/>\n\t<meta name=\"twitter:label2\" content=\"Tiempo de lectura\" \/>\n\t<meta name=\"twitter:data2\" content=\"4 minutos\" \/>\n<script type=\"application\/ld+json\" class=\"yoast-schema-graph\">{\"@context\":\"https:\\\/\\\/schema.org\",\"@graph\":[{\"@type\":\"Article\",\"@id\":\"https:\\\/\\\/www.cadca.org\\\/fr\\\/homepage\\\/new-speaker-resource\\\/#article\",\"isPartOf\":{\"@id\":\"https:\\\/\\\/www.cadca.org\\\/fr\\\/homepage\\\/new-speaker-resource\\\/\"},\"author\":{\"name\":\"Marianne Varkiani\",\"@id\":\"https:\\\/\\\/www.cadca.org\\\/#\\\/schema\\\/person\\\/8e6cb67aa13c20300a849b431c929dd2\"},\"headline\":\"New Speaker Resource\",\"datePublished\":\"2021-11-18T00:00:00+00:00\",\"dateModified\":\"2023-05-01T15:37:24+00:00\",\"mainEntityOfPage\":{\"@id\":\"https:\\\/\\\/www.cadca.org\\\/fr\\\/homepage\\\/new-speaker-resource\\\/\"},\"wordCount\":840,\"image\":{\"@id\":\"https:\\\/\\\/www.cadca.org\\\/fr\\\/homepage\\\/new-speaker-resource\\\/#primaryimage\"},\"thumbnailUrl\":\"https:\\\/\\\/www.cadca.org\\\/wp-content\\\/uploads\\\/2022\\\/03\\\/cadca-member-of-logo1.jpg\",\"articleSection\":[\"Homepage\"],\"inLanguage\":\"es\"},{\"@type\":\"WebPage\",\"@id\":\"https:\\\/\\\/www.cadca.org\\\/fr\\\/homepage\\\/new-speaker-resource\\\/\",\"url\":\"https:\\\/\\\/www.cadca.org\\\/fr\\\/homepage\\\/new-speaker-resource\\\/\",\"name\":\"New Speaker Resource | CADCA\",\"isPartOf\":{\"@id\":\"https:\\\/\\\/www.cadca.org\\\/#website\"},\"primaryImageOfPage\":{\"@id\":\"https:\\\/\\\/www.cadca.org\\\/fr\\\/homepage\\\/new-speaker-resource\\\/#primaryimage\"},\"image\":{\"@id\":\"https:\\\/\\\/www.cadca.org\\\/fr\\\/homepage\\\/new-speaker-resource\\\/#primaryimage\"},\"thumbnailUrl\":\"https:\\\/\\\/www.cadca.org\\\/wp-content\\\/uploads\\\/2022\\\/03\\\/cadca-member-of-logo1.jpg\",\"datePublished\":\"2021-11-18T00:00:00+00:00\",\"dateModified\":\"2023-05-01T15:37:24+00:00\",\"author\":{\"@id\":\"https:\\\/\\\/www.cadca.org\\\/#\\\/schema\\\/person\\\/8e6cb67aa13c20300a849b431c929dd2\"},\"description\":\"CADCA represents over 5,000 community coalitions that involve individuals from key sectors including schools, law enforcement, youth, parents, healthcare, media, tribal communities and others\",\"breadcrumb\":{\"@id\":\"https:\\\/\\\/www.cadca.org\\\/fr\\\/homepage\\\/new-speaker-resource\\\/#breadcrumb\"},\"inLanguage\":\"es\",\"potentialAction\":[{\"@type\":\"ReadAction\",\"target\":[\"https:\\\/\\\/www.cadca.org\\\/fr\\\/homepage\\\/new-speaker-resource\\\/\"]}]},{\"@type\":\"ImageObject\",\"inLanguage\":\"es\",\"@id\":\"https:\\\/\\\/www.cadca.org\\\/fr\\\/homepage\\\/new-speaker-resource\\\/#primaryimage\",\"url\":\"https:\\\/\\\/www.cadca.org\\\/wp-content\\\/uploads\\\/2022\\\/03\\\/cadca-member-of-logo1.jpg\",\"contentUrl\":\"https:\\\/\\\/www.cadca.org\\\/wp-content\\\/uploads\\\/2022\\\/03\\\/cadca-member-of-logo1.jpg\",\"width\":880,\"height\":500},{\"@type\":\"BreadcrumbList\",\"@id\":\"https:\\\/\\\/www.cadca.org\\\/fr\\\/homepage\\\/new-speaker-resource\\\/#breadcrumb\",\"itemListElement\":[{\"@type\":\"ListItem\",\"position\":1,\"name\":\"Home\",\"item\":\"https:\\\/\\\/www.cadca.org\\\/\"},{\"@type\":\"ListItem\",\"position\":2,\"name\":\"New Speaker Resource\"}]},{\"@type\":\"WebSite\",\"@id\":\"https:\\\/\\\/www.cadca.org\\\/#website\",\"url\":\"https:\\\/\\\/www.cadca.org\\\/\",\"name\":\"CADCA\",\"description\":\"The Premier Prevention Association\",\"potentialAction\":[{\"@type\":\"SearchAction\",\"target\":{\"@type\":\"EntryPoint\",\"urlTemplate\":\"https:\\\/\\\/www.cadca.org\\\/?s={search_term_string}\"},\"query-input\":{\"@type\":\"PropertyValueSpecification\",\"valueRequired\":true,\"valueName\":\"search_term_string\"}}],\"inLanguage\":\"es\"},{\"@type\":\"Person\",\"@id\":\"https:\\\/\\\/www.cadca.org\\\/#\\\/schema\\\/person\\\/8e6cb67aa13c20300a849b431c929dd2\",\"name\":\"Marianne Varkiani\"}]}<\/script>\n<!-- \/ Yoast SEO plugin. -->","yoast_head_json":{"title":"New Speaker Resource | CADCA","description":"CADCA represents over 5,000 community coalitions that involve individuals from key sectors including schools, law enforcement, youth, parents, healthcare, media, tribal communities and others","robots":{"index":"index","follow":"follow","max-snippet":"max-snippet:-1","max-image-preview":"max-image-preview:large","max-video-preview":"max-video-preview:-1"},"canonical":"https:\/\/www.cadca.org\/es\/homepage\/new-speaker-resource\/","og_locale":"es_ES","og_type":"article","og_title":"New Speaker Resource | CADCA","og_description":"CADCA represents over 5,000 community coalitions that involve individuals from key sectors including schools, law enforcement, youth, parents, healthcare, media, tribal communities and others","og_url":"https:\/\/www.cadca.org\/es\/homepage\/new-speaker-resource\/","og_site_name":"CADCA","article_published_time":"2021-11-18T00:00:00+00:00","article_modified_time":"2023-05-01T15:37:24+00:00","og_image":[{"width":880,"height":500,"url":"https:\/\/www.cadca.org\/wp-content\/uploads\/2022\/03\/cadca-member-of-logo1.jpg","type":"image\/jpeg"}],"author":"Marianne Varkiani","twitter_card":"summary_large_image","twitter_misc":{"Escrito por":"Marianne Varkiani","Tiempo de lectura":"4 minutos"},"schema":{"@context":"https:\/\/schema.org","@graph":[{"@type":"Article","@id":"https:\/\/www.cadca.org\/fr\/homepage\/new-speaker-resource\/#article","isPartOf":{"@id":"https:\/\/www.cadca.org\/fr\/homepage\/new-speaker-resource\/"},"author":{"name":"Marianne Varkiani","@id":"https:\/\/www.cadca.org\/#\/schema\/person\/8e6cb67aa13c20300a849b431c929dd2"},"headline":"New Speaker Resource","datePublished":"2021-11-18T00:00:00+00:00","dateModified":"2023-05-01T15:37:24+00:00","mainEntityOfPage":{"@id":"https:\/\/www.cadca.org\/fr\/homepage\/new-speaker-resource\/"},"wordCount":840,"image":{"@id":"https:\/\/www.cadca.org\/fr\/homepage\/new-speaker-resource\/#primaryimage"},"thumbnailUrl":"https:\/\/www.cadca.org\/wp-content\/uploads\/2022\/03\/cadca-member-of-logo1.jpg","articleSection":["Homepage"],"inLanguage":"es"},{"@type":"WebPage","@id":"https:\/\/www.cadca.org\/fr\/homepage\/new-speaker-resource\/","url":"https:\/\/www.cadca.org\/fr\/homepage\/new-speaker-resource\/","name":"New Speaker Resource | CADCA","isPartOf":{"@id":"https:\/\/www.cadca.org\/#website"},"primaryImageOfPage":{"@id":"https:\/\/www.cadca.org\/fr\/homepage\/new-speaker-resource\/#primaryimage"},"image":{"@id":"https:\/\/www.cadca.org\/fr\/homepage\/new-speaker-resource\/#primaryimage"},"thumbnailUrl":"https:\/\/www.cadca.org\/wp-content\/uploads\/2022\/03\/cadca-member-of-logo1.jpg","datePublished":"2021-11-18T00:00:00+00:00","dateModified":"2023-05-01T15:37:24+00:00","author":{"@id":"https:\/\/www.cadca.org\/#\/schema\/person\/8e6cb67aa13c20300a849b431c929dd2"},"description":"CADCA represents over 5,000 community coalitions that involve individuals from key sectors including schools, law enforcement, youth, parents, healthcare, media, tribal communities and others","breadcrumb":{"@id":"https:\/\/www.cadca.org\/fr\/homepage\/new-speaker-resource\/#breadcrumb"},"inLanguage":"es","potentialAction":[{"@type":"ReadAction","target":["https:\/\/www.cadca.org\/fr\/homepage\/new-speaker-resource\/"]}]},{"@type":"ImageObject","inLanguage":"es","@id":"https:\/\/www.cadca.org\/fr\/homepage\/new-speaker-resource\/#primaryimage","url":"https:\/\/www.cadca.org\/wp-content\/uploads\/2022\/03\/cadca-member-of-logo1.jpg","contentUrl":"https:\/\/www.cadca.org\/wp-content\/uploads\/2022\/03\/cadca-member-of-logo1.jpg","width":880,"height":500},{"@type":"BreadcrumbList","@id":"https:\/\/www.cadca.org\/fr\/homepage\/new-speaker-resource\/#breadcrumb","itemListElement":[{"@type":"ListItem","position":1,"name":"Home","item":"https:\/\/www.cadca.org\/"},{"@type":"ListItem","position":2,"name":"New Speaker Resource"}]},{"@type":"WebSite","@id":"https:\/\/www.cadca.org\/#website","url":"https:\/\/www.cadca.org\/","name":"CADCA","description":"The Premier Prevention Association","potentialAction":[{"@type":"SearchAction","target":{"@type":"EntryPoint","urlTemplate":"https:\/\/www.cadca.org\/?s={search_term_string}"},"query-input":{"@type":"PropertyValueSpecification","valueRequired":true,"valueName":"search_term_string"}}],"inLanguage":"es"},{"@type":"Person","@id":"https:\/\/www.cadca.org\/#\/schema\/person\/8e6cb67aa13c20300a849b431c929dd2","name":"Marianne Varkiani"}]}},"_links":{"self":[{"href":"https:\/\/www.cadca.org\/es\/wp-json\/wp\/v2\/posts\/18199","targetHints":{"allow":["GET"]}}],"collection":[{"href":"https:\/\/www.cadca.org\/es\/wp-json\/wp\/v2\/posts"}],"about":[{"href":"https:\/\/www.cadca.org\/es\/wp-json\/wp\/v2\/types\/post"}],"author":[{"embeddable":true,"href":"https:\/\/www.cadca.org\/es\/wp-json\/wp\/v2\/users\/23"}],"replies":[{"embeddable":true,"href":"https:\/\/www.cadca.org\/es\/wp-json\/wp\/v2\/comments?post=18199"}],"version-history":[{"count":0,"href":"https:\/\/www.cadca.org\/es\/wp-json\/wp\/v2\/posts\/18199\/revisions"}],"wp:featuredmedia":[{"embeddable":true,"href":"https:\/\/www.cadca.org\/es\/wp-json\/wp\/v2\/media\/1597"}],"wp:attachment":[{"href":"https:\/\/www.cadca.org\/es\/wp-json\/wp\/v2\/media?parent=18199"}],"wp:term":[{"taxonomy":"category","embeddable":true,"href":"https:\/\/www.cadca.org\/es\/wp-json\/wp\/v2\/categories?post=18199"},{"taxonomy":"post_tag","embeddable":true,"href":"https:\/\/www.cadca.org\/es\/wp-json\/wp\/v2\/tags?post=18199"}],"curies":[{"name":"wp","href":"https:\/\/api.w.org\/{rel}","templated":true}]}}