{"id":18108,"date":"2016-04-22T00:00:00","date_gmt":"2016-04-22T00:00:00","guid":{"rendered":"https:\/\/cadca1stg.wpengine.com\/2016\/04\/22\/cadca-represents-coalitions-at-the-united-nations-general-assembly-special-session\/"},"modified":"2024-04-24T19:41:57","modified_gmt":"2024-04-24T19:41:57","slug":"cadca-represents-coalitions-united-nations-general-assembly-special-session","status":"publish","type":"post","link":"https:\/\/www.cadca.org\/es\/international\/cadca-represents-coalitions-united-nations-general-assembly-special-session\/","title":{"rendered":"CADCA representa coaliciones en la sesi\u00f3n especial de la Asamblea General de las Naciones Unidas"},"content":{"rendered":"<p>En esencia, CADCA est\u00e1 comprometida con la defensa del derecho humano a una vida saludable. Y creemos que la clave para ello es construir comunidades seguras, saludables y libres de drogas. Es por eso que, durante los \u00faltimos 23 a\u00f1os, hemos hecho de esta nuestra misi\u00f3n. Y afortunadamente, se nos considera lo suficientemente bien como para ser invitados a la mesa internacional para discutir la importancia de un enfoque comunitario para prevenir y reducir el uso de drogas il\u00edcitas. Ha sido un honor y una tremenda responsabilidad asistir a la Sesi\u00f3n Especial de la Asamblea General de las Naciones Unidas (UNGASS) en Nueva York esta semana.<\/p>\n<p>Una voz que reson\u00f3 entre los asistentes a la UNGASS fue la de la veterana miembro de la coalici\u00f3n brasile\u00f1a Eliane Prado Marcondes. El miembro de CADCA se dirigi\u00f3 a la sociedad civil en la sesi\u00f3n plenaria del jueves.<\/p>\n<p>Marcondes represent\u00f3 a la Asociaci\u00f3n Pro Coaliciones de Brasil, organizaci\u00f3n coordinadora que es socia de CADCA. Le cont\u00f3 a la ONU sus experiencias ayudando a establecer coaliciones en todo su pa\u00eds. Ha aprendido lo que todos los miembros de nuestra coalici\u00f3n en los Estados Unidos han aprendido: \u201cNecesitamos crear soluciones locales para los problemas locales\u201d.<\/p>\n<p>Los comentarios de Marcondes cubrieron el hecho de que sus compatriotas brasile\u00f1os tienen muy poco en materia de prevenci\u00f3n de drogas y un sistema de tratamiento inadecuado para satisfacer sus necesidades. Seg\u00fan una investigaci\u00f3n de la Universidad de S\u00e3o Paulo, en su pa\u00eds hay m\u00e1s de un mill\u00f3n de consumidores de crack. Ella cree que debemos seguir aumentando los recursos para prevenir el consumo de drogas y reconocer que vale la pena invertir en prevenci\u00f3n.<\/p>\n<p>Los l\u00edderes mundiales parecen estar de acuerdo. En la sesi\u00f3n plenaria de apertura del martes, por ejemplo, Werner Sipp, presidente de la Junta Internacional de Fiscalizaci\u00f3n de Narc\u00f3ticos, dijo a la audiencia que el problema mundial de las drogas afecta a toda la humanidad y que las convenciones nunca llamaron a una guerra contra las drogas ni a pol\u00edticas represivas. Sipp pidi\u00f3 un enfoque equilibrado y basado en evidencia que reduzca la demanda y evite que los j\u00f3venes se inicien.<\/p>\n<p>Tal como lo comparti\u00f3 Marcondes, los expertos en drogas del mundo saben que el cambio lleva tiempo. Las coaliciones y CADCA saben que abordar la reducci\u00f3n de la demanda de esta manera ahorra dinero, por supuesto, pero lo m\u00e1s importante es que salva vidas.<\/p>\n<p>El mes pasado, CADCA tambi\u00e9n se uni\u00f3 a l\u00edderes de m\u00e1s de 50 pa\u00edses para discutir la importancia de mantener la <a href=\"https:\/\/www.incb.org\/incb\/en\/precursors\/1988-convention.html\">Convenciones de drogas de la ONU<\/a> en el 59\u00ba per\u00edodo de sesiones de la Comisi\u00f3n de Estupefacientes de las Naciones Unidas en Viena, Austria. CADCA es una de las pocas organizaciones no gubernamentales (ONG) con sede en Estados Unidos que tiene estatus consultivo ante la ONU y es miembro del Comit\u00e9 de ONG de Viena.<\/p>\n<p>Nuestro mundo tiene un problema de drogas, ya sea crack en Brasil o opi\u00e1ceos y hero\u00edna aqu\u00ed en nuestro propio patio trasero. CADCA seguir\u00e1 esforz\u00e1ndose por educar a los l\u00edderes de todos los niveles sobre la necesidad de un enfoque verdaderamente integral para abordar el problema mundial de las drogas y la importancia de tener la prevenci\u00f3n primaria en su centro, aqu\u00ed y en el extranjero. Y nosotros en CADCA estamos agradecidos de que los l\u00edderes de la UNGASS reafirmen su apoyo y compromiso con las metas y objetivos de las tres convenciones de la ONU.<\/p>\n<p><em>El general Dean es el presidente y director ejecutivo de CADCA<\/em><\/p>","protected":false},"excerpt":{"rendered":"<p>En esencia, CADCA est\u00e1 comprometida con la defensa del derecho humano a una vida saludable. Y creemos que el<\/p>","protected":false},"author":23,"featured_media":0,"comment_status":"closed","ping_status":"closed","sticky":false,"template":"","format":"standard","meta":{"_acf_changed":false,"inline_featured_image":false,"footnotes":""},"categories":[361],"tags":[],"class_list":["post-18108","post","type-post","status-publish","format-standard","hentry","category-international"],"acf":[],"yoast_head":"<!-- This site is optimized with the Yoast SEO plugin v27.4 - https:\/\/yoast.com\/product\/yoast-seo-wordpress\/ -->\n<title>CADCA Represents Coalitions at the United Nations General Assembly Special Session | CADCA<\/title>\n<meta name=\"description\" content=\"CADCA represents over 5,000 community coalitions that involve individuals from key sectors including schools, law enforcement, youth, parents, healthcare, media, tribal communities and others\" \/>\n<meta name=\"robots\" content=\"index, follow, max-snippet:-1, max-image-preview:large, max-video-preview:-1\" \/>\n<link rel=\"canonical\" href=\"https:\/\/www.cadca.org\/es\/international\/cadca-represents-coalitions-united-nations-general-assembly-special-session\/\" \/>\n<meta property=\"og:locale\" content=\"es_ES\" \/>\n<meta property=\"og:type\" content=\"article\" \/>\n<meta property=\"og:title\" content=\"CADCA Represents Coalitions at the United Nations General Assembly Special Session | CADCA\" \/>\n<meta property=\"og:description\" content=\"CADCA represents over 5,000 community coalitions that involve individuals from key sectors including schools, law enforcement, youth, parents, healthcare, media, tribal communities and others\" \/>\n<meta property=\"og:url\" content=\"https:\/\/www.cadca.org\/es\/international\/cadca-represents-coalitions-united-nations-general-assembly-special-session\/\" \/>\n<meta property=\"og:site_name\" content=\"CADCA\" \/>\n<meta property=\"article:published_time\" content=\"2016-04-22T00:00:00+00:00\" \/>\n<meta property=\"article:modified_time\" content=\"2024-04-24T19:41:57+00:00\" \/>\n<meta property=\"og:image\" content=\"https:\/\/www.cadca.org\/wp-content\/uploads\/2022\/03\/cadca-member-of-logo1.jpg\" \/>\n\t<meta property=\"og:image:width\" content=\"880\" \/>\n\t<meta property=\"og:image:height\" content=\"500\" \/>\n\t<meta property=\"og:image:type\" content=\"image\/jpeg\" \/>\n<meta name=\"author\" content=\"Marianne Varkiani\" \/>\n<meta name=\"twitter:card\" content=\"summary_large_image\" \/>\n<meta name=\"twitter:label1\" content=\"Escrito por\" \/>\n\t<meta name=\"twitter:data1\" content=\"Marianne Varkiani\" \/>\n\t<meta name=\"twitter:label2\" content=\"Tiempo de lectura\" \/>\n\t<meta name=\"twitter:data2\" content=\"3 minutos\" \/>\n<script type=\"application\/ld+json\" class=\"yoast-schema-graph\">{\"@context\":\"https:\\\/\\\/schema.org\",\"@graph\":[{\"@type\":\"Article\",\"@id\":\"https:\\\/\\\/www.cadca.org\\\/international\\\/cadca-represents-coalitions-united-nations-general-assembly-special-session\\\/#article\",\"isPartOf\":{\"@id\":\"https:\\\/\\\/www.cadca.org\\\/international\\\/cadca-represents-coalitions-united-nations-general-assembly-special-session\\\/\"},\"author\":{\"name\":\"Marianne Varkiani\",\"@id\":\"https:\\\/\\\/www.cadca.org\\\/#\\\/schema\\\/person\\\/8e6cb67aa13c20300a849b431c929dd2\"},\"headline\":\"CADCA Represents Coalitions at the United Nations General Assembly Special Session\",\"datePublished\":\"2016-04-22T00:00:00+00:00\",\"dateModified\":\"2024-04-24T19:41:57+00:00\",\"mainEntityOfPage\":{\"@id\":\"https:\\\/\\\/www.cadca.org\\\/international\\\/cadca-represents-coalitions-united-nations-general-assembly-special-session\\\/\"},\"wordCount\":515,\"articleSection\":[\"International\"],\"inLanguage\":\"es\"},{\"@type\":\"WebPage\",\"@id\":\"https:\\\/\\\/www.cadca.org\\\/international\\\/cadca-represents-coalitions-united-nations-general-assembly-special-session\\\/\",\"url\":\"https:\\\/\\\/www.cadca.org\\\/international\\\/cadca-represents-coalitions-united-nations-general-assembly-special-session\\\/\",\"name\":\"CADCA Represents Coalitions at the United Nations General Assembly Special Session | CADCA\",\"isPartOf\":{\"@id\":\"https:\\\/\\\/www.cadca.org\\\/#website\"},\"datePublished\":\"2016-04-22T00:00:00+00:00\",\"dateModified\":\"2024-04-24T19:41:57+00:00\",\"author\":{\"@id\":\"https:\\\/\\\/www.cadca.org\\\/#\\\/schema\\\/person\\\/8e6cb67aa13c20300a849b431c929dd2\"},\"description\":\"CADCA represents over 5,000 community coalitions that involve individuals from key sectors including schools, law enforcement, youth, parents, healthcare, media, tribal communities and others\",\"breadcrumb\":{\"@id\":\"https:\\\/\\\/www.cadca.org\\\/international\\\/cadca-represents-coalitions-united-nations-general-assembly-special-session\\\/#breadcrumb\"},\"inLanguage\":\"es\",\"potentialAction\":[{\"@type\":\"ReadAction\",\"target\":[\"https:\\\/\\\/www.cadca.org\\\/international\\\/cadca-represents-coalitions-united-nations-general-assembly-special-session\\\/\"]}]},{\"@type\":\"BreadcrumbList\",\"@id\":\"https:\\\/\\\/www.cadca.org\\\/international\\\/cadca-represents-coalitions-united-nations-general-assembly-special-session\\\/#breadcrumb\",\"itemListElement\":[{\"@type\":\"ListItem\",\"position\":1,\"name\":\"Home\",\"item\":\"https:\\\/\\\/www.cadca.org\\\/\"},{\"@type\":\"ListItem\",\"position\":2,\"name\":\"CADCA Represents Coalitions at the United Nations General Assembly Special Session\"}]},{\"@type\":\"WebSite\",\"@id\":\"https:\\\/\\\/www.cadca.org\\\/#website\",\"url\":\"https:\\\/\\\/www.cadca.org\\\/\",\"name\":\"CADCA\",\"description\":\"The Premier Prevention Association\",\"potentialAction\":[{\"@type\":\"SearchAction\",\"target\":{\"@type\":\"EntryPoint\",\"urlTemplate\":\"https:\\\/\\\/www.cadca.org\\\/?s={search_term_string}\"},\"query-input\":{\"@type\":\"PropertyValueSpecification\",\"valueRequired\":true,\"valueName\":\"search_term_string\"}}],\"inLanguage\":\"es\"},{\"@type\":\"Person\",\"@id\":\"https:\\\/\\\/www.cadca.org\\\/#\\\/schema\\\/person\\\/8e6cb67aa13c20300a849b431c929dd2\",\"name\":\"Marianne Varkiani\"}]}<\/script>\n<!-- \/ Yoast SEO plugin. -->","yoast_head_json":{"title":"CADCA Represents Coalitions at the United Nations General Assembly Special Session | CADCA","description":"CADCA represents over 5,000 community coalitions that involve individuals from key sectors including schools, law enforcement, youth, parents, healthcare, media, tribal communities and others","robots":{"index":"index","follow":"follow","max-snippet":"max-snippet:-1","max-image-preview":"max-image-preview:large","max-video-preview":"max-video-preview:-1"},"canonical":"https:\/\/www.cadca.org\/es\/international\/cadca-represents-coalitions-united-nations-general-assembly-special-session\/","og_locale":"es_ES","og_type":"article","og_title":"CADCA Represents Coalitions at the United Nations General Assembly Special Session | CADCA","og_description":"CADCA represents over 5,000 community coalitions that involve individuals from key sectors including schools, law enforcement, youth, parents, healthcare, media, tribal communities and others","og_url":"https:\/\/www.cadca.org\/es\/international\/cadca-represents-coalitions-united-nations-general-assembly-special-session\/","og_site_name":"CADCA","article_published_time":"2016-04-22T00:00:00+00:00","article_modified_time":"2024-04-24T19:41:57+00:00","og_image":[{"width":880,"height":500,"url":"https:\/\/www.cadca.org\/wp-content\/uploads\/2022\/03\/cadca-member-of-logo1.jpg","type":"image\/jpeg"}],"author":"Marianne Varkiani","twitter_card":"summary_large_image","twitter_misc":{"Escrito por":"Marianne Varkiani","Tiempo de lectura":"3 minutos"},"schema":{"@context":"https:\/\/schema.org","@graph":[{"@type":"Article","@id":"https:\/\/www.cadca.org\/international\/cadca-represents-coalitions-united-nations-general-assembly-special-session\/#article","isPartOf":{"@id":"https:\/\/www.cadca.org\/international\/cadca-represents-coalitions-united-nations-general-assembly-special-session\/"},"author":{"name":"Marianne Varkiani","@id":"https:\/\/www.cadca.org\/#\/schema\/person\/8e6cb67aa13c20300a849b431c929dd2"},"headline":"CADCA Represents Coalitions at the United Nations General Assembly Special Session","datePublished":"2016-04-22T00:00:00+00:00","dateModified":"2024-04-24T19:41:57+00:00","mainEntityOfPage":{"@id":"https:\/\/www.cadca.org\/international\/cadca-represents-coalitions-united-nations-general-assembly-special-session\/"},"wordCount":515,"articleSection":["International"],"inLanguage":"es"},{"@type":"WebPage","@id":"https:\/\/www.cadca.org\/international\/cadca-represents-coalitions-united-nations-general-assembly-special-session\/","url":"https:\/\/www.cadca.org\/international\/cadca-represents-coalitions-united-nations-general-assembly-special-session\/","name":"CADCA Represents Coalitions at the United Nations General Assembly Special Session | CADCA","isPartOf":{"@id":"https:\/\/www.cadca.org\/#website"},"datePublished":"2016-04-22T00:00:00+00:00","dateModified":"2024-04-24T19:41:57+00:00","author":{"@id":"https:\/\/www.cadca.org\/#\/schema\/person\/8e6cb67aa13c20300a849b431c929dd2"},"description":"CADCA represents over 5,000 community coalitions that involve individuals from key sectors including schools, law enforcement, youth, parents, healthcare, media, tribal communities and others","breadcrumb":{"@id":"https:\/\/www.cadca.org\/international\/cadca-represents-coalitions-united-nations-general-assembly-special-session\/#breadcrumb"},"inLanguage":"es","potentialAction":[{"@type":"ReadAction","target":["https:\/\/www.cadca.org\/international\/cadca-represents-coalitions-united-nations-general-assembly-special-session\/"]}]},{"@type":"BreadcrumbList","@id":"https:\/\/www.cadca.org\/international\/cadca-represents-coalitions-united-nations-general-assembly-special-session\/#breadcrumb","itemListElement":[{"@type":"ListItem","position":1,"name":"Home","item":"https:\/\/www.cadca.org\/"},{"@type":"ListItem","position":2,"name":"CADCA Represents Coalitions at the United Nations General Assembly Special Session"}]},{"@type":"WebSite","@id":"https:\/\/www.cadca.org\/#website","url":"https:\/\/www.cadca.org\/","name":"CADCA","description":"The Premier Prevention Association","potentialAction":[{"@type":"SearchAction","target":{"@type":"EntryPoint","urlTemplate":"https:\/\/www.cadca.org\/?s={search_term_string}"},"query-input":{"@type":"PropertyValueSpecification","valueRequired":true,"valueName":"search_term_string"}}],"inLanguage":"es"},{"@type":"Person","@id":"https:\/\/www.cadca.org\/#\/schema\/person\/8e6cb67aa13c20300a849b431c929dd2","name":"Marianne Varkiani"}]}},"_links":{"self":[{"href":"https:\/\/www.cadca.org\/es\/wp-json\/wp\/v2\/posts\/18108","targetHints":{"allow":["GET"]}}],"collection":[{"href":"https:\/\/www.cadca.org\/es\/wp-json\/wp\/v2\/posts"}],"about":[{"href":"https:\/\/www.cadca.org\/es\/wp-json\/wp\/v2\/types\/post"}],"author":[{"embeddable":true,"href":"https:\/\/www.cadca.org\/es\/wp-json\/wp\/v2\/users\/23"}],"replies":[{"embeddable":true,"href":"https:\/\/www.cadca.org\/es\/wp-json\/wp\/v2\/comments?post=18108"}],"version-history":[{"count":0,"href":"https:\/\/www.cadca.org\/es\/wp-json\/wp\/v2\/posts\/18108\/revisions"}],"wp:attachment":[{"href":"https:\/\/www.cadca.org\/es\/wp-json\/wp\/v2\/media?parent=18108"}],"wp:term":[{"taxonomy":"category","embeddable":true,"href":"https:\/\/www.cadca.org\/es\/wp-json\/wp\/v2\/categories?post=18108"},{"taxonomy":"post_tag","embeddable":true,"href":"https:\/\/www.cadca.org\/es\/wp-json\/wp\/v2\/tags?post=18108"}],"curies":[{"name":"wp","href":"https:\/\/api.w.org\/{rel}","templated":true}]}}