{"id":18037,"date":"2020-08-12T00:00:00","date_gmt":"2020-08-12T00:00:00","guid":{"rendered":"https:\/\/cadca1stg.wpengine.com\/2020\/08\/12\/the-new-face-of-coalition-development-and-outreach-at-cadca\/"},"modified":"2020-08-12T00:00:00","modified_gmt":"2020-08-12T00:00:00","slug":"the-new-face-of-coalition-development-and-outreach-at-cadca","status":"publish","type":"post","link":"https:\/\/www.cadca.org\/es\/blog\/the-new-face-of-coalition-development-and-outreach-at-cadca\/","title":{"rendered":"La nueva cara del desarrollo y la divulgaci\u00f3n de coaliciones en CADCA"},"content":{"rendered":"<p class=\"rtecenter\"><img loading=\"lazy\" decoding=\"async\" alt=\"\" height=\"300\" src=\"https:\/\/www.cadca.org\/wp-content\/uploads\/2022\/12\/cdfy-mini_safe_kids_day-2018.jpg\" width=\"400\" \/><img loading=\"lazy\" decoding=\"async\" alt=\"\" height=\"300\" src=\"https:\/\/www.cadca.org\/wp-content\/uploads\/2022\/12\/joy-ice_cream_social_2020.jpg\" width=\"400\" \/><\/p>\n<p>Tras el \u00e9xito de nuestro primer Instituto Virtual de Capacitaci\u00f3n de Mitad de A\u00f1o, CADCA est\u00e1 implementando los comentarios que escuchamos de nuestros defensores de la prevenci\u00f3n sobre el trabajo durante la pandemia de COVID-19. Al escuchar sus historias de \u00e9xito, ha surgido un tema importante: ninguna coalici\u00f3n puede trabajar sola en la lucha contra el uso y el abuso de sustancias. Es por eso que trajimos <strong>Joy Sweeney, Ph.D.,<\/strong> nuestro nuevo Director Adjunto de Capacitaci\u00f3n, Asistencia T\u00e9cnica para el Desarrollo de Coaliciones y Divulgaci\u00f3n.<\/p>\n<p>El trabajo de Sweeney es garantizar que todas las coaliciones de CADCA tengan acceso a nuestros recursos, capacitaci\u00f3n y apoyo cuando lo necesiten. Ella es particularmente adecuada para este puesto, ya que pas\u00f3 los \u00faltimos 11 a\u00f1os trabajando como Directora Ejecutiva del Consejo para J\u00f3venes Libres de Drogas en Jefferson City, Missouri. Habiendo experimentado las realidades cotidianas del trabajo de las coaliciones comunitarias, Sweeney sabe lo importante que es que las coaliciones se sientan conectadas.<\/p>\n<p>\u201cEn 2013, mi coalici\u00f3n asumi\u00f3 el proceso de solicitar una subvenci\u00f3n para Comunidades Libres de Drogas (DFC)\u201d, dijo Sweeney. \u201cYo era una sola persona, trabajaba a tiempo parcial y era responsable de todo el proceso de solicitud. Parec\u00eda un desaf\u00edo insuperable, hasta que asist\u00ed al Taller para Nuevos Solicitantes del DFC de la ONDCP en el Foro de Liderazgo Nacional de CADCA y aprend\u00ed c\u00f3mo otras coaliciones hab\u00edan solicitado y recibido con \u00e9xito fondos del DFC. Despu\u00e9s de eso, segu\u00ed contactando a m\u00e1s personas que conoc\u00ed a trav\u00e9s de CADCA y mi solicitud fue exitosa\u201d.<\/p>\n<p>Sweeney dice que recibir la subvenci\u00f3n del DFC y utilizar sus conexiones con otros defensores comunitarios de la prevenci\u00f3n fue el punto de inflexi\u00f3n para su coalici\u00f3n. &quot;Pude empezar a trabajar a tiempo completo, contratar a un coordinador de proyecto, incorporar a m\u00e1s personas y empezar a desarrollar capacidades para la organizaci\u00f3n... este fue el catalizador de todo&quot;.<\/p>\n<p>En su nuevo rol en CADCA, Sweeney espera brindar a los dem\u00e1s el mismo sentimiento de trabajo conectado y unificado. &quot;Quiero guiar a nuestras coaliciones sobre c\u00f3mo empoderarlas para realizar cambios e impactar a su comunidad de manera positiva&quot;, dijo Sweeney. \u201cCreo que muchos de nosotros enfrentamos el desaf\u00edo de trabajar en silos. Todos atacamos los mismos problemas, pero no trabajamos en colaboraci\u00f3n. Tener un recurso como CADCA para reunir a estas entidades y proporcionar recursos para abordar estos problemas de manera efectiva es invaluable. Me encantar\u00eda desempe\u00f1ar un papel y ser el impulso para ese cambio\u201d.\u00a0<\/p>\n<p>Mientras buscamos reunir a los defensores comunitarios de la prevenci\u00f3n, reconocemos el desaf\u00edo que la pandemia global de COVID-19 plantea para este objetivo. Sin embargo, tambi\u00e9n somos conscientes de que nuestro trabajo puede ser m\u00e1s vital ahora que nunca. &quot;A veces se necesitan una serie de circunstancias realmente terribles para mostrarnos las oportunidades que no est\u00e1bamos aprovechando en nuestro trabajo&quot;, dijo Sweeney. \u201cAhora estamos viendo que las coaliciones utilizan la tecnolog\u00eda para encontrar grupos interesados en sus comunidades y empoderar a estas personas para que se conviertan en defensores de la prevenci\u00f3n. Podemos llegar a m\u00e1s personas que nunca y, como resultado, estamos viendo aumentar el compromiso en nuestro trabajo. A pesar de la necesidad de la distancia f\u00edsica, nuestro campo se siente m\u00e1s unificado que nunca\u201d.<\/p>\n<p>\u201cAl mismo tiempo, el aislamiento y el estr\u00e9s de esta pandemia est\u00e1n causando m\u00e1s problemas de salud mental y de uso y abuso de sustancias\u201d, dijo Sweeney. &quot;Esos desaf\u00edos nos muestran d\u00f3nde debemos mejorar nuestro juego y descubrir c\u00f3mo crear un sentido de comunidad y pertenencia, incluso en este entorno desafiante&quot;.\u00a0<\/p>\n<p>Para Sweeney, a pesar de la naturaleza a menudo abrumadora del trabajo de prevenci\u00f3n, la oportunidad de generar cambios y mejorar vidas contin\u00faa despertando su pasi\u00f3n por esta causa. &quot;Es un trabajo duro y no siempre vamos a conseguir una victoria&quot;, dijo Sweeney. \u201cA veces recibes un informe y tu respuesta inmediata es pensar &#039;trabajamos muy duro y las cosas est\u00e1n empeorando, \u00bfc\u00f3mo es posible?&#039; Es importante entender que en este campo hay factores externos, fuera de nuestro control, que impulsan las tendencias, pero nuestro trabajo <em>hace<\/em> Hacer la diferencia. Incluso cuando parece que estamos dando dos pasos hacia adelante y uno hacia atr\u00e1s, seguimos avanzando. Y cada uno de esos pasos se traduce en una vida que se ha visto impactada positivamente por nuestra contribuci\u00f3n\u201d.<\/p>\n<p>P\u00f3ngase en contacto con Joy Sweeney por correo electr\u00f3nico a <a href=\"mailto:jsweeney@cadca.org\"><strong>jsweeney@cadca.org<\/strong><\/a> para obtener informaci\u00f3n sobre el desarrollo de coaliciones, asistencia t\u00e9cnica y oportunidades de capacitaci\u00f3n de CADCA.<\/p>","protected":false},"excerpt":{"rendered":"<p>Tras el \u00e9xito de nuestro primer Instituto Virtual de Capacitaci\u00f3n de Mitad de A\u00f1o, CADCA est\u00e1 implementando los comentarios que estamos escuchando de nuestro equipo de prevenci\u00f3n.<\/p>","protected":false},"author":23,"featured_media":12528,"comment_status":"closed","ping_status":"closed","sticky":false,"template":"","format":"standard","meta":{"_acf_changed":false,"inline_featured_image":false,"footnotes":""},"categories":[219],"tags":[],"class_list":["post-18037","post","type-post","status-publish","format-standard","has-post-thumbnail","hentry","category-blog"],"acf":[],"yoast_head":"<!-- This site is optimized with the Yoast SEO plugin v27.4 - https:\/\/yoast.com\/product\/yoast-seo-wordpress\/ -->\n<title>The New Face of Coalition Development and Outreach at CADCA | CADCA<\/title>\n<meta name=\"description\" content=\"CADCA represents over 5,000 community coalitions that involve individuals from key sectors including schools, law enforcement, youth, parents, healthcare, media, tribal communities and others\" \/>\n<meta name=\"robots\" content=\"index, follow, max-snippet:-1, max-image-preview:large, max-video-preview:-1\" \/>\n<link rel=\"canonical\" href=\"https:\/\/www.cadca.org\/es\/blog\/the-new-face-of-coalition-development-and-outreach-at-cadca\/\" \/>\n<meta property=\"og:locale\" content=\"es_ES\" \/>\n<meta property=\"og:type\" content=\"article\" \/>\n<meta property=\"og:title\" content=\"The New Face of Coalition Development and Outreach at CADCA | CADCA\" \/>\n<meta property=\"og:description\" content=\"CADCA represents over 5,000 community coalitions that involve individuals from key sectors including schools, law enforcement, youth, parents, healthcare, media, tribal communities and others\" \/>\n<meta property=\"og:url\" content=\"https:\/\/www.cadca.org\/es\/blog\/the-new-face-of-coalition-development-and-outreach-at-cadca\/\" \/>\n<meta property=\"og:site_name\" content=\"CADCA\" \/>\n<meta property=\"article:published_time\" content=\"2020-08-12T00:00:00+00:00\" \/>\n<meta property=\"og:image\" content=\"https:\/\/www.cadca.org\/wp-content\/uploads\/2022\/12\/cdfy-mini_safe_kids_day-2018.jpg\" \/>\n\t<meta property=\"og:image:width\" content=\"1200\" \/>\n\t<meta property=\"og:image:height\" content=\"900\" \/>\n\t<meta property=\"og:image:type\" content=\"image\/jpeg\" \/>\n<meta name=\"author\" content=\"Marianne Varkiani\" \/>\n<meta name=\"twitter:card\" content=\"summary_large_image\" \/>\n<meta name=\"twitter:label1\" content=\"Escrito por\" \/>\n\t<meta name=\"twitter:data1\" content=\"Marianne Varkiani\" \/>\n\t<meta name=\"twitter:label2\" content=\"Tiempo de lectura\" \/>\n\t<meta name=\"twitter:data2\" content=\"4 minutos\" \/>\n<script type=\"application\/ld+json\" class=\"yoast-schema-graph\">{\"@context\":\"https:\\\/\\\/schema.org\",\"@graph\":[{\"@type\":\"Article\",\"@id\":\"https:\\\/\\\/www.cadca.org\\\/blog\\\/the-new-face-of-coalition-development-and-outreach-at-cadca\\\/#article\",\"isPartOf\":{\"@id\":\"https:\\\/\\\/www.cadca.org\\\/blog\\\/the-new-face-of-coalition-development-and-outreach-at-cadca\\\/\"},\"author\":{\"name\":\"Marianne Varkiani\",\"@id\":\"https:\\\/\\\/www.cadca.org\\\/#\\\/schema\\\/person\\\/8e6cb67aa13c20300a849b431c929dd2\"},\"headline\":\"The New Face of Coalition Development and Outreach at CADCA\",\"datePublished\":\"2020-08-12T00:00:00+00:00\",\"mainEntityOfPage\":{\"@id\":\"https:\\\/\\\/www.cadca.org\\\/blog\\\/the-new-face-of-coalition-development-and-outreach-at-cadca\\\/\"},\"wordCount\":715,\"image\":{\"@id\":\"https:\\\/\\\/www.cadca.org\\\/blog\\\/the-new-face-of-coalition-development-and-outreach-at-cadca\\\/#primaryimage\"},\"thumbnailUrl\":\"https:\\\/\\\/www.cadca.org\\\/wp-content\\\/uploads\\\/2022\\\/12\\\/cdfy-mini_safe_kids_day-2018.jpg\",\"articleSection\":[\"Blog\"],\"inLanguage\":\"es\"},{\"@type\":\"WebPage\",\"@id\":\"https:\\\/\\\/www.cadca.org\\\/blog\\\/the-new-face-of-coalition-development-and-outreach-at-cadca\\\/\",\"url\":\"https:\\\/\\\/www.cadca.org\\\/blog\\\/the-new-face-of-coalition-development-and-outreach-at-cadca\\\/\",\"name\":\"The New Face of Coalition Development and Outreach at CADCA | CADCA\",\"isPartOf\":{\"@id\":\"https:\\\/\\\/www.cadca.org\\\/#website\"},\"primaryImageOfPage\":{\"@id\":\"https:\\\/\\\/www.cadca.org\\\/blog\\\/the-new-face-of-coalition-development-and-outreach-at-cadca\\\/#primaryimage\"},\"image\":{\"@id\":\"https:\\\/\\\/www.cadca.org\\\/blog\\\/the-new-face-of-coalition-development-and-outreach-at-cadca\\\/#primaryimage\"},\"thumbnailUrl\":\"https:\\\/\\\/www.cadca.org\\\/wp-content\\\/uploads\\\/2022\\\/12\\\/cdfy-mini_safe_kids_day-2018.jpg\",\"datePublished\":\"2020-08-12T00:00:00+00:00\",\"author\":{\"@id\":\"https:\\\/\\\/www.cadca.org\\\/#\\\/schema\\\/person\\\/8e6cb67aa13c20300a849b431c929dd2\"},\"description\":\"CADCA represents over 5,000 community coalitions that involve individuals from key sectors including schools, law enforcement, youth, parents, healthcare, media, tribal communities and others\",\"breadcrumb\":{\"@id\":\"https:\\\/\\\/www.cadca.org\\\/blog\\\/the-new-face-of-coalition-development-and-outreach-at-cadca\\\/#breadcrumb\"},\"inLanguage\":\"es\",\"potentialAction\":[{\"@type\":\"ReadAction\",\"target\":[\"https:\\\/\\\/www.cadca.org\\\/blog\\\/the-new-face-of-coalition-development-and-outreach-at-cadca\\\/\"]}]},{\"@type\":\"ImageObject\",\"inLanguage\":\"es\",\"@id\":\"https:\\\/\\\/www.cadca.org\\\/blog\\\/the-new-face-of-coalition-development-and-outreach-at-cadca\\\/#primaryimage\",\"url\":\"https:\\\/\\\/www.cadca.org\\\/wp-content\\\/uploads\\\/2022\\\/12\\\/cdfy-mini_safe_kids_day-2018.jpg\",\"contentUrl\":\"https:\\\/\\\/www.cadca.org\\\/wp-content\\\/uploads\\\/2022\\\/12\\\/cdfy-mini_safe_kids_day-2018.jpg\",\"width\":1200,\"height\":900},{\"@type\":\"BreadcrumbList\",\"@id\":\"https:\\\/\\\/www.cadca.org\\\/blog\\\/the-new-face-of-coalition-development-and-outreach-at-cadca\\\/#breadcrumb\",\"itemListElement\":[{\"@type\":\"ListItem\",\"position\":1,\"name\":\"Home\",\"item\":\"https:\\\/\\\/www.cadca.org\\\/\"},{\"@type\":\"ListItem\",\"position\":2,\"name\":\"The New Face of Coalition Development and Outreach at CADCA\"}]},{\"@type\":\"WebSite\",\"@id\":\"https:\\\/\\\/www.cadca.org\\\/#website\",\"url\":\"https:\\\/\\\/www.cadca.org\\\/\",\"name\":\"CADCA\",\"description\":\"The Premier Prevention Association\",\"potentialAction\":[{\"@type\":\"SearchAction\",\"target\":{\"@type\":\"EntryPoint\",\"urlTemplate\":\"https:\\\/\\\/www.cadca.org\\\/?s={search_term_string}\"},\"query-input\":{\"@type\":\"PropertyValueSpecification\",\"valueRequired\":true,\"valueName\":\"search_term_string\"}}],\"inLanguage\":\"es\"},{\"@type\":\"Person\",\"@id\":\"https:\\\/\\\/www.cadca.org\\\/#\\\/schema\\\/person\\\/8e6cb67aa13c20300a849b431c929dd2\",\"name\":\"Marianne Varkiani\"}]}<\/script>\n<!-- \/ Yoast SEO plugin. -->","yoast_head_json":{"title":"The New Face of Coalition Development and Outreach at CADCA | CADCA","description":"CADCA represents over 5,000 community coalitions that involve individuals from key sectors including schools, law enforcement, youth, parents, healthcare, media, tribal communities and others","robots":{"index":"index","follow":"follow","max-snippet":"max-snippet:-1","max-image-preview":"max-image-preview:large","max-video-preview":"max-video-preview:-1"},"canonical":"https:\/\/www.cadca.org\/es\/blog\/the-new-face-of-coalition-development-and-outreach-at-cadca\/","og_locale":"es_ES","og_type":"article","og_title":"The New Face of Coalition Development and Outreach at CADCA | CADCA","og_description":"CADCA represents over 5,000 community coalitions that involve individuals from key sectors including schools, law enforcement, youth, parents, healthcare, media, tribal communities and others","og_url":"https:\/\/www.cadca.org\/es\/blog\/the-new-face-of-coalition-development-and-outreach-at-cadca\/","og_site_name":"CADCA","article_published_time":"2020-08-12T00:00:00+00:00","og_image":[{"width":1200,"height":900,"url":"https:\/\/www.cadca.org\/wp-content\/uploads\/2022\/12\/cdfy-mini_safe_kids_day-2018.jpg","type":"image\/jpeg"}],"author":"Marianne Varkiani","twitter_card":"summary_large_image","twitter_misc":{"Escrito por":"Marianne Varkiani","Tiempo de lectura":"4 minutos"},"schema":{"@context":"https:\/\/schema.org","@graph":[{"@type":"Article","@id":"https:\/\/www.cadca.org\/blog\/the-new-face-of-coalition-development-and-outreach-at-cadca\/#article","isPartOf":{"@id":"https:\/\/www.cadca.org\/blog\/the-new-face-of-coalition-development-and-outreach-at-cadca\/"},"author":{"name":"Marianne Varkiani","@id":"https:\/\/www.cadca.org\/#\/schema\/person\/8e6cb67aa13c20300a849b431c929dd2"},"headline":"The New Face of Coalition Development and Outreach at CADCA","datePublished":"2020-08-12T00:00:00+00:00","mainEntityOfPage":{"@id":"https:\/\/www.cadca.org\/blog\/the-new-face-of-coalition-development-and-outreach-at-cadca\/"},"wordCount":715,"image":{"@id":"https:\/\/www.cadca.org\/blog\/the-new-face-of-coalition-development-and-outreach-at-cadca\/#primaryimage"},"thumbnailUrl":"https:\/\/www.cadca.org\/wp-content\/uploads\/2022\/12\/cdfy-mini_safe_kids_day-2018.jpg","articleSection":["Blog"],"inLanguage":"es"},{"@type":"WebPage","@id":"https:\/\/www.cadca.org\/blog\/the-new-face-of-coalition-development-and-outreach-at-cadca\/","url":"https:\/\/www.cadca.org\/blog\/the-new-face-of-coalition-development-and-outreach-at-cadca\/","name":"The New Face of Coalition Development and Outreach at CADCA | CADCA","isPartOf":{"@id":"https:\/\/www.cadca.org\/#website"},"primaryImageOfPage":{"@id":"https:\/\/www.cadca.org\/blog\/the-new-face-of-coalition-development-and-outreach-at-cadca\/#primaryimage"},"image":{"@id":"https:\/\/www.cadca.org\/blog\/the-new-face-of-coalition-development-and-outreach-at-cadca\/#primaryimage"},"thumbnailUrl":"https:\/\/www.cadca.org\/wp-content\/uploads\/2022\/12\/cdfy-mini_safe_kids_day-2018.jpg","datePublished":"2020-08-12T00:00:00+00:00","author":{"@id":"https:\/\/www.cadca.org\/#\/schema\/person\/8e6cb67aa13c20300a849b431c929dd2"},"description":"CADCA represents over 5,000 community coalitions that involve individuals from key sectors including schools, law enforcement, youth, parents, healthcare, media, tribal communities and others","breadcrumb":{"@id":"https:\/\/www.cadca.org\/blog\/the-new-face-of-coalition-development-and-outreach-at-cadca\/#breadcrumb"},"inLanguage":"es","potentialAction":[{"@type":"ReadAction","target":["https:\/\/www.cadca.org\/blog\/the-new-face-of-coalition-development-and-outreach-at-cadca\/"]}]},{"@type":"ImageObject","inLanguage":"es","@id":"https:\/\/www.cadca.org\/blog\/the-new-face-of-coalition-development-and-outreach-at-cadca\/#primaryimage","url":"https:\/\/www.cadca.org\/wp-content\/uploads\/2022\/12\/cdfy-mini_safe_kids_day-2018.jpg","contentUrl":"https:\/\/www.cadca.org\/wp-content\/uploads\/2022\/12\/cdfy-mini_safe_kids_day-2018.jpg","width":1200,"height":900},{"@type":"BreadcrumbList","@id":"https:\/\/www.cadca.org\/blog\/the-new-face-of-coalition-development-and-outreach-at-cadca\/#breadcrumb","itemListElement":[{"@type":"ListItem","position":1,"name":"Home","item":"https:\/\/www.cadca.org\/"},{"@type":"ListItem","position":2,"name":"The New Face of Coalition Development and Outreach at CADCA"}]},{"@type":"WebSite","@id":"https:\/\/www.cadca.org\/#website","url":"https:\/\/www.cadca.org\/","name":"CADCA","description":"The Premier Prevention Association","potentialAction":[{"@type":"SearchAction","target":{"@type":"EntryPoint","urlTemplate":"https:\/\/www.cadca.org\/?s={search_term_string}"},"query-input":{"@type":"PropertyValueSpecification","valueRequired":true,"valueName":"search_term_string"}}],"inLanguage":"es"},{"@type":"Person","@id":"https:\/\/www.cadca.org\/#\/schema\/person\/8e6cb67aa13c20300a849b431c929dd2","name":"Marianne Varkiani"}]}},"_links":{"self":[{"href":"https:\/\/www.cadca.org\/es\/wp-json\/wp\/v2\/posts\/18037","targetHints":{"allow":["GET"]}}],"collection":[{"href":"https:\/\/www.cadca.org\/es\/wp-json\/wp\/v2\/posts"}],"about":[{"href":"https:\/\/www.cadca.org\/es\/wp-json\/wp\/v2\/types\/post"}],"author":[{"embeddable":true,"href":"https:\/\/www.cadca.org\/es\/wp-json\/wp\/v2\/users\/23"}],"replies":[{"embeddable":true,"href":"https:\/\/www.cadca.org\/es\/wp-json\/wp\/v2\/comments?post=18037"}],"version-history":[{"count":0,"href":"https:\/\/www.cadca.org\/es\/wp-json\/wp\/v2\/posts\/18037\/revisions"}],"wp:featuredmedia":[{"embeddable":true,"href":"https:\/\/www.cadca.org\/es\/wp-json\/wp\/v2\/media\/12528"}],"wp:attachment":[{"href":"https:\/\/www.cadca.org\/es\/wp-json\/wp\/v2\/media?parent=18037"}],"wp:term":[{"taxonomy":"category","embeddable":true,"href":"https:\/\/www.cadca.org\/es\/wp-json\/wp\/v2\/categories?post=18037"},{"taxonomy":"post_tag","embeddable":true,"href":"https:\/\/www.cadca.org\/es\/wp-json\/wp\/v2\/tags?post=18037"}],"curies":[{"name":"wp","href":"https:\/\/api.w.org\/{rel}","templated":true}]}}