{"id":18030,"date":"2021-03-10T00:00:00","date_gmt":"2021-03-10T00:00:00","guid":{"rendered":"https:\/\/cadca1stg.wpengine.com\/2021\/03\/10\/cadcas-vp-of-communications-and-meetings-reflects-on-training-in-a-global-pandemic\/"},"modified":"2021-03-10T00:00:00","modified_gmt":"2021-03-10T00:00:00","slug":"cadcas-vp-of-communications-and-meetings-reflects-on-training-in-a-global-pandemic","status":"publish","type":"post","link":"https:\/\/www.cadca.org\/es\/blog\/cadcas-vp-of-communications-and-meetings-reflects-on-training-in-a-global-pandemic\/","title":{"rendered":"VP de Comunicaciones y Reuniones de CADCA reflexiona sobre la formaci\u00f3n en una pandemia global"},"content":{"rendered":"<p>Este verano, CADCA acoger\u00e1 la 20<sup>el<\/sup> Instituto Anual de Capacitaci\u00f3n de Mitad de A\u00f1o. Como vicepresidente de Comunicaciones y Reuniones de CADCA, tengo una perspectiva \u00fanica sobre los eventos de nuestra organizaci\u00f3n, incluidos nuestros esfuerzos para continuar organizando eventos de capacitaci\u00f3n exclusivos en medio de la pandemia global de COVID-19.\u00a0<\/p>\n<p>El a\u00f1o pasado por estas fechas, CADCA acababa de completar nuestros 30<sup>el<\/sup> Foro Anual de Liderazgo Nacional, celebrado en persona en el Gaylord National Resort and Convention Center en National Harbor, Maryland. Mientras nos prepar\u00e1bamos para organizar nuestro pr\u00f3ximo evento en persona, el Instituto de Capacitaci\u00f3n de Mitad de A\u00f1o en Nashville, Tennessee, vimos c\u00f3mo la pandemia de COVID-19 se apoderaba de nuestra naci\u00f3n y tomamos la dif\u00edcil decisi\u00f3n de pasar r\u00e1pidamente de un evento en persona a uno en l\u00ednea. Experiencia de entrenamiento.<\/p>\n<p>Si bien est\u00e1bamos seguros de que nuestra red de defensores de la prevenci\u00f3n abordar\u00eda esta experiencia con entusiasmo y una mentalidad positiva, quedamos realmente asombrados por el apoyo que recibimos del campo. En total, casi 3000 profesionales de la prevenci\u00f3n del abuso de sustancias, socios federales y corporativos y defensores de la comunidad se unieron a nosotros mientras naveg\u00e1bamos por el panorama de la capacitaci\u00f3n virtual por primera vez.<\/p>\n<p>Casi un a\u00f1o despu\u00e9s, acabamos de completar nuestro segundo evento de capacitaci\u00f3n virtual exclusivo y nos estamos preparando para el tercero: el Instituto de capacitaci\u00f3n de mitad de a\u00f1o de este a\u00f1o. Al recordar el a\u00f1o pasado, me sorprende un abrumador sentimiento de gratitud hacia aquellos de ustedes que hicieron posible mi trabajo. Sin su compromiso incansable de mejorar sus comunidades a trav\u00e9s de capacitaci\u00f3n en prevenci\u00f3n del uso y uso indebido de sustancias, incluso cuando colectivamente sentimos el gran impacto de la pandemia, el movimiento de prevenci\u00f3n se habr\u00eda estancado.<\/p>\n<p>Sus incansables esfuerzos han proporcionado el combustible para que comunidades de todo el mundo se mantengan seguras, saludables y libres de drogas. Si bien nos vimos obligados a distanciarnos f\u00edsicamente unos de otros, cada uno de ustedes se comprometi\u00f3 a servir a una comunidad que no pod\u00eda ver en persona.<\/p>\n<p>Mientras esperamos con ansias el 11 al 15 de julio de 2021 para nuestro 20<sup>el<\/sup> Instituto Anual de Capacitaci\u00f3n de Mitad de A\u00f1o, es tan apropiado que el tema de este a\u00f1o sea &quot;Todos los d\u00edas CADCA capacita: l\u00edderes de coaliciones comunitarias&quot;. Este evento servir\u00e1 como una oportunidad para que CADCA celebre su liderazgo y aproveche las habilidades de prevenci\u00f3n que aporta a sus comunidades cada d\u00eda. Adem\u00e1s, le dar\u00e1 a nuestro campo la oportunidad de reflexionar sobre los \u00faltimos 20 a\u00f1os de este incre\u00edble evento de capacitaci\u00f3n exclusivo y un plan para construir sostenibilidad que nos lleve a lo largo de los pr\u00f3ximos 20 a\u00f1os de trabajo de prevenci\u00f3n del uso y uso indebido de sustancias en comunidades de todo el mundo.<\/p>\n<p>Estoy seguro de que cualquiera que participe en esta experiencia saldr\u00e1 de mitad de a\u00f1o con las estrategias, recursos y conexiones para revitalizar su trabajo. Estoy igualmente seguro de que, cuando recuerde esta experiencia dentro de un a\u00f1o, volver\u00e9 a sentir una abrumadora sensaci\u00f3n de gratitud hacia aquellos de ustedes que hicieron <strong>CADCA 20<sup>el<\/sup> Instituto Anual de Capacitaci\u00f3n de Mitad de A\u00f1o<\/strong> posible.<\/p>\n<p>Nos vemos en julio<\/p>\n<p><strong>Ang\u00e9lica Wilkins<\/strong><\/p>\n<p>Vicepresidente, Comunicaciones y Reuniones<\/p>","protected":false},"excerpt":{"rendered":"<p>Este verano, CADCA ser\u00e1 el anfitri\u00f3n del 20\u00ba Instituto Anual de Capacitaci\u00f3n de Mitad de A\u00f1o. Como Vicepresidente de Comunicaciones y Reuniones de CADCA,<\/p>","protected":false},"author":23,"featured_media":2282,"comment_status":"closed","ping_status":"closed","sticky":false,"template":"","format":"standard","meta":{"_acf_changed":false,"inline_featured_image":false,"footnotes":""},"categories":[219],"tags":[],"class_list":["post-18030","post","type-post","status-publish","format-standard","has-post-thumbnail","hentry","category-blog"],"acf":[],"yoast_head":"<!-- This site is optimized with the Yoast SEO plugin v27.4 - https:\/\/yoast.com\/product\/yoast-seo-wordpress\/ -->\n<title>CADCA&#039;s VP of Communications and Meetings Reflects on Training in a Global Pandemic | CADCA<\/title>\n<meta name=\"description\" content=\"CADCA represents over 5,000 community coalitions that involve individuals from key sectors including schools, law enforcement, youth, parents, healthcare, media, tribal communities and others\" \/>\n<meta name=\"robots\" content=\"index, follow, max-snippet:-1, max-image-preview:large, max-video-preview:-1\" \/>\n<link rel=\"canonical\" href=\"https:\/\/www.cadca.org\/es\/blog\/cadcas-vp-of-communications-and-meetings-reflects-on-training-in-a-global-pandemic\/\" \/>\n<meta property=\"og:locale\" content=\"es_ES\" \/>\n<meta property=\"og:type\" content=\"article\" \/>\n<meta property=\"og:title\" content=\"CADCA&#039;s VP of Communications and Meetings Reflects on Training in a Global Pandemic | CADCA\" \/>\n<meta property=\"og:description\" content=\"CADCA represents over 5,000 community coalitions that involve individuals from key sectors including schools, law enforcement, youth, parents, healthcare, media, tribal communities and others\" \/>\n<meta property=\"og:url\" content=\"https:\/\/www.cadca.org\/es\/blog\/cadcas-vp-of-communications-and-meetings-reflects-on-training-in-a-global-pandemic\/\" \/>\n<meta property=\"og:site_name\" content=\"CADCA\" \/>\n<meta property=\"article:published_time\" content=\"2021-03-10T00:00:00+00:00\" \/>\n<meta property=\"og:image\" content=\"https:\/\/www.cadca.org\/wp-content\/uploads\/2022\/03\/gold_banners-625x532-1.jpg\" \/>\n\t<meta property=\"og:image:width\" content=\"625\" \/>\n\t<meta property=\"og:image:height\" content=\"532\" \/>\n\t<meta property=\"og:image:type\" content=\"image\/jpeg\" \/>\n<meta name=\"author\" content=\"Marianne Varkiani\" \/>\n<meta name=\"twitter:card\" content=\"summary_large_image\" \/>\n<meta name=\"twitter:label1\" content=\"Escrito por\" \/>\n\t<meta name=\"twitter:data1\" content=\"Marianne Varkiani\" \/>\n\t<meta name=\"twitter:label2\" content=\"Tiempo de lectura\" \/>\n\t<meta name=\"twitter:data2\" content=\"2 minutos\" \/>\n<script type=\"application\/ld+json\" class=\"yoast-schema-graph\">{\"@context\":\"https:\\\/\\\/schema.org\",\"@graph\":[{\"@type\":\"Article\",\"@id\":\"https:\\\/\\\/www.cadca.org\\\/blog\\\/cadcas-vp-of-communications-and-meetings-reflects-on-training-in-a-global-pandemic\\\/#article\",\"isPartOf\":{\"@id\":\"https:\\\/\\\/www.cadca.org\\\/blog\\\/cadcas-vp-of-communications-and-meetings-reflects-on-training-in-a-global-pandemic\\\/\"},\"author\":{\"name\":\"Marianne Varkiani\",\"@id\":\"https:\\\/\\\/www.cadca.org\\\/#\\\/schema\\\/person\\\/8e6cb67aa13c20300a849b431c929dd2\"},\"headline\":\"CADCA&#8217;s VP of Communications and Meetings Reflects on Training in a Global Pandemic\",\"datePublished\":\"2021-03-10T00:00:00+00:00\",\"mainEntityOfPage\":{\"@id\":\"https:\\\/\\\/www.cadca.org\\\/blog\\\/cadcas-vp-of-communications-and-meetings-reflects-on-training-in-a-global-pandemic\\\/\"},\"wordCount\":492,\"image\":{\"@id\":\"https:\\\/\\\/www.cadca.org\\\/blog\\\/cadcas-vp-of-communications-and-meetings-reflects-on-training-in-a-global-pandemic\\\/#primaryimage\"},\"thumbnailUrl\":\"https:\\\/\\\/www.cadca.org\\\/wp-content\\\/uploads\\\/2022\\\/03\\\/gold_banners-625x532-1.jpg\",\"articleSection\":[\"Blog\"],\"inLanguage\":\"es\"},{\"@type\":\"WebPage\",\"@id\":\"https:\\\/\\\/www.cadca.org\\\/blog\\\/cadcas-vp-of-communications-and-meetings-reflects-on-training-in-a-global-pandemic\\\/\",\"url\":\"https:\\\/\\\/www.cadca.org\\\/blog\\\/cadcas-vp-of-communications-and-meetings-reflects-on-training-in-a-global-pandemic\\\/\",\"name\":\"CADCA's VP of Communications and Meetings Reflects on Training in a Global Pandemic | CADCA\",\"isPartOf\":{\"@id\":\"https:\\\/\\\/www.cadca.org\\\/#website\"},\"primaryImageOfPage\":{\"@id\":\"https:\\\/\\\/www.cadca.org\\\/blog\\\/cadcas-vp-of-communications-and-meetings-reflects-on-training-in-a-global-pandemic\\\/#primaryimage\"},\"image\":{\"@id\":\"https:\\\/\\\/www.cadca.org\\\/blog\\\/cadcas-vp-of-communications-and-meetings-reflects-on-training-in-a-global-pandemic\\\/#primaryimage\"},\"thumbnailUrl\":\"https:\\\/\\\/www.cadca.org\\\/wp-content\\\/uploads\\\/2022\\\/03\\\/gold_banners-625x532-1.jpg\",\"datePublished\":\"2021-03-10T00:00:00+00:00\",\"author\":{\"@id\":\"https:\\\/\\\/www.cadca.org\\\/#\\\/schema\\\/person\\\/8e6cb67aa13c20300a849b431c929dd2\"},\"description\":\"CADCA represents over 5,000 community coalitions that involve individuals from key sectors including schools, law enforcement, youth, parents, healthcare, media, tribal communities and others\",\"breadcrumb\":{\"@id\":\"https:\\\/\\\/www.cadca.org\\\/blog\\\/cadcas-vp-of-communications-and-meetings-reflects-on-training-in-a-global-pandemic\\\/#breadcrumb\"},\"inLanguage\":\"es\",\"potentialAction\":[{\"@type\":\"ReadAction\",\"target\":[\"https:\\\/\\\/www.cadca.org\\\/blog\\\/cadcas-vp-of-communications-and-meetings-reflects-on-training-in-a-global-pandemic\\\/\"]}]},{\"@type\":\"ImageObject\",\"inLanguage\":\"es\",\"@id\":\"https:\\\/\\\/www.cadca.org\\\/blog\\\/cadcas-vp-of-communications-and-meetings-reflects-on-training-in-a-global-pandemic\\\/#primaryimage\",\"url\":\"https:\\\/\\\/www.cadca.org\\\/wp-content\\\/uploads\\\/2022\\\/03\\\/gold_banners-625x532-1.jpg\",\"contentUrl\":\"https:\\\/\\\/www.cadca.org\\\/wp-content\\\/uploads\\\/2022\\\/03\\\/gold_banners-625x532-1.jpg\",\"width\":625,\"height\":532},{\"@type\":\"BreadcrumbList\",\"@id\":\"https:\\\/\\\/www.cadca.org\\\/blog\\\/cadcas-vp-of-communications-and-meetings-reflects-on-training-in-a-global-pandemic\\\/#breadcrumb\",\"itemListElement\":[{\"@type\":\"ListItem\",\"position\":1,\"name\":\"Home\",\"item\":\"https:\\\/\\\/www.cadca.org\\\/\"},{\"@type\":\"ListItem\",\"position\":2,\"name\":\"CADCA&#8217;s VP of Communications and Meetings Reflects on Training in a Global Pandemic\"}]},{\"@type\":\"WebSite\",\"@id\":\"https:\\\/\\\/www.cadca.org\\\/#website\",\"url\":\"https:\\\/\\\/www.cadca.org\\\/\",\"name\":\"CADCA\",\"description\":\"The Premier Prevention Association\",\"potentialAction\":[{\"@type\":\"SearchAction\",\"target\":{\"@type\":\"EntryPoint\",\"urlTemplate\":\"https:\\\/\\\/www.cadca.org\\\/?s={search_term_string}\"},\"query-input\":{\"@type\":\"PropertyValueSpecification\",\"valueRequired\":true,\"valueName\":\"search_term_string\"}}],\"inLanguage\":\"es\"},{\"@type\":\"Person\",\"@id\":\"https:\\\/\\\/www.cadca.org\\\/#\\\/schema\\\/person\\\/8e6cb67aa13c20300a849b431c929dd2\",\"name\":\"Marianne Varkiani\"}]}<\/script>\n<!-- \/ Yoast SEO plugin. -->","yoast_head_json":{"title":"CADCA's VP of Communications and Meetings Reflects on Training in a Global Pandemic | CADCA","description":"CADCA represents over 5,000 community coalitions that involve individuals from key sectors including schools, law enforcement, youth, parents, healthcare, media, tribal communities and others","robots":{"index":"index","follow":"follow","max-snippet":"max-snippet:-1","max-image-preview":"max-image-preview:large","max-video-preview":"max-video-preview:-1"},"canonical":"https:\/\/www.cadca.org\/es\/blog\/cadcas-vp-of-communications-and-meetings-reflects-on-training-in-a-global-pandemic\/","og_locale":"es_ES","og_type":"article","og_title":"CADCA's VP of Communications and Meetings Reflects on Training in a Global Pandemic | CADCA","og_description":"CADCA represents over 5,000 community coalitions that involve individuals from key sectors including schools, law enforcement, youth, parents, healthcare, media, tribal communities and others","og_url":"https:\/\/www.cadca.org\/es\/blog\/cadcas-vp-of-communications-and-meetings-reflects-on-training-in-a-global-pandemic\/","og_site_name":"CADCA","article_published_time":"2021-03-10T00:00:00+00:00","og_image":[{"width":625,"height":532,"url":"https:\/\/www.cadca.org\/wp-content\/uploads\/2022\/03\/gold_banners-625x532-1.jpg","type":"image\/jpeg"}],"author":"Marianne Varkiani","twitter_card":"summary_large_image","twitter_misc":{"Escrito por":"Marianne Varkiani","Tiempo de lectura":"2 minutos"},"schema":{"@context":"https:\/\/schema.org","@graph":[{"@type":"Article","@id":"https:\/\/www.cadca.org\/blog\/cadcas-vp-of-communications-and-meetings-reflects-on-training-in-a-global-pandemic\/#article","isPartOf":{"@id":"https:\/\/www.cadca.org\/blog\/cadcas-vp-of-communications-and-meetings-reflects-on-training-in-a-global-pandemic\/"},"author":{"name":"Marianne Varkiani","@id":"https:\/\/www.cadca.org\/#\/schema\/person\/8e6cb67aa13c20300a849b431c929dd2"},"headline":"CADCA&#8217;s VP of Communications and Meetings Reflects on Training in a Global Pandemic","datePublished":"2021-03-10T00:00:00+00:00","mainEntityOfPage":{"@id":"https:\/\/www.cadca.org\/blog\/cadcas-vp-of-communications-and-meetings-reflects-on-training-in-a-global-pandemic\/"},"wordCount":492,"image":{"@id":"https:\/\/www.cadca.org\/blog\/cadcas-vp-of-communications-and-meetings-reflects-on-training-in-a-global-pandemic\/#primaryimage"},"thumbnailUrl":"https:\/\/www.cadca.org\/wp-content\/uploads\/2022\/03\/gold_banners-625x532-1.jpg","articleSection":["Blog"],"inLanguage":"es"},{"@type":"WebPage","@id":"https:\/\/www.cadca.org\/blog\/cadcas-vp-of-communications-and-meetings-reflects-on-training-in-a-global-pandemic\/","url":"https:\/\/www.cadca.org\/blog\/cadcas-vp-of-communications-and-meetings-reflects-on-training-in-a-global-pandemic\/","name":"CADCA's VP of Communications and Meetings Reflects on Training in a Global Pandemic | CADCA","isPartOf":{"@id":"https:\/\/www.cadca.org\/#website"},"primaryImageOfPage":{"@id":"https:\/\/www.cadca.org\/blog\/cadcas-vp-of-communications-and-meetings-reflects-on-training-in-a-global-pandemic\/#primaryimage"},"image":{"@id":"https:\/\/www.cadca.org\/blog\/cadcas-vp-of-communications-and-meetings-reflects-on-training-in-a-global-pandemic\/#primaryimage"},"thumbnailUrl":"https:\/\/www.cadca.org\/wp-content\/uploads\/2022\/03\/gold_banners-625x532-1.jpg","datePublished":"2021-03-10T00:00:00+00:00","author":{"@id":"https:\/\/www.cadca.org\/#\/schema\/person\/8e6cb67aa13c20300a849b431c929dd2"},"description":"CADCA represents over 5,000 community coalitions that involve individuals from key sectors including schools, law enforcement, youth, parents, healthcare, media, tribal communities and others","breadcrumb":{"@id":"https:\/\/www.cadca.org\/blog\/cadcas-vp-of-communications-and-meetings-reflects-on-training-in-a-global-pandemic\/#breadcrumb"},"inLanguage":"es","potentialAction":[{"@type":"ReadAction","target":["https:\/\/www.cadca.org\/blog\/cadcas-vp-of-communications-and-meetings-reflects-on-training-in-a-global-pandemic\/"]}]},{"@type":"ImageObject","inLanguage":"es","@id":"https:\/\/www.cadca.org\/blog\/cadcas-vp-of-communications-and-meetings-reflects-on-training-in-a-global-pandemic\/#primaryimage","url":"https:\/\/www.cadca.org\/wp-content\/uploads\/2022\/03\/gold_banners-625x532-1.jpg","contentUrl":"https:\/\/www.cadca.org\/wp-content\/uploads\/2022\/03\/gold_banners-625x532-1.jpg","width":625,"height":532},{"@type":"BreadcrumbList","@id":"https:\/\/www.cadca.org\/blog\/cadcas-vp-of-communications-and-meetings-reflects-on-training-in-a-global-pandemic\/#breadcrumb","itemListElement":[{"@type":"ListItem","position":1,"name":"Home","item":"https:\/\/www.cadca.org\/"},{"@type":"ListItem","position":2,"name":"CADCA&#8217;s VP of Communications and Meetings Reflects on Training in a Global Pandemic"}]},{"@type":"WebSite","@id":"https:\/\/www.cadca.org\/#website","url":"https:\/\/www.cadca.org\/","name":"CADCA","description":"The Premier Prevention Association","potentialAction":[{"@type":"SearchAction","target":{"@type":"EntryPoint","urlTemplate":"https:\/\/www.cadca.org\/?s={search_term_string}"},"query-input":{"@type":"PropertyValueSpecification","valueRequired":true,"valueName":"search_term_string"}}],"inLanguage":"es"},{"@type":"Person","@id":"https:\/\/www.cadca.org\/#\/schema\/person\/8e6cb67aa13c20300a849b431c929dd2","name":"Marianne Varkiani"}]}},"_links":{"self":[{"href":"https:\/\/www.cadca.org\/es\/wp-json\/wp\/v2\/posts\/18030","targetHints":{"allow":["GET"]}}],"collection":[{"href":"https:\/\/www.cadca.org\/es\/wp-json\/wp\/v2\/posts"}],"about":[{"href":"https:\/\/www.cadca.org\/es\/wp-json\/wp\/v2\/types\/post"}],"author":[{"embeddable":true,"href":"https:\/\/www.cadca.org\/es\/wp-json\/wp\/v2\/users\/23"}],"replies":[{"embeddable":true,"href":"https:\/\/www.cadca.org\/es\/wp-json\/wp\/v2\/comments?post=18030"}],"version-history":[{"count":0,"href":"https:\/\/www.cadca.org\/es\/wp-json\/wp\/v2\/posts\/18030\/revisions"}],"wp:featuredmedia":[{"embeddable":true,"href":"https:\/\/www.cadca.org\/es\/wp-json\/wp\/v2\/media\/2282"}],"wp:attachment":[{"href":"https:\/\/www.cadca.org\/es\/wp-json\/wp\/v2\/media?parent=18030"}],"wp:term":[{"taxonomy":"category","embeddable":true,"href":"https:\/\/www.cadca.org\/es\/wp-json\/wp\/v2\/categories?post=18030"},{"taxonomy":"post_tag","embeddable":true,"href":"https:\/\/www.cadca.org\/es\/wp-json\/wp\/v2\/tags?post=18030"}],"curies":[{"name":"wp","href":"https:\/\/api.w.org\/{rel}","templated":true}]}}