{"id":18028,"date":"2021-07-08T00:00:00","date_gmt":"2021-07-08T00:00:00","guid":{"rendered":"https:\/\/cadca1stg.wpengine.com\/2021\/07\/08\/welcoming-our-new-deputy-director-of-training-operations\/"},"modified":"2021-07-08T00:00:00","modified_gmt":"2021-07-08T00:00:00","slug":"welcoming-our-new-deputy-director-of-training-operations","status":"publish","type":"post","link":"https:\/\/www.cadca.org\/es\/blog\/welcoming-our-new-deputy-director-of-training-operations\/","title":{"rendered":"Dando la bienvenida a nuestro nuevo subdirector de operaciones de capacitaci\u00f3n"},"content":{"rendered":"<div class=\"OutlineElement Ltr SCXW76585134 BCX8\" style=\"margin: 0px; padding: 0px; user-select: text; -webkit-user-drag: none; -webkit-tap-highlight-color: transparent; overflow: visible; cursor: text; clear: both; position: relative; direction: ltr; color: rgb(0, 0, 0); font-family: \"segoe ui\", \"segoe ui web\", arial, verdana, sans-serif; font-size: 12px;\">\n<p class=\"Paragraph SCXW76585134 BCX8\" paraeid=\"{d7ac012d-97cb-4b76-b0b2-2a115d8acac5}{162}\" paraid=\"125991114\" style=\"margin: 0px; padding: 0px; user-select: text; -webkit-user-drag: none; -webkit-tap-highlight-color: transparent; overflow-wrap: break-word; vertical-align: baseline; font-kerning: none; background-color: transparent; color: windowtext;\"><span data-contrast=\"auto\" xml_lang=\"EN-US\">En<\/span>\u00a0CADCA (Coaliciones Comunitarias Antidrogas de Am\u00e9rica), reconocemos las necesidades \u00fanicas de cada comunidad en sus esfuerzos de prevenci\u00f3n y c\u00f3mo algunos enfoques no ser\u00e1n una soluci\u00f3n \u00fanica para todos. Es por eso que, adem\u00e1s de los eventos anuales y programas de capacitaci\u00f3n de CADCA, ofrecemos capacitaci\u00f3n y servicios personalizados para satisfacer las necesidades espec\u00edficas de su coalici\u00f3n. Recientemente, Gonzalo Cadima se uni\u00f3 al equipo de CADCA para apoyar este servicio como nuevo Subdirector de Operaciones de Capacitaci\u00f3n, donde supervisa Capacitaciones y Servicios Personalizados y la Iniciativa de Liderazgo Juvenil.\u00a0<\/p>\n<div class=\"OutlineElement Ltr  BCX8 SCXW238643752\" style=\"margin: 0px; padding: 0px; user-select: text; -webkit-user-drag: none; -webkit-tap-highlight-color: transparent; overflow: visible; cursor: text; clear: both; position: relative; direction: ltr; color: rgb(0, 0, 0); font-family: \"segoe ui\", \"segoe ui web\", arial, verdana, sans-serif; font-size: 12px;\">\n<div style=\"clear:both;\">\n<p paraeid=\"{ce857380-a7ad-4f5f-9ffe-6c5429e673ca}{22}\" paraid=\"992128509\"><span data-contrast=\"auto\" xml_lang=\"EN-US\">\u201cW<\/span>Desarrollamos capacitaci\u00f3n y servicios personalizados para coaliciones, por lo que tenemos la divertida tarea de ofrecer diferentes modalidades de capacitaci\u00f3n dependiendo de las necesidades de las comunidades. Esto nos brinda la oportunidad de ser receptivos e innovadores al apoyar nuestros esfuerzos de prevenci\u00f3n\u201d.\u00a0<\/p>\n<\/div>\n<div style=\"clear:both;\">\n<p paraeid=\"{ce857380-a7ad-4f5f-9ffe-6c5429e673ca}{80}\" paraid=\"208215691\"><span data-contrast=\"auto\" xml_lang=\"EN-US\">gonzalo\u00a0<\/span>Tiene una formaci\u00f3n que le permite conectarse especialmente y comprender la importancia del trabajo de coalici\u00f3n comunitaria. Antes de ocupar este puesto, trabaj\u00f3 con programas de prevenci\u00f3n del uso y mal uso de sustancias en varios niveles y administr\u00f3 los programas para j\u00f3venes de varias organizaciones. \u201cEmpec\u00e9 a trabajar en coaliciones hace unos nueve a\u00f1os y me gust\u00f3 mucho. Creo que es un buen enfoque para resolver problemas y como comenc\u00e9 a trabajar all\u00ed, me conect\u00e9 con CADCA. Dentro de mi coalici\u00f3n hubo interacci\u00f3n, comunicaci\u00f3n y admiraci\u00f3n por CADCA. As\u00ed fue como comenc\u00e9 a conocer la calidad de los productos, incluida la capacitaci\u00f3n, que ofrece CADCA\u201d.\u00a0<\/p>\n<\/div>\n<div style=\"clear:both;\">\n<p paraeid=\"{ce857380-a7ad-4f5f-9ffe-6c5429e673ca}{152}\" paraid=\"2045345060\"><span data-contrast=\"auto\" xml_lang=\"EN-US\">\u201cDesde que fui director de una de las coaliciones m\u00e1s antiguas del pa\u00eds, la Comisi\u00f3n de Broward sobre Salud Conductual y Prevenci\u00f3n de Drogas, lider\u00e9 esa coalici\u00f3n durante mucho tiempo.\u00a0<\/span>Me dio una perspectiva \u00fanica. Aprend\u00ed que hay que tener paciencia. Est\u00e1n sucediendo tantas cosas y creo que estar expuesto y liderar una coalici\u00f3n o ser miembro de una coalici\u00f3n realmente brinda una visi\u00f3n m\u00e1s realista de los desaf\u00edos del d\u00eda a d\u00eda y tambi\u00e9n de las victorias del d\u00eda a d\u00eda. .\u201d\u00a0<\/p>\n<\/div>\n<div style=\"clear:both;\">\n<p paraeid=\"{ce857380-a7ad-4f5f-9ffe-6c5429e673ca}{192}\" paraid=\"1476026503\"><span data-contrast=\"auto\" xml_lang=\"EN-US\">gonzalo\u00a0<\/span>Tambi\u00e9n destac\u00f3 los desaf\u00edos m\u00e1s amplios que cree que enfrentan las coaliciones hoy en d\u00eda: \u201cMuchos de los esfuerzos apuntan a las consecuencias, sin valorar realmente el sentido social y financiero que tiene la prevenci\u00f3n. Siempre es un desaf\u00edo estar frente a las partes interesadas de la comunidad, quienes est\u00e1n m\u00e1s motivadas a atender las consecuencias. A veces no est\u00e1n analizando cu\u00e1l es la causa ra\u00edz, por lo que debemos participar en la conversaci\u00f3n con muchos otros puntos de vista e intereses\u201d.\u00a0<\/p>\n<\/div>\n<div style=\"clear:both;\">\n<p paraeid=\"{d6348bb3-2c6f-4da6-95f2-dd2577f03594}{5}\" paraid=\"105498961\"><span data-contrast=\"auto\" xml_lang=\"EN-US\">gonzalo\u00a0<\/span>Tambi\u00e9n le apasiona incluir a los j\u00f3venes en los esfuerzos de prevenci\u00f3n. \u201cSon nuestro presente y nuestro futuro. Debemos incluirlos porque no podemos hacer nada sin ellos. Es decir, deben ser parte de todo lo que hacemos, porque estamos tratando de responder con ellos a sus necesidades; No conseguir que respondan a lo que vemos o a lo que pensamos. Este es un proceso colaborativo. Est\u00e1 impulsado por los j\u00f3venes, pero guiado por los adultos. Tiene direcci\u00f3n mientras intentamos centrarnos en todos esos aspectos positivos que aportan los j\u00f3venes, que son la positividad, la resiliencia, la adaptabilidad y la diversi\u00f3n; todos estos activos son muy naturales para ellos\u201d.\u00a0<\/p>\n<\/div>\n<div style=\"clear:both;\">\n<p paraeid=\"{d6348bb3-2c6f-4da6-95f2-dd2577f03594}{119}\" paraid=\"587843406\"><span data-contrast=\"auto\" xml_lang=\"EN-US\">En\u00a0<\/span>En su nuevo rol, Gonzalo trabajar\u00e1 para brindarles a los j\u00f3venes las habilidades, oportunidades y apoyo para marcar una diferencia en su comunidad.\u00a0<\/p>\n<\/div>\n<div style=\"clear:both;\">\n<p paraeid=\"{d6348bb3-2c6f-4da6-95f2-dd2577f03594}{147}\" paraid=\"837370752\"><span data-contrast=\"auto\" xml_lang=\"EN-US\">\u201c<\/span>Creo que tener una visi\u00f3n positiva de los j\u00f3venes tambi\u00e9n les permite explorar su potencial. A veces, todo lo que quieren y necesitan es que alguien apoye sus esfuerzos. Si no lo hacemos, no seremos eficaces\u201d.\u00a0<\/p>\n<\/div>\n<div style=\"clear:both;\">\n<p paraeid=\"{d6348bb3-2c6f-4da6-95f2-dd2577f03594}{167}\" paraid=\"882749584\"><span data-contrast=\"auto\" xml_lang=\"EN-US\">Pensando en el futuro,<\/span>\u00a0gonzalo\u00a0<span data-contrast=\"auto\" xml_lang=\"EN-US\">es optimista\u00a0<\/span>sobre el impacto que el trabajo de CADCA seguir\u00e1 teniendo en las comunidades, tanto a nivel nacional como internacional. \u201cMi esperanza es que sigamos siendo progresistas, sigamos mirando al futuro, lideremos el movimiento de prevenci\u00f3n y todo lo que ello conlleva. Eso significa aunar la ciencia, la conciencia y, sobre todo, la importancia que debe tener a todos los niveles. Si a esto le sumamos un contexto y un mundo tan cambiantes, tenemos que estar muy en contacto y adaptarnos a lo que estamos viviendo ahora y a lo que est\u00e1 por venir\u201d.\u00a0<\/p>\n<\/div>\n<div style=\"clear:both;\">\n<p paraeid=\"{d6348bb3-2c6f-4da6-95f2-dd2577f03594}{219}\" paraid=\"1359815421\"><span data-contrast=\"auto\" xml_lang=\"EN-US\">Contacta con Gonzalo Cadima por correo electr\u00f3nico a\u00a0<\/span><a href=\"mailto:gcadima@cadca.org\" rel=\"noreferrer noopener\" target=\"_blank\"><span data-contrast=\"none\" xml_lang=\"EN-US\"><span data-ccp-charstyle=\"Hyperlink\">gcadima@cadca.org<\/span><\/span><\/a><span data-contrast=\"auto\" xml_lang=\"EN-US\">\u00a0para obtener informaci\u00f3n sobre C<\/span>Entrenamientos personalizados y\u00a0<span data-contrast=\"auto\" xml_lang=\"EN-US\">Servicios<\/span>\u00a0y la Iniciativa de Liderazgo Juvenil.\u00a0<\/p>\n<\/div>\n<\/div>\n<\/div>","protected":false},"excerpt":{"rendered":"<p>At\u00a0CADCA (Community\u00a0Anti-Drug\u00a0Coalitions of America), we\u00a0recognize the unique needs of each community in their prevention efforts\u00a0and\u00a0how\u00a0some approaches\u00a0will\u00a0not\u00a0be\u00a0a one-solution-fits-all.\u00a0That is\u00a0why, in\u00a0addition to<\/p>","protected":false},"author":23,"featured_media":2278,"comment_status":"closed","ping_status":"closed","sticky":false,"template":"","format":"standard","meta":{"_acf_changed":false,"inline_featured_image":false,"footnotes":""},"categories":[219],"tags":[],"class_list":["post-18028","post","type-post","status-publish","format-standard","has-post-thumbnail","hentry","category-blog"],"acf":[],"yoast_head":"<!-- This site is optimized with the Yoast SEO plugin v27.4 - https:\/\/yoast.com\/product\/yoast-seo-wordpress\/ -->\n<title>Welcoming our New Deputy Director of Training Operations | CADCA<\/title>\n<meta name=\"description\" content=\"CADCA represents over 5,000 community coalitions that involve individuals from key sectors including schools, law enforcement, youth, parents, healthcare, media, tribal communities and others\" \/>\n<meta name=\"robots\" content=\"index, follow, max-snippet:-1, max-image-preview:large, max-video-preview:-1\" \/>\n<link rel=\"canonical\" href=\"https:\/\/www.cadca.org\/es\/blog\/welcoming-our-new-deputy-director-of-training-operations\/\" \/>\n<meta property=\"og:locale\" content=\"es_ES\" \/>\n<meta property=\"og:type\" content=\"article\" \/>\n<meta property=\"og:title\" content=\"Welcoming our New Deputy Director of Training Operations | CADCA\" \/>\n<meta property=\"og:description\" content=\"CADCA represents over 5,000 community coalitions that involve individuals from key sectors including schools, law enforcement, youth, parents, healthcare, media, tribal communities and others\" \/>\n<meta property=\"og:url\" content=\"https:\/\/www.cadca.org\/es\/blog\/welcoming-our-new-deputy-director-of-training-operations\/\" \/>\n<meta property=\"og:site_name\" content=\"CADCA\" \/>\n<meta property=\"article:published_time\" content=\"2021-07-08T00:00:00+00:00\" \/>\n<meta property=\"og:image\" content=\"https:\/\/www.cadca.org\/wp-content\/uploads\/2022\/03\/3daed04c-d265-497e-b003-a9d21fc187fb.jpg\" \/>\n\t<meta property=\"og:image:width\" content=\"551\" \/>\n\t<meta property=\"og:image:height\" content=\"800\" \/>\n\t<meta property=\"og:image:type\" content=\"image\/jpeg\" \/>\n<meta name=\"author\" content=\"Marianne Varkiani\" \/>\n<meta name=\"twitter:card\" content=\"summary_large_image\" \/>\n<meta name=\"twitter:label1\" content=\"Escrito por\" \/>\n\t<meta name=\"twitter:data1\" content=\"Marianne Varkiani\" \/>\n\t<meta name=\"twitter:label2\" content=\"Tiempo de lectura\" \/>\n\t<meta name=\"twitter:data2\" content=\"3 minutos\" \/>\n<script type=\"application\/ld+json\" class=\"yoast-schema-graph\">{\"@context\":\"https:\\\/\\\/schema.org\",\"@graph\":[{\"@type\":\"Article\",\"@id\":\"https:\\\/\\\/www.cadca.org\\\/blog\\\/welcoming-our-new-deputy-director-of-training-operations\\\/#article\",\"isPartOf\":{\"@id\":\"https:\\\/\\\/www.cadca.org\\\/blog\\\/welcoming-our-new-deputy-director-of-training-operations\\\/\"},\"author\":{\"name\":\"Marianne Varkiani\",\"@id\":\"https:\\\/\\\/www.cadca.org\\\/#\\\/schema\\\/person\\\/8e6cb67aa13c20300a849b431c929dd2\"},\"headline\":\"Welcoming our New Deputy Director of Training Operations\",\"datePublished\":\"2021-07-08T00:00:00+00:00\",\"mainEntityOfPage\":{\"@id\":\"https:\\\/\\\/www.cadca.org\\\/blog\\\/welcoming-our-new-deputy-director-of-training-operations\\\/\"},\"wordCount\":700,\"image\":{\"@id\":\"https:\\\/\\\/www.cadca.org\\\/blog\\\/welcoming-our-new-deputy-director-of-training-operations\\\/#primaryimage\"},\"thumbnailUrl\":\"https:\\\/\\\/www.cadca.org\\\/wp-content\\\/uploads\\\/2022\\\/03\\\/3daed04c-d265-497e-b003-a9d21fc187fb.jpg\",\"articleSection\":[\"Blog\"],\"inLanguage\":\"es\"},{\"@type\":\"WebPage\",\"@id\":\"https:\\\/\\\/www.cadca.org\\\/blog\\\/welcoming-our-new-deputy-director-of-training-operations\\\/\",\"url\":\"https:\\\/\\\/www.cadca.org\\\/blog\\\/welcoming-our-new-deputy-director-of-training-operations\\\/\",\"name\":\"Welcoming our New Deputy Director of Training Operations | CADCA\",\"isPartOf\":{\"@id\":\"https:\\\/\\\/www.cadca.org\\\/#website\"},\"primaryImageOfPage\":{\"@id\":\"https:\\\/\\\/www.cadca.org\\\/blog\\\/welcoming-our-new-deputy-director-of-training-operations\\\/#primaryimage\"},\"image\":{\"@id\":\"https:\\\/\\\/www.cadca.org\\\/blog\\\/welcoming-our-new-deputy-director-of-training-operations\\\/#primaryimage\"},\"thumbnailUrl\":\"https:\\\/\\\/www.cadca.org\\\/wp-content\\\/uploads\\\/2022\\\/03\\\/3daed04c-d265-497e-b003-a9d21fc187fb.jpg\",\"datePublished\":\"2021-07-08T00:00:00+00:00\",\"author\":{\"@id\":\"https:\\\/\\\/www.cadca.org\\\/#\\\/schema\\\/person\\\/8e6cb67aa13c20300a849b431c929dd2\"},\"description\":\"CADCA represents over 5,000 community coalitions that involve individuals from key sectors including schools, law enforcement, youth, parents, healthcare, media, tribal communities and others\",\"breadcrumb\":{\"@id\":\"https:\\\/\\\/www.cadca.org\\\/blog\\\/welcoming-our-new-deputy-director-of-training-operations\\\/#breadcrumb\"},\"inLanguage\":\"es\",\"potentialAction\":[{\"@type\":\"ReadAction\",\"target\":[\"https:\\\/\\\/www.cadca.org\\\/blog\\\/welcoming-our-new-deputy-director-of-training-operations\\\/\"]}]},{\"@type\":\"ImageObject\",\"inLanguage\":\"es\",\"@id\":\"https:\\\/\\\/www.cadca.org\\\/blog\\\/welcoming-our-new-deputy-director-of-training-operations\\\/#primaryimage\",\"url\":\"https:\\\/\\\/www.cadca.org\\\/wp-content\\\/uploads\\\/2022\\\/03\\\/3daed04c-d265-497e-b003-a9d21fc187fb.jpg\",\"contentUrl\":\"https:\\\/\\\/www.cadca.org\\\/wp-content\\\/uploads\\\/2022\\\/03\\\/3daed04c-d265-497e-b003-a9d21fc187fb.jpg\",\"width\":551,\"height\":800},{\"@type\":\"BreadcrumbList\",\"@id\":\"https:\\\/\\\/www.cadca.org\\\/blog\\\/welcoming-our-new-deputy-director-of-training-operations\\\/#breadcrumb\",\"itemListElement\":[{\"@type\":\"ListItem\",\"position\":1,\"name\":\"Home\",\"item\":\"https:\\\/\\\/www.cadca.org\\\/\"},{\"@type\":\"ListItem\",\"position\":2,\"name\":\"Welcoming our New Deputy Director of Training Operations\"}]},{\"@type\":\"WebSite\",\"@id\":\"https:\\\/\\\/www.cadca.org\\\/#website\",\"url\":\"https:\\\/\\\/www.cadca.org\\\/\",\"name\":\"CADCA\",\"description\":\"The Premier Prevention Association\",\"potentialAction\":[{\"@type\":\"SearchAction\",\"target\":{\"@type\":\"EntryPoint\",\"urlTemplate\":\"https:\\\/\\\/www.cadca.org\\\/?s={search_term_string}\"},\"query-input\":{\"@type\":\"PropertyValueSpecification\",\"valueRequired\":true,\"valueName\":\"search_term_string\"}}],\"inLanguage\":\"es\"},{\"@type\":\"Person\",\"@id\":\"https:\\\/\\\/www.cadca.org\\\/#\\\/schema\\\/person\\\/8e6cb67aa13c20300a849b431c929dd2\",\"name\":\"Marianne Varkiani\"}]}<\/script>\n<!-- \/ Yoast SEO plugin. -->","yoast_head_json":{"title":"Welcoming our New Deputy Director of Training Operations | CADCA","description":"CADCA represents over 5,000 community coalitions that involve individuals from key sectors including schools, law enforcement, youth, parents, healthcare, media, tribal communities and others","robots":{"index":"index","follow":"follow","max-snippet":"max-snippet:-1","max-image-preview":"max-image-preview:large","max-video-preview":"max-video-preview:-1"},"canonical":"https:\/\/www.cadca.org\/es\/blog\/welcoming-our-new-deputy-director-of-training-operations\/","og_locale":"es_ES","og_type":"article","og_title":"Welcoming our New Deputy Director of Training Operations | CADCA","og_description":"CADCA represents over 5,000 community coalitions that involve individuals from key sectors including schools, law enforcement, youth, parents, healthcare, media, tribal communities and others","og_url":"https:\/\/www.cadca.org\/es\/blog\/welcoming-our-new-deputy-director-of-training-operations\/","og_site_name":"CADCA","article_published_time":"2021-07-08T00:00:00+00:00","og_image":[{"width":551,"height":800,"url":"https:\/\/www.cadca.org\/wp-content\/uploads\/2022\/03\/3daed04c-d265-497e-b003-a9d21fc187fb.jpg","type":"image\/jpeg"}],"author":"Marianne Varkiani","twitter_card":"summary_large_image","twitter_misc":{"Escrito por":"Marianne Varkiani","Tiempo de lectura":"3 minutos"},"schema":{"@context":"https:\/\/schema.org","@graph":[{"@type":"Article","@id":"https:\/\/www.cadca.org\/blog\/welcoming-our-new-deputy-director-of-training-operations\/#article","isPartOf":{"@id":"https:\/\/www.cadca.org\/blog\/welcoming-our-new-deputy-director-of-training-operations\/"},"author":{"name":"Marianne Varkiani","@id":"https:\/\/www.cadca.org\/#\/schema\/person\/8e6cb67aa13c20300a849b431c929dd2"},"headline":"Welcoming our New Deputy Director of Training Operations","datePublished":"2021-07-08T00:00:00+00:00","mainEntityOfPage":{"@id":"https:\/\/www.cadca.org\/blog\/welcoming-our-new-deputy-director-of-training-operations\/"},"wordCount":700,"image":{"@id":"https:\/\/www.cadca.org\/blog\/welcoming-our-new-deputy-director-of-training-operations\/#primaryimage"},"thumbnailUrl":"https:\/\/www.cadca.org\/wp-content\/uploads\/2022\/03\/3daed04c-d265-497e-b003-a9d21fc187fb.jpg","articleSection":["Blog"],"inLanguage":"es"},{"@type":"WebPage","@id":"https:\/\/www.cadca.org\/blog\/welcoming-our-new-deputy-director-of-training-operations\/","url":"https:\/\/www.cadca.org\/blog\/welcoming-our-new-deputy-director-of-training-operations\/","name":"Welcoming our New Deputy Director of Training Operations | CADCA","isPartOf":{"@id":"https:\/\/www.cadca.org\/#website"},"primaryImageOfPage":{"@id":"https:\/\/www.cadca.org\/blog\/welcoming-our-new-deputy-director-of-training-operations\/#primaryimage"},"image":{"@id":"https:\/\/www.cadca.org\/blog\/welcoming-our-new-deputy-director-of-training-operations\/#primaryimage"},"thumbnailUrl":"https:\/\/www.cadca.org\/wp-content\/uploads\/2022\/03\/3daed04c-d265-497e-b003-a9d21fc187fb.jpg","datePublished":"2021-07-08T00:00:00+00:00","author":{"@id":"https:\/\/www.cadca.org\/#\/schema\/person\/8e6cb67aa13c20300a849b431c929dd2"},"description":"CADCA represents over 5,000 community coalitions that involve individuals from key sectors including schools, law enforcement, youth, parents, healthcare, media, tribal communities and others","breadcrumb":{"@id":"https:\/\/www.cadca.org\/blog\/welcoming-our-new-deputy-director-of-training-operations\/#breadcrumb"},"inLanguage":"es","potentialAction":[{"@type":"ReadAction","target":["https:\/\/www.cadca.org\/blog\/welcoming-our-new-deputy-director-of-training-operations\/"]}]},{"@type":"ImageObject","inLanguage":"es","@id":"https:\/\/www.cadca.org\/blog\/welcoming-our-new-deputy-director-of-training-operations\/#primaryimage","url":"https:\/\/www.cadca.org\/wp-content\/uploads\/2022\/03\/3daed04c-d265-497e-b003-a9d21fc187fb.jpg","contentUrl":"https:\/\/www.cadca.org\/wp-content\/uploads\/2022\/03\/3daed04c-d265-497e-b003-a9d21fc187fb.jpg","width":551,"height":800},{"@type":"BreadcrumbList","@id":"https:\/\/www.cadca.org\/blog\/welcoming-our-new-deputy-director-of-training-operations\/#breadcrumb","itemListElement":[{"@type":"ListItem","position":1,"name":"Home","item":"https:\/\/www.cadca.org\/"},{"@type":"ListItem","position":2,"name":"Welcoming our New Deputy Director of Training Operations"}]},{"@type":"WebSite","@id":"https:\/\/www.cadca.org\/#website","url":"https:\/\/www.cadca.org\/","name":"CADCA","description":"The Premier Prevention Association","potentialAction":[{"@type":"SearchAction","target":{"@type":"EntryPoint","urlTemplate":"https:\/\/www.cadca.org\/?s={search_term_string}"},"query-input":{"@type":"PropertyValueSpecification","valueRequired":true,"valueName":"search_term_string"}}],"inLanguage":"es"},{"@type":"Person","@id":"https:\/\/www.cadca.org\/#\/schema\/person\/8e6cb67aa13c20300a849b431c929dd2","name":"Marianne Varkiani"}]}},"_links":{"self":[{"href":"https:\/\/www.cadca.org\/es\/wp-json\/wp\/v2\/posts\/18028","targetHints":{"allow":["GET"]}}],"collection":[{"href":"https:\/\/www.cadca.org\/es\/wp-json\/wp\/v2\/posts"}],"about":[{"href":"https:\/\/www.cadca.org\/es\/wp-json\/wp\/v2\/types\/post"}],"author":[{"embeddable":true,"href":"https:\/\/www.cadca.org\/es\/wp-json\/wp\/v2\/users\/23"}],"replies":[{"embeddable":true,"href":"https:\/\/www.cadca.org\/es\/wp-json\/wp\/v2\/comments?post=18028"}],"version-history":[{"count":0,"href":"https:\/\/www.cadca.org\/es\/wp-json\/wp\/v2\/posts\/18028\/revisions"}],"wp:featuredmedia":[{"embeddable":true,"href":"https:\/\/www.cadca.org\/es\/wp-json\/wp\/v2\/media\/2278"}],"wp:attachment":[{"href":"https:\/\/www.cadca.org\/es\/wp-json\/wp\/v2\/media?parent=18028"}],"wp:term":[{"taxonomy":"category","embeddable":true,"href":"https:\/\/www.cadca.org\/es\/wp-json\/wp\/v2\/categories?post=18028"},{"taxonomy":"post_tag","embeddable":true,"href":"https:\/\/www.cadca.org\/es\/wp-json\/wp\/v2\/tags?post=18028"}],"curies":[{"name":"wp","href":"https:\/\/api.w.org\/{rel}","templated":true}]}}